{"id":658,"date":"2022-07-04T11:46:14","date_gmt":"2022-07-04T11:46:14","guid":{"rendered":"http:\/\/knjiznice.nsk.hr\/lepoglava\/?p=658"},"modified":"2022-07-04T12:02:48","modified_gmt":"2022-07-04T12:02:48","slug":"kreativne-radionice-tokom-mjeseca-srpnja","status":"publish","type":"post","link":"https:\/\/knjiznice.nsk.hr\/lepoglava\/2022\/07\/04\/kreativne-radionice-tokom-mjeseca-srpnja\/","title":{"rendered":"Kreativne radionice tokom mjeseca srpnja"},"content":{"rendered":"<p>U Gradskoj knji\u017enici tokom mjeseca srpnja odr\u017eat \u0107e se \u010detiri kreativne radionice za djecu. Zami\u0161ljene kroz ideju &#8220;Obojimo knji\u017enicu&#8221; djeca \u0107e se dru\u017eiti i zajedni\u010dkom suradnjom odraditi likovne i kreativne izazove. Ukoliko nas vrijeme poslu\u017ei sve \u0107e radionice biti odr\u017eane vani ispred knji\u017enice, pod na\u0161im prekrasnim drvetom katalpe. Dobne granice nema, svi su dobrodo\u0161li \u010detvrtkom u 17 sati. Zbog lak\u0161e organizacije molimo zainteresirane da se prijave na messenger knji\u017enice ili telefonski na 792-742. Veselimo se.<\/p>\n<p><a href=\"http:\/\/knjiznice.nsk.hr\/lepoglava\/plakat2\/\"><img loading=\"lazy\" class=\"alignnone size-medium wp-image-657\" src=\"http:\/\/knjiznice.nsk.hr\/lepoglava\/wp-content\/uploads\/sites\/22\/2022\/07\/plakat2-225x300.jpg\" alt=\"\" width=\"225\" height=\"300\" srcset=\"https:\/\/knjiznice.nsk.hr\/lepoglava\/wp-content\/uploads\/sites\/22\/2022\/07\/plakat2-225x300.jpg 225w, https:\/\/knjiznice.nsk.hr\/lepoglava\/wp-content\/uploads\/sites\/22\/2022\/07\/plakat2-768x1024.jpg 768w, https:\/\/knjiznice.nsk.hr\/lepoglava\/wp-content\/uploads\/sites\/22\/2022\/07\/plakat2-600x800.jpg 600w, https:\/\/knjiznice.nsk.hr\/lepoglava\/wp-content\/uploads\/sites\/22\/2022\/07\/plakat2.jpg 816w\" sizes=\"(max-width: 225px) 100vw, 225px\" \/><\/a><\/p>\n","protected":false},"excerpt":{"rendered":"<p>U Gradskoj knji\u017enici tokom mjeseca srpnja odr\u017eat \u0107e se \u010detiri kreativne radionice za djecu. Zami\u0161ljene kroz ideju &#8220;Obojimo knji\u017enicu&#8221; djeca \u0107e se dru\u017eiti i zajedni\u010dkom suradnjom odraditi likovne i kreativne izazove. Ukoliko nas vrijeme poslu\u017ei sve \u0107e radionice biti odr\u017eane vani ispred knji\u017enice, pod na\u0161im prekrasnim drvetom katalpe. Dobne granice nema, svi su dobrodo\u0161li \u010detvrtkom [&hellip;]<\/p>\n","protected":false},"author":18,"featured_media":0,"comment_status":"closed","ping_status":"closed","sticky":false,"template":"","format":"standard","meta":{"ngg_post_thumbnail":0},"categories":[1],"tags":[],"yoast_head":"<!-- This site is optimized with the Yoast SEO plugin v16.4 - https:\/\/yoast.com\/wordpress\/plugins\/seo\/ -->\n<meta name=\"robots\" content=\"index, follow, max-snippet:-1, max-image-preview:large, max-video-preview:-1\" \/>\n<link rel=\"canonical\" href=\"https:\/\/knjiznice.nsk.hr\/lepoglava\/2022\/07\/04\/kreativne-radionice-tokom-mjeseca-srpnja\/\" \/>\n<meta property=\"og:locale\" content=\"hr_HR\" \/>\n<meta property=\"og:type\" content=\"article\" \/>\n<meta property=\"og:title\" content=\"Kreativne radionice tokom mjeseca srpnja - Gradska knji\u017enica Ivana Belostenca Lepoglava\" \/>\n<meta property=\"og:description\" content=\"U Gradskoj knji\u017enici tokom mjeseca srpnja odr\u017eat \u0107e se \u010detiri kreativne radionice za djecu. Zami\u0161ljene kroz ideju &#8220;Obojimo knji\u017enicu&#8221; djeca \u0107e se dru\u017eiti i zajedni\u010dkom suradnjom odraditi likovne i kreativne izazove. Ukoliko nas vrijeme poslu\u017ei sve \u0107e radionice biti odr\u017eane vani ispred knji\u017enice, pod na\u0161im prekrasnim drvetom katalpe. Dobne granice nema, svi su dobrodo\u0161li \u010detvrtkom [&hellip;]\" \/>\n<meta property=\"og:url\" content=\"https:\/\/knjiznice.nsk.hr\/lepoglava\/2022\/07\/04\/kreativne-radionice-tokom-mjeseca-srpnja\/\" \/>\n<meta property=\"og:site_name\" content=\"Gradska knji\u017enica Ivana Belostenca Lepoglava\" \/>\n<meta property=\"article:published_time\" content=\"2022-07-04T11:46:14+00:00\" \/>\n<meta property=\"article:modified_time\" content=\"2022-07-04T12:02:48+00:00\" \/>\n<meta property=\"og:image\" content=\"http:\/\/knjiznice.nsk.hr\/lepoglava\/wp-content\/uploads\/sites\/22\/2022\/07\/plakat2-225x300.jpg\" \/>\n<meta name=\"twitter:label1\" content=\"Procijenjeno vrijeme \u010ditanja\" \/>\n\t<meta name=\"twitter:data1\" content=\"1 minuta\" \/>\n<script type=\"application\/ld+json\" class=\"yoast-schema-graph\">{\"@context\":\"https:\/\/schema.org\",\"@graph\":[{\"@type\":\"WebSite\",\"@id\":\"https:\/\/knjiznice.nsk.hr\/lepoglava\/#website\",\"url\":\"https:\/\/knjiznice.nsk.hr\/lepoglava\/\",\"name\":\"Gradska knji\\u017enica Ivana Belostenca Lepoglava\",\"description\":\"\",\"potentialAction\":[{\"@type\":\"SearchAction\",\"target\":\"https:\/\/knjiznice.nsk.hr\/lepoglava\/?s={search_term_string}\",\"query-input\":\"required name=search_term_string\"}],\"inLanguage\":\"hr\"},{\"@type\":\"ImageObject\",\"@id\":\"https:\/\/knjiznice.nsk.hr\/lepoglava\/2022\/07\/04\/kreativne-radionice-tokom-mjeseca-srpnja\/#primaryimage\",\"inLanguage\":\"hr\",\"url\":\"http:\/\/knjiznice.nsk.hr\/lepoglava\/wp-content\/uploads\/sites\/22\/2022\/07\/plakat2-225x300.jpg\",\"contentUrl\":\"http:\/\/knjiznice.nsk.hr\/lepoglava\/wp-content\/uploads\/sites\/22\/2022\/07\/plakat2-225x300.jpg\"},{\"@type\":\"WebPage\",\"@id\":\"https:\/\/knjiznice.nsk.hr\/lepoglava\/2022\/07\/04\/kreativne-radionice-tokom-mjeseca-srpnja\/#webpage\",\"url\":\"https:\/\/knjiznice.nsk.hr\/lepoglava\/2022\/07\/04\/kreativne-radionice-tokom-mjeseca-srpnja\/\",\"name\":\"Kreativne radionice tokom mjeseca srpnja - Gradska knji\\u017enica Ivana Belostenca Lepoglava\",\"isPartOf\":{\"@id\":\"https:\/\/knjiznice.nsk.hr\/lepoglava\/#website\"},\"primaryImageOfPage\":{\"@id\":\"https:\/\/knjiznice.nsk.hr\/lepoglava\/2022\/07\/04\/kreativne-radionice-tokom-mjeseca-srpnja\/#primaryimage\"},\"datePublished\":\"2022-07-04T11:46:14+00:00\",\"dateModified\":\"2022-07-04T12:02:48+00:00\",\"author\":{\"@id\":\"https:\/\/knjiznice.nsk.hr\/lepoglava\/#\/schema\/person\/14dc66f44641ce38deb763484749e42c\"},\"breadcrumb\":{\"@id\":\"https:\/\/knjiznice.nsk.hr\/lepoglava\/2022\/07\/04\/kreativne-radionice-tokom-mjeseca-srpnja\/#breadcrumb\"},\"inLanguage\":\"hr\",\"potentialAction\":[{\"@type\":\"ReadAction\",\"target\":[\"https:\/\/knjiznice.nsk.hr\/lepoglava\/2022\/07\/04\/kreativne-radionice-tokom-mjeseca-srpnja\/\"]}]},{\"@type\":\"BreadcrumbList\",\"@id\":\"https:\/\/knjiznice.nsk.hr\/lepoglava\/2022\/07\/04\/kreativne-radionice-tokom-mjeseca-srpnja\/#breadcrumb\",\"itemListElement\":[{\"@type\":\"ListItem\",\"position\":1,\"item\":{\"@type\":\"WebPage\",\"@id\":\"https:\/\/knjiznice.nsk.hr\/lepoglava\/\",\"url\":\"https:\/\/knjiznice.nsk.hr\/lepoglava\/\",\"name\":\"Po\\u010detna stranica\"}},{\"@type\":\"ListItem\",\"position\":2,\"item\":{\"@id\":\"https:\/\/knjiznice.nsk.hr\/lepoglava\/2022\/07\/04\/kreativne-radionice-tokom-mjeseca-srpnja\/#webpage\"}}]},{\"@type\":\"Person\",\"@id\":\"https:\/\/knjiznice.nsk.hr\/lepoglava\/#\/schema\/person\/14dc66f44641ce38deb763484749e42c\",\"name\":\"lepoglava\",\"image\":{\"@type\":\"ImageObject\",\"@id\":\"https:\/\/knjiznice.nsk.hr\/lepoglava\/#personlogo\",\"inLanguage\":\"hr\",\"url\":\"https:\/\/secure.gravatar.com\/avatar\/a086e8fce86c47181a4299685e5b101f?s=96&d=mm&r=g\",\"contentUrl\":\"https:\/\/secure.gravatar.com\/avatar\/a086e8fce86c47181a4299685e5b101f?s=96&d=mm&r=g\",\"caption\":\"lepoglava\"},\"url\":\"https:\/\/knjiznice.nsk.hr\/lepoglava\/\"}]}<\/script>\n<!-- \/ Yoast SEO plugin. -->","_links":{"self":[{"href":"https:\/\/knjiznice.nsk.hr\/lepoglava\/wp-json\/wp\/v2\/posts\/658"}],"collection":[{"href":"https:\/\/knjiznice.nsk.hr\/lepoglava\/wp-json\/wp\/v2\/posts"}],"about":[{"href":"https:\/\/knjiznice.nsk.hr\/lepoglava\/wp-json\/wp\/v2\/types\/post"}],"author":[{"embeddable":true,"href":"https:\/\/knjiznice.nsk.hr\/lepoglava\/wp-json\/wp\/v2\/users\/18"}],"replies":[{"embeddable":true,"href":"https:\/\/knjiznice.nsk.hr\/lepoglava\/wp-json\/wp\/v2\/comments?post=658"}],"version-history":[{"count":2,"href":"https:\/\/knjiznice.nsk.hr\/lepoglava\/wp-json\/wp\/v2\/posts\/658\/revisions"}],"predecessor-version":[{"id":660,"href":"https:\/\/knjiznice.nsk.hr\/lepoglava\/wp-json\/wp\/v2\/posts\/658\/revisions\/660"}],"wp:attachment":[{"href":"https:\/\/knjiznice.nsk.hr\/lepoglava\/wp-json\/wp\/v2\/media?parent=658"}],"wp:term":[{"taxonomy":"category","embeddable":true,"href":"https:\/\/knjiznice.nsk.hr\/lepoglava\/wp-json\/wp\/v2\/categories?post=658"},{"taxonomy":"post_tag","embeddable":true,"href":"https:\/\/knjiznice.nsk.hr\/lepoglava\/wp-json\/wp\/v2\/tags?post=658"}],"curies":[{"name":"wp","href":"https:\/\/api.w.org\/{rel}","templated":true}]}}