{"id":643,"date":"2022-06-21T10:22:01","date_gmt":"2022-06-21T10:22:01","guid":{"rendered":"http:\/\/knjiznice.nsk.hr\/lepoglava\/?p=643"},"modified":"2022-06-30T10:17:58","modified_gmt":"2022-06-30T10:17:58","slug":"izlozba-koncert-i-vecer-poezije","status":"publish","type":"post","link":"https:\/\/knjiznice.nsk.hr\/lepoglava\/2022\/06\/21\/izlozba-koncert-i-vecer-poezije\/","title":{"rendered":"Ve\u010der poezije, izlo\u017eba i koncert &#8211; najava doga\u0111anja"},"content":{"rendered":"<p class=\"yiv0974618926msonormal\" style=\"text-align: justify;line-height: 115%;margin: 0cm 0cm 8.0pt 0cm\">U Gradskoj knji\u017enici Ivana Belostenca Lepoglava 25. lipnja u 20 sati odr\u017eat \u0107e se otvorenje skupne izlo\u017ebe \u201e<i>Koncertualna umjetnost<\/i>\u201c u sklopu koje \u0107e biti predstavljeni radovi interdiscipliniranih umjetnika Ivanke Zanjko i Gorana \u0160o\u0161tari\u0107a. U sklopu izlo\u017ebe bit \u0107e odr\u017ean koncert benda <i>SpeCtrum<\/i> te predstavljanje zbirke poezije \u201e<i>Svakom pobjedom gubim<\/i>\u201c<\/p>\n<p class=\"yiv0974618926msonormal\" style=\"text-align: justify;line-height: 115%;margin: 0cm 0cm 8.0pt 0cm\">Ova je izlo\u017eba realizacija dugogodi\u0161njeg rada umjetnika koji su inspirirani muzi\u010dkim i vizualnim inputima.<\/p>\n<p class=\"yiv0974618926msonormal\" style=\"text-align: justify;line-height: 115%;margin: 0cm 0cm 8.0pt 0cm\">Bend <i>SpeCtrum<\/i> eksperimentalni je jazz fusion sastav koji nadmudruje svoje kompozicije stvorene u momentu gdje fraze i zanimljivi preokreti ulije\u0107u u mre\u017eu disonantnih boja, no ritmi\u010dke poante se pojavljuju same od sebe kroz vi\u0161e razina muzi\u010dke ekspresije.<\/p>\n<p class=\"yiv0974618926msonormal\" style=\"text-align: justify;line-height: 115%;margin: 0cm 0cm 8.0pt 0cm\">Nikola Zver&nbsp; \u2013 drums, horn<\/p>\n<p class=\"yiv0974618926msonormal\" style=\"text-align: justify;line-height: 115%;margin: 0cm 0cm 8.0pt 0cm\">Goran \u0160o\u0161tari\u0107 \u2013 guitar, hybrid guitar<\/p>\n<p class=\"yiv0974618926msonormal\" style=\"text-align: justify;line-height: 115%;margin: 0cm 0cm 8.0pt 0cm\">Kre\u0161imir Leko \u2013 bass, keyboards<\/p>\n<p class=\"yiv0974618926msonormal\" style=\"text-align: justify;line-height: 115%;margin: 0cm 0cm 8.0pt 0cm\">&nbsp;<\/p>\n<p class=\"yiv0974618926msonormal\" style=\"text-align: justify;line-height: 115%;margin: 0cm 0cm 8.0pt 0cm\">U sklopu izlo\u017ebe \u201e<i>Koncertualna umjetnost<\/i>\u201c bend <i>Spectrum<\/i> \u0107e odr\u017eati improvizirani koncert za vrijeme kojeg \u0107e umjetnica Ivanka Zanjko preslikati melodiju stvorene \u201e<i>glazbe u momentu<\/i>\u201c.<\/p>\n<p>Doga\u0111anje \u0107e biti odr\u017eano u gradskome parku ispred knji\u017enice. U slu\u010daju lo\u0161eg vremena selimo u knji\u017enicu.<\/p>\n<p class=\"yiv0974618926msonormal\" style=\"text-align: justify;line-height: 115%;margin: 0cm 0cm 8.0pt 0cm\">Veselimo se va\u0161em dolasku!<\/p>\n<p><a href=\"http:\/\/knjiznice.nsk.hr\/lepoglava\/fusion-night-2\/\"><img loading=\"lazy\" class=\"alignnone size-medium wp-image-642\" src=\"http:\/\/knjiznice.nsk.hr\/lepoglava\/wp-content\/uploads\/sites\/22\/2022\/06\/fusion-night-1-300x240.jpg\" alt=\"\" width=\"300\" height=\"240\" srcset=\"https:\/\/knjiznice.nsk.hr\/lepoglava\/wp-content\/uploads\/sites\/22\/2022\/06\/fusion-night-1-300x240.jpg 300w, https:\/\/knjiznice.nsk.hr\/lepoglava\/wp-content\/uploads\/sites\/22\/2022\/06\/fusion-night-1-600x480.jpg 600w, https:\/\/knjiznice.nsk.hr\/lepoglava\/wp-content\/uploads\/sites\/22\/2022\/06\/fusion-night-1.jpg 640w\" sizes=\"(max-width: 300px) 100vw, 300px\" \/><\/a><\/p>\n","protected":false},"excerpt":{"rendered":"<p>U Gradskoj knji\u017enici Ivana Belostenca Lepoglava 25. lipnja u 20 sati odr\u017eat \u0107e se otvorenje skupne izlo\u017ebe \u201eKoncertualna umjetnost\u201c u sklopu koje \u0107e biti predstavljeni radovi interdiscipliniranih umjetnika Ivanke Zanjko i Gorana \u0160o\u0161tari\u0107a. U sklopu izlo\u017ebe bit \u0107e odr\u017ean koncert benda SpeCtrum te predstavljanje zbirke poezije \u201eSvakom pobjedom gubim\u201c Ova je izlo\u017eba realizacija dugogodi\u0161njeg rada [&hellip;]<\/p>\n","protected":false},"author":18,"featured_media":0,"comment_status":"closed","ping_status":"closed","sticky":false,"template":"","format":"standard","meta":{"ngg_post_thumbnail":0},"categories":[1],"tags":[],"yoast_head":"<!-- This site is optimized with the Yoast SEO plugin v16.4 - https:\/\/yoast.com\/wordpress\/plugins\/seo\/ -->\n<meta name=\"robots\" content=\"index, follow, max-snippet:-1, max-image-preview:large, max-video-preview:-1\" \/>\n<link rel=\"canonical\" href=\"http:\/\/knjiznice.nsk.hr\/lepoglava\/2022\/06\/21\/izlozba-koncert-i-vecer-poezije\/\" \/>\n<meta property=\"og:locale\" content=\"hr_HR\" \/>\n<meta property=\"og:type\" content=\"article\" \/>\n<meta property=\"og:title\" content=\"Ve\u010der poezije, izlo\u017eba i koncert - najava doga\u0111anja - Gradska knji\u017enica Ivana Belostenca Lepoglava\" \/>\n<meta property=\"og:description\" content=\"U Gradskoj knji\u017enici Ivana Belostenca Lepoglava 25. lipnja u 20 sati odr\u017eat \u0107e se otvorenje skupne izlo\u017ebe \u201eKoncertualna umjetnost\u201c u sklopu koje \u0107e biti predstavljeni radovi interdiscipliniranih umjetnika Ivanke Zanjko i Gorana \u0160o\u0161tari\u0107a. U sklopu izlo\u017ebe bit \u0107e odr\u017ean koncert benda SpeCtrum te predstavljanje zbirke poezije \u201eSvakom pobjedom gubim\u201c Ova je izlo\u017eba realizacija dugogodi\u0161njeg rada [&hellip;]\" \/>\n<meta property=\"og:url\" content=\"http:\/\/knjiznice.nsk.hr\/lepoglava\/2022\/06\/21\/izlozba-koncert-i-vecer-poezije\/\" \/>\n<meta property=\"og:site_name\" content=\"Gradska knji\u017enica Ivana Belostenca Lepoglava\" \/>\n<meta property=\"article:published_time\" content=\"2022-06-21T10:22:01+00:00\" \/>\n<meta property=\"article:modified_time\" content=\"2022-06-30T10:17:58+00:00\" \/>\n<meta property=\"og:image\" content=\"http:\/\/knjiznice.nsk.hr\/lepoglava\/wp-content\/uploads\/sites\/22\/2022\/06\/fusion-night-1-300x240.jpg\" \/>\n<meta name=\"twitter:label1\" content=\"Procijenjeno vrijeme \u010ditanja\" \/>\n\t<meta name=\"twitter:data1\" content=\"1 minuta\" \/>\n<script type=\"application\/ld+json\" class=\"yoast-schema-graph\">{\"@context\":\"https:\/\/schema.org\",\"@graph\":[{\"@type\":\"WebSite\",\"@id\":\"http:\/\/knjiznice.nsk.hr\/lepoglava\/#website\",\"url\":\"http:\/\/knjiznice.nsk.hr\/lepoglava\/\",\"name\":\"Gradska knji\\u017enica Ivana Belostenca Lepoglava\",\"description\":\"\",\"potentialAction\":[{\"@type\":\"SearchAction\",\"target\":\"http:\/\/knjiznice.nsk.hr\/lepoglava\/?s={search_term_string}\",\"query-input\":\"required name=search_term_string\"}],\"inLanguage\":\"hr\"},{\"@type\":\"ImageObject\",\"@id\":\"http:\/\/knjiznice.nsk.hr\/lepoglava\/2022\/06\/21\/izlozba-koncert-i-vecer-poezije\/#primaryimage\",\"inLanguage\":\"hr\",\"url\":\"http:\/\/knjiznice.nsk.hr\/lepoglava\/wp-content\/uploads\/sites\/22\/2022\/06\/fusion-night-1-300x240.jpg\",\"contentUrl\":\"http:\/\/knjiznice.nsk.hr\/lepoglava\/wp-content\/uploads\/sites\/22\/2022\/06\/fusion-night-1-300x240.jpg\"},{\"@type\":\"WebPage\",\"@id\":\"http:\/\/knjiznice.nsk.hr\/lepoglava\/2022\/06\/21\/izlozba-koncert-i-vecer-poezije\/#webpage\",\"url\":\"http:\/\/knjiznice.nsk.hr\/lepoglava\/2022\/06\/21\/izlozba-koncert-i-vecer-poezije\/\",\"name\":\"Ve\\u010der poezije, izlo\\u017eba i koncert - najava doga\\u0111anja - Gradska knji\\u017enica Ivana Belostenca Lepoglava\",\"isPartOf\":{\"@id\":\"http:\/\/knjiznice.nsk.hr\/lepoglava\/#website\"},\"primaryImageOfPage\":{\"@id\":\"http:\/\/knjiznice.nsk.hr\/lepoglava\/2022\/06\/21\/izlozba-koncert-i-vecer-poezije\/#primaryimage\"},\"datePublished\":\"2022-06-21T10:22:01+00:00\",\"dateModified\":\"2022-06-30T10:17:58+00:00\",\"author\":{\"@id\":\"http:\/\/knjiznice.nsk.hr\/lepoglava\/#\/schema\/person\/14dc66f44641ce38deb763484749e42c\"},\"breadcrumb\":{\"@id\":\"http:\/\/knjiznice.nsk.hr\/lepoglava\/2022\/06\/21\/izlozba-koncert-i-vecer-poezije\/#breadcrumb\"},\"inLanguage\":\"hr\",\"potentialAction\":[{\"@type\":\"ReadAction\",\"target\":[\"http:\/\/knjiznice.nsk.hr\/lepoglava\/2022\/06\/21\/izlozba-koncert-i-vecer-poezije\/\"]}]},{\"@type\":\"BreadcrumbList\",\"@id\":\"http:\/\/knjiznice.nsk.hr\/lepoglava\/2022\/06\/21\/izlozba-koncert-i-vecer-poezije\/#breadcrumb\",\"itemListElement\":[{\"@type\":\"ListItem\",\"position\":1,\"item\":{\"@type\":\"WebPage\",\"@id\":\"http:\/\/knjiznice.nsk.hr\/lepoglava\/\",\"url\":\"http:\/\/knjiznice.nsk.hr\/lepoglava\/\",\"name\":\"Po\\u010detna stranica\"}},{\"@type\":\"ListItem\",\"position\":2,\"item\":{\"@id\":\"http:\/\/knjiznice.nsk.hr\/lepoglava\/2022\/06\/21\/izlozba-koncert-i-vecer-poezije\/#webpage\"}}]},{\"@type\":\"Person\",\"@id\":\"http:\/\/knjiznice.nsk.hr\/lepoglava\/#\/schema\/person\/14dc66f44641ce38deb763484749e42c\",\"name\":\"lepoglava\",\"image\":{\"@type\":\"ImageObject\",\"@id\":\"http:\/\/knjiznice.nsk.hr\/lepoglava\/#personlogo\",\"inLanguage\":\"hr\",\"url\":\"https:\/\/secure.gravatar.com\/avatar\/a086e8fce86c47181a4299685e5b101f?s=96&d=mm&r=g\",\"contentUrl\":\"https:\/\/secure.gravatar.com\/avatar\/a086e8fce86c47181a4299685e5b101f?s=96&d=mm&r=g\",\"caption\":\"lepoglava\"},\"url\":\"https:\/\/knjiznice.nsk.hr\/lepoglava\/\"}]}<\/script>\n<!-- \/ Yoast SEO plugin. -->","_links":{"self":[{"href":"https:\/\/knjiznice.nsk.hr\/lepoglava\/wp-json\/wp\/v2\/posts\/643"}],"collection":[{"href":"https:\/\/knjiznice.nsk.hr\/lepoglava\/wp-json\/wp\/v2\/posts"}],"about":[{"href":"https:\/\/knjiznice.nsk.hr\/lepoglava\/wp-json\/wp\/v2\/types\/post"}],"author":[{"embeddable":true,"href":"https:\/\/knjiznice.nsk.hr\/lepoglava\/wp-json\/wp\/v2\/users\/18"}],"replies":[{"embeddable":true,"href":"https:\/\/knjiznice.nsk.hr\/lepoglava\/wp-json\/wp\/v2\/comments?post=643"}],"version-history":[{"count":4,"href":"https:\/\/knjiznice.nsk.hr\/lepoglava\/wp-json\/wp\/v2\/posts\/643\/revisions"}],"predecessor-version":[{"id":655,"href":"https:\/\/knjiznice.nsk.hr\/lepoglava\/wp-json\/wp\/v2\/posts\/643\/revisions\/655"}],"wp:attachment":[{"href":"https:\/\/knjiznice.nsk.hr\/lepoglava\/wp-json\/wp\/v2\/media?parent=643"}],"wp:term":[{"taxonomy":"category","embeddable":true,"href":"https:\/\/knjiznice.nsk.hr\/lepoglava\/wp-json\/wp\/v2\/categories?post=643"},{"taxonomy":"post_tag","embeddable":true,"href":"https:\/\/knjiznice.nsk.hr\/lepoglava\/wp-json\/wp\/v2\/tags?post=643"}],"curies":[{"name":"wp","href":"https:\/\/api.w.org\/{rel}","templated":true}]}}