{"id":460,"date":"2021-02-10T16:37:58","date_gmt":"2021-02-10T16:37:58","guid":{"rendered":"http:\/\/knjiznice.nsk.hr\/lepoglava\/?p=460"},"modified":"2021-02-10T16:37:58","modified_gmt":"2021-02-10T16:37:58","slug":"male-sredine-radaju-velike-ljude","status":"publish","type":"post","link":"https:\/\/knjiznice.nsk.hr\/lepoglava\/2021\/02\/10\/male-sredine-radaju-velike-ljude\/","title":{"rendered":"Male sredine ra\u0111aju velike ljude"},"content":{"rendered":"<p>Ivan Belostenec, po kojem na\u0161a knji\u017enica nosi ime, u Lepoglavu dolazi 1616. godine. Nakon \u0161kolovanja vra\u0107a se i 1624. godine slu\u017ei prvu misu u Lepoglavi da bi 1674. godine slu\u017eio ovdje i zlatnu misu. Na dana\u0161nji dan 1675. godine umire u lepoglavskom samostanu. Svojim brojnim djelima zadu\u017eio je hrvatsku knji\u017eevnost i kulturu te u njoj ostavio neizbrisiv trag. Poznatija djela su mu: <em>Boghomila<\/em> \u2013 zbirka od trinaest pjesama o svetom Pavlu izdana 1665. godine, 1672. godine <em>Prodike o svetom tijelu Isusovu<\/em>, 1672. <em>Deset propovijedi <\/em>s posvetom Ivanu Dra\u0161kovi\u0107u. Najve\u0107e i najzna\u010dajnije njegovo djelo svakako je <em>Gazophylacium <\/em>izdan 1740. godine u Zagrebu u Vitezovi\u0107evoj tiskari, 65 godina nakon Belosten\u010deve smrti.<\/p>\n<p>&nbsp;<\/p>\n<p><a href=\"http:\/\/knjiznice.nsk.hr\/lepoglava\/gazophy-2\/\"><img loading=\"lazy\" class=\"alignnone size-medium wp-image-458\" src=\"http:\/\/knjiznice.nsk.hr\/lepoglava\/wp-content\/uploads\/sites\/22\/2021\/02\/Gazophy-244x300.jpg\" alt=\"\" width=\"244\" height=\"300\" srcset=\"https:\/\/knjiznice.nsk.hr\/lepoglava\/wp-content\/uploads\/sites\/22\/2021\/02\/Gazophy-244x300.jpg 244w, https:\/\/knjiznice.nsk.hr\/lepoglava\/wp-content\/uploads\/sites\/22\/2021\/02\/Gazophy-600x739.jpg 600w, https:\/\/knjiznice.nsk.hr\/lepoglava\/wp-content\/uploads\/sites\/22\/2021\/02\/Gazophy.jpg 662w\" sizes=\"(max-width: 244px) 100vw, 244px\" \/><\/a><a href=\"http:\/\/knjiznice.nsk.hr\/lepoglava\/nikon-d9010805\/\"><img loading=\"lazy\" class=\"alignnone size-medium wp-image-459\" src=\"http:\/\/knjiznice.nsk.hr\/lepoglava\/wp-content\/uploads\/sites\/22\/2021\/02\/NIKON-D9010805-200x300.jpg\" alt=\"\" width=\"200\" height=\"300\" srcset=\"https:\/\/knjiznice.nsk.hr\/lepoglava\/wp-content\/uploads\/sites\/22\/2021\/02\/NIKON-D9010805-200x300.jpg 200w, https:\/\/knjiznice.nsk.hr\/lepoglava\/wp-content\/uploads\/sites\/22\/2021\/02\/NIKON-D9010805-683x1024.jpg 683w, https:\/\/knjiznice.nsk.hr\/lepoglava\/wp-content\/uploads\/sites\/22\/2021\/02\/NIKON-D9010805-600x900.jpg 600w, https:\/\/knjiznice.nsk.hr\/lepoglava\/wp-content\/uploads\/sites\/22\/2021\/02\/NIKON-D9010805.jpg 700w\" sizes=\"(max-width: 200px) 100vw, 200px\" \/><\/a><\/p>\n","protected":false},"excerpt":{"rendered":"<p>Ivan Belostenec, po kojem na\u0161a knji\u017enica nosi ime, u Lepoglavu dolazi 1616. godine. Nakon \u0161kolovanja vra\u0107a se i 1624. godine slu\u017ei prvu misu u Lepoglavi da bi 1674. godine slu\u017eio ovdje i zlatnu misu. Na dana\u0161nji dan 1675. godine umire u lepoglavskom samostanu. Svojim brojnim djelima zadu\u017eio je hrvatsku knji\u017eevnost i kulturu te u njoj [&hellip;]<\/p>\n","protected":false},"author":18,"featured_media":0,"comment_status":"closed","ping_status":"closed","sticky":false,"template":"","format":"standard","meta":{"ngg_post_thumbnail":0},"categories":[1],"tags":[],"yoast_head":"<!-- This site is optimized with the Yoast SEO plugin v16.4 - https:\/\/yoast.com\/wordpress\/plugins\/seo\/ -->\n<meta name=\"robots\" content=\"index, follow, max-snippet:-1, max-image-preview:large, max-video-preview:-1\" \/>\n<link rel=\"canonical\" href=\"https:\/\/knjiznice.nsk.hr\/lepoglava\/2021\/02\/10\/male-sredine-radaju-velike-ljude\/\" \/>\n<meta property=\"og:locale\" content=\"hr_HR\" \/>\n<meta property=\"og:type\" content=\"article\" \/>\n<meta property=\"og:title\" content=\"Male sredine ra\u0111aju velike ljude - Gradska knji\u017enica Ivana Belostenca Lepoglava\" \/>\n<meta property=\"og:description\" content=\"Ivan Belostenec, po kojem na\u0161a knji\u017enica nosi ime, u Lepoglavu dolazi 1616. godine. Nakon \u0161kolovanja vra\u0107a se i 1624. godine slu\u017ei prvu misu u Lepoglavi da bi 1674. godine slu\u017eio ovdje i zlatnu misu. Na dana\u0161nji dan 1675. godine umire u lepoglavskom samostanu. Svojim brojnim djelima zadu\u017eio je hrvatsku knji\u017eevnost i kulturu te u njoj [&hellip;]\" \/>\n<meta property=\"og:url\" content=\"https:\/\/knjiznice.nsk.hr\/lepoglava\/2021\/02\/10\/male-sredine-radaju-velike-ljude\/\" \/>\n<meta property=\"og:site_name\" content=\"Gradska knji\u017enica Ivana Belostenca Lepoglava\" \/>\n<meta property=\"article:published_time\" content=\"2021-02-10T16:37:58+00:00\" \/>\n<meta property=\"og:image\" content=\"http:\/\/knjiznice.nsk.hr\/lepoglava\/wp-content\/uploads\/sites\/22\/2021\/02\/Gazophy-244x300.jpg\" \/>\n<meta name=\"twitter:label1\" content=\"Procijenjeno vrijeme \u010ditanja\" \/>\n\t<meta name=\"twitter:data1\" content=\"1 minuta\" \/>\n<script type=\"application\/ld+json\" class=\"yoast-schema-graph\">{\"@context\":\"https:\/\/schema.org\",\"@graph\":[{\"@type\":\"WebSite\",\"@id\":\"https:\/\/knjiznice.nsk.hr\/lepoglava\/#website\",\"url\":\"https:\/\/knjiznice.nsk.hr\/lepoglava\/\",\"name\":\"Gradska knji\\u017enica Ivana Belostenca Lepoglava\",\"description\":\"\",\"potentialAction\":[{\"@type\":\"SearchAction\",\"target\":\"https:\/\/knjiznice.nsk.hr\/lepoglava\/?s={search_term_string}\",\"query-input\":\"required name=search_term_string\"}],\"inLanguage\":\"hr\"},{\"@type\":\"ImageObject\",\"@id\":\"https:\/\/knjiznice.nsk.hr\/lepoglava\/2021\/02\/10\/male-sredine-radaju-velike-ljude\/#primaryimage\",\"inLanguage\":\"hr\",\"url\":\"http:\/\/knjiznice.nsk.hr\/lepoglava\/wp-content\/uploads\/sites\/22\/2021\/02\/Gazophy-244x300.jpg\",\"contentUrl\":\"http:\/\/knjiznice.nsk.hr\/lepoglava\/wp-content\/uploads\/sites\/22\/2021\/02\/Gazophy-244x300.jpg\"},{\"@type\":\"WebPage\",\"@id\":\"https:\/\/knjiznice.nsk.hr\/lepoglava\/2021\/02\/10\/male-sredine-radaju-velike-ljude\/#webpage\",\"url\":\"https:\/\/knjiznice.nsk.hr\/lepoglava\/2021\/02\/10\/male-sredine-radaju-velike-ljude\/\",\"name\":\"Male sredine ra\\u0111aju velike ljude - Gradska knji\\u017enica Ivana Belostenca Lepoglava\",\"isPartOf\":{\"@id\":\"https:\/\/knjiznice.nsk.hr\/lepoglava\/#website\"},\"primaryImageOfPage\":{\"@id\":\"https:\/\/knjiznice.nsk.hr\/lepoglava\/2021\/02\/10\/male-sredine-radaju-velike-ljude\/#primaryimage\"},\"datePublished\":\"2021-02-10T16:37:58+00:00\",\"dateModified\":\"2021-02-10T16:37:58+00:00\",\"author\":{\"@id\":\"https:\/\/knjiznice.nsk.hr\/lepoglava\/#\/schema\/person\/14dc66f44641ce38deb763484749e42c\"},\"breadcrumb\":{\"@id\":\"https:\/\/knjiznice.nsk.hr\/lepoglava\/2021\/02\/10\/male-sredine-radaju-velike-ljude\/#breadcrumb\"},\"inLanguage\":\"hr\",\"potentialAction\":[{\"@type\":\"ReadAction\",\"target\":[\"https:\/\/knjiznice.nsk.hr\/lepoglava\/2021\/02\/10\/male-sredine-radaju-velike-ljude\/\"]}]},{\"@type\":\"BreadcrumbList\",\"@id\":\"https:\/\/knjiznice.nsk.hr\/lepoglava\/2021\/02\/10\/male-sredine-radaju-velike-ljude\/#breadcrumb\",\"itemListElement\":[{\"@type\":\"ListItem\",\"position\":1,\"item\":{\"@type\":\"WebPage\",\"@id\":\"https:\/\/knjiznice.nsk.hr\/lepoglava\/\",\"url\":\"https:\/\/knjiznice.nsk.hr\/lepoglava\/\",\"name\":\"Po\\u010detna stranica\"}},{\"@type\":\"ListItem\",\"position\":2,\"item\":{\"@id\":\"https:\/\/knjiznice.nsk.hr\/lepoglava\/2021\/02\/10\/male-sredine-radaju-velike-ljude\/#webpage\"}}]},{\"@type\":\"Person\",\"@id\":\"https:\/\/knjiznice.nsk.hr\/lepoglava\/#\/schema\/person\/14dc66f44641ce38deb763484749e42c\",\"name\":\"lepoglava\",\"image\":{\"@type\":\"ImageObject\",\"@id\":\"https:\/\/knjiznice.nsk.hr\/lepoglava\/#personlogo\",\"inLanguage\":\"hr\",\"url\":\"https:\/\/secure.gravatar.com\/avatar\/a086e8fce86c47181a4299685e5b101f?s=96&d=mm&r=g\",\"contentUrl\":\"https:\/\/secure.gravatar.com\/avatar\/a086e8fce86c47181a4299685e5b101f?s=96&d=mm&r=g\",\"caption\":\"lepoglava\"},\"url\":\"https:\/\/knjiznice.nsk.hr\/lepoglava\/\"}]}<\/script>\n<!-- \/ Yoast SEO plugin. -->","_links":{"self":[{"href":"https:\/\/knjiznice.nsk.hr\/lepoglava\/wp-json\/wp\/v2\/posts\/460"}],"collection":[{"href":"https:\/\/knjiznice.nsk.hr\/lepoglava\/wp-json\/wp\/v2\/posts"}],"about":[{"href":"https:\/\/knjiznice.nsk.hr\/lepoglava\/wp-json\/wp\/v2\/types\/post"}],"author":[{"embeddable":true,"href":"https:\/\/knjiznice.nsk.hr\/lepoglava\/wp-json\/wp\/v2\/users\/18"}],"replies":[{"embeddable":true,"href":"https:\/\/knjiznice.nsk.hr\/lepoglava\/wp-json\/wp\/v2\/comments?post=460"}],"version-history":[{"count":1,"href":"https:\/\/knjiznice.nsk.hr\/lepoglava\/wp-json\/wp\/v2\/posts\/460\/revisions"}],"predecessor-version":[{"id":461,"href":"https:\/\/knjiznice.nsk.hr\/lepoglava\/wp-json\/wp\/v2\/posts\/460\/revisions\/461"}],"wp:attachment":[{"href":"https:\/\/knjiznice.nsk.hr\/lepoglava\/wp-json\/wp\/v2\/media?parent=460"}],"wp:term":[{"taxonomy":"category","embeddable":true,"href":"https:\/\/knjiznice.nsk.hr\/lepoglava\/wp-json\/wp\/v2\/categories?post=460"},{"taxonomy":"post_tag","embeddable":true,"href":"https:\/\/knjiznice.nsk.hr\/lepoglava\/wp-json\/wp\/v2\/tags?post=460"}],"curies":[{"name":"wp","href":"https:\/\/api.w.org\/{rel}","templated":true}]}}