{"id":4093,"date":"2026-04-20T06:09:25","date_gmt":"2026-04-20T06:09:25","guid":{"rendered":"https:\/\/knjiznice.nsk.hr\/lepoglava\/?p=4093"},"modified":"2026-04-20T06:10:45","modified_gmt":"2026-04-20T06:10:45","slug":"obiljezavamo-dan-hrvatske-knjige-2","status":"publish","type":"post","link":"https:\/\/knjiznice.nsk.hr\/lepoglava\/2026\/04\/20\/obiljezavamo-dan-hrvatske-knjige-2\/","title":{"rendered":"Obilje\u017eavamo Dan hrvatske knjige"},"content":{"rendered":"<div class=\"xdj266r x14z9mp xat24cr x1lziwak x1vvkbs x126k92a\">\n<div dir=\"auto\">Ove srijede, 22. travnja, obilje\u017eavamo Dan hrvatske knjige te \u0107emo jutro provesti s majstoricom pripovijedanja <span class=\"html-span xdj266r x14z9mp xat24cr x1lziwak xexx8yu xyri2b x18d9i69 x1c1uobl x1hl2dhg x16tdsg8 x1vvkbs\"><span class=\"xt0psk2\"><span class=\"xjp7ctv\">Ivanka Feren\u010di\u0107 Martin\u010di\u0107<\/span><\/span><\/span>. Ivanka je autorica brojnih knjiga i pri\u010da za djecu, pripovjeda\u010dica i knji\u017eni\u010darka!<\/div>\n<\/div>\n<div class=\"x14z9mp xat24cr x1lziwak x1vvkbs xtlvy1s x126k92a\">\n<div dir=\"auto\">&nbsp;<\/div>\n<div dir=\"auto\">Doga\u0111anje je otvoreno za javnost i svi su dobrodo\u0161li, a pridru\u017eit \u0107e nam se i vrti\u0107anci Dje\u010djeg vrti\u0107a Lepoglava.<\/div>\n<\/div>\n<div class=\"x14z9mp xat24cr x1lziwak x1vvkbs xtlvy1s x126k92a\">\n<div dir=\"auto\">&nbsp;<\/div>\n<div dir=\"auto\">Radujemo se jo\u0161 jednom knji\u017eevnom susretu u na\u0161oj knji\u017enici.<\/div>\n<div dir=\"auto\">Srijeda, 22. travnja u 10 sati.<\/div>\n<div dir=\"auto\">&nbsp;<\/div>\n<div dir=\"auto\"><a href=\"https:\/\/knjiznice.nsk.hr\/lepoglava\/dan-hrvatske-knjige-22-04\/\"><img loading=\"lazy\" class=\"alignnone size-medium wp-image-4092\" src=\"http:\/\/knjiznice.nsk.hr\/lepoglava\/wp-content\/uploads\/sites\/22\/2026\/04\/Dan-hrvatske-knjige-22.04.-300x214.jpg\" alt=\"\" width=\"300\" height=\"214\" srcset=\"https:\/\/knjiznice.nsk.hr\/lepoglava\/wp-content\/uploads\/sites\/22\/2026\/04\/Dan-hrvatske-knjige-22.04.-300x214.jpg 300w, https:\/\/knjiznice.nsk.hr\/lepoglava\/wp-content\/uploads\/sites\/22\/2026\/04\/Dan-hrvatske-knjige-22.04.-1024x731.jpg 1024w, https:\/\/knjiznice.nsk.hr\/lepoglava\/wp-content\/uploads\/sites\/22\/2026\/04\/Dan-hrvatske-knjige-22.04.-768x549.jpg 768w, https:\/\/knjiznice.nsk.hr\/lepoglava\/wp-content\/uploads\/sites\/22\/2026\/04\/Dan-hrvatske-knjige-22.04.-600x429.jpg 600w, https:\/\/knjiznice.nsk.hr\/lepoglava\/wp-content\/uploads\/sites\/22\/2026\/04\/Dan-hrvatske-knjige-22.04.-1536x1097.jpg 1536w, https:\/\/knjiznice.nsk.hr\/lepoglava\/wp-content\/uploads\/sites\/22\/2026\/04\/Dan-hrvatske-knjige-22.04.-2048x1463.jpg 2048w\" sizes=\"(max-width: 300px) 100vw, 300px\" \/><\/a><\/div>\n<\/div>\n","protected":false},"excerpt":{"rendered":"<p>Ove srijede, 22. travnja, obilje\u017eavamo Dan hrvatske knjige te \u0107emo jutro provesti s majstoricom pripovijedanja Ivanka Feren\u010di\u0107 Martin\u010di\u0107. Ivanka je autorica brojnih knjiga i pri\u010da za djecu, pripovjeda\u010dica i knji\u017eni\u010darka! &nbsp; Doga\u0111anje je otvoreno za javnost i svi su dobrodo\u0161li, a pridru\u017eit \u0107e nam se i vrti\u0107anci Dje\u010djeg vrti\u0107a Lepoglava. &nbsp; Radujemo se jo\u0161 jednom [&hellip;]<\/p>\n","protected":false},"author":18,"featured_media":0,"comment_status":"closed","ping_status":"closed","sticky":false,"template":"","format":"standard","meta":{"ngg_post_thumbnail":0},"categories":[1],"tags":[],"yoast_head":"<!-- This site is optimized with the Yoast SEO plugin v16.4 - https:\/\/yoast.com\/wordpress\/plugins\/seo\/ -->\n<meta name=\"robots\" content=\"index, follow, max-snippet:-1, max-image-preview:large, max-video-preview:-1\" \/>\n<link rel=\"canonical\" href=\"http:\/\/knjiznice.nsk.hr\/lepoglava\/2026\/04\/20\/obiljezavamo-dan-hrvatske-knjige-2\/\" \/>\n<meta property=\"og:locale\" content=\"hr_HR\" \/>\n<meta property=\"og:type\" content=\"article\" \/>\n<meta property=\"og:title\" content=\"Obilje\u017eavamo Dan hrvatske knjige - Gradska knji\u017enica Ivana Belostenca Lepoglava\" \/>\n<meta property=\"og:description\" content=\"Ove srijede, 22. travnja, obilje\u017eavamo Dan hrvatske knjige te \u0107emo jutro provesti s majstoricom pripovijedanja Ivanka Feren\u010di\u0107 Martin\u010di\u0107. Ivanka je autorica brojnih knjiga i pri\u010da za djecu, pripovjeda\u010dica i knji\u017eni\u010darka! &nbsp; Doga\u0111anje je otvoreno za javnost i svi su dobrodo\u0161li, a pridru\u017eit \u0107e nam se i vrti\u0107anci Dje\u010djeg vrti\u0107a Lepoglava. &nbsp; Radujemo se jo\u0161 jednom [&hellip;]\" \/>\n<meta property=\"og:url\" content=\"http:\/\/knjiznice.nsk.hr\/lepoglava\/2026\/04\/20\/obiljezavamo-dan-hrvatske-knjige-2\/\" \/>\n<meta property=\"og:site_name\" content=\"Gradska knji\u017enica Ivana Belostenca Lepoglava\" \/>\n<meta property=\"article:published_time\" content=\"2026-04-20T06:09:25+00:00\" \/>\n<meta property=\"article:modified_time\" content=\"2026-04-20T06:10:45+00:00\" \/>\n<meta property=\"og:image\" content=\"http:\/\/knjiznice.nsk.hr\/lepoglava\/wp-content\/uploads\/sites\/22\/2026\/04\/Dan-hrvatske-knjige-22.04.-300x214.jpg\" \/>\n<meta name=\"twitter:label1\" content=\"Procijenjeno vrijeme \u010ditanja\" \/>\n\t<meta name=\"twitter:data1\" content=\"1 minuta\" \/>\n<script type=\"application\/ld+json\" class=\"yoast-schema-graph\">{\"@context\":\"https:\/\/schema.org\",\"@graph\":[{\"@type\":\"WebSite\",\"@id\":\"http:\/\/knjiznice.nsk.hr\/lepoglava\/#website\",\"url\":\"http:\/\/knjiznice.nsk.hr\/lepoglava\/\",\"name\":\"Gradska knji\\u017enica Ivana Belostenca Lepoglava\",\"description\":\"\",\"potentialAction\":[{\"@type\":\"SearchAction\",\"target\":\"http:\/\/knjiznice.nsk.hr\/lepoglava\/?s={search_term_string}\",\"query-input\":\"required name=search_term_string\"}],\"inLanguage\":\"hr\"},{\"@type\":\"ImageObject\",\"@id\":\"http:\/\/knjiznice.nsk.hr\/lepoglava\/2026\/04\/20\/obiljezavamo-dan-hrvatske-knjige-2\/#primaryimage\",\"inLanguage\":\"hr\",\"url\":\"http:\/\/knjiznice.nsk.hr\/lepoglava\/wp-content\/uploads\/sites\/22\/2026\/04\/Dan-hrvatske-knjige-22.04.-300x214.jpg\",\"contentUrl\":\"http:\/\/knjiznice.nsk.hr\/lepoglava\/wp-content\/uploads\/sites\/22\/2026\/04\/Dan-hrvatske-knjige-22.04.-300x214.jpg\"},{\"@type\":\"WebPage\",\"@id\":\"http:\/\/knjiznice.nsk.hr\/lepoglava\/2026\/04\/20\/obiljezavamo-dan-hrvatske-knjige-2\/#webpage\",\"url\":\"http:\/\/knjiznice.nsk.hr\/lepoglava\/2026\/04\/20\/obiljezavamo-dan-hrvatske-knjige-2\/\",\"name\":\"Obilje\\u017eavamo Dan hrvatske knjige - Gradska knji\\u017enica Ivana Belostenca Lepoglava\",\"isPartOf\":{\"@id\":\"http:\/\/knjiznice.nsk.hr\/lepoglava\/#website\"},\"primaryImageOfPage\":{\"@id\":\"http:\/\/knjiznice.nsk.hr\/lepoglava\/2026\/04\/20\/obiljezavamo-dan-hrvatske-knjige-2\/#primaryimage\"},\"datePublished\":\"2026-04-20T06:09:25+00:00\",\"dateModified\":\"2026-04-20T06:10:45+00:00\",\"author\":{\"@id\":\"http:\/\/knjiznice.nsk.hr\/lepoglava\/#\/schema\/person\/14dc66f44641ce38deb763484749e42c\"},\"breadcrumb\":{\"@id\":\"http:\/\/knjiznice.nsk.hr\/lepoglava\/2026\/04\/20\/obiljezavamo-dan-hrvatske-knjige-2\/#breadcrumb\"},\"inLanguage\":\"hr\",\"potentialAction\":[{\"@type\":\"ReadAction\",\"target\":[\"http:\/\/knjiznice.nsk.hr\/lepoglava\/2026\/04\/20\/obiljezavamo-dan-hrvatske-knjige-2\/\"]}]},{\"@type\":\"BreadcrumbList\",\"@id\":\"http:\/\/knjiznice.nsk.hr\/lepoglava\/2026\/04\/20\/obiljezavamo-dan-hrvatske-knjige-2\/#breadcrumb\",\"itemListElement\":[{\"@type\":\"ListItem\",\"position\":1,\"item\":{\"@type\":\"WebPage\",\"@id\":\"http:\/\/knjiznice.nsk.hr\/lepoglava\/\",\"url\":\"http:\/\/knjiznice.nsk.hr\/lepoglava\/\",\"name\":\"Po\\u010detna stranica\"}},{\"@type\":\"ListItem\",\"position\":2,\"item\":{\"@id\":\"http:\/\/knjiznice.nsk.hr\/lepoglava\/2026\/04\/20\/obiljezavamo-dan-hrvatske-knjige-2\/#webpage\"}}]},{\"@type\":\"Person\",\"@id\":\"http:\/\/knjiznice.nsk.hr\/lepoglava\/#\/schema\/person\/14dc66f44641ce38deb763484749e42c\",\"name\":\"lepoglava\",\"image\":{\"@type\":\"ImageObject\",\"@id\":\"http:\/\/knjiznice.nsk.hr\/lepoglava\/#personlogo\",\"inLanguage\":\"hr\",\"url\":\"https:\/\/secure.gravatar.com\/avatar\/a086e8fce86c47181a4299685e5b101f?s=96&d=mm&r=g\",\"contentUrl\":\"https:\/\/secure.gravatar.com\/avatar\/a086e8fce86c47181a4299685e5b101f?s=96&d=mm&r=g\",\"caption\":\"lepoglava\"},\"url\":\"https:\/\/knjiznice.nsk.hr\/lepoglava\/\"}]}<\/script>\n<!-- \/ Yoast SEO plugin. -->","_links":{"self":[{"href":"https:\/\/knjiznice.nsk.hr\/lepoglava\/wp-json\/wp\/v2\/posts\/4093"}],"collection":[{"href":"https:\/\/knjiznice.nsk.hr\/lepoglava\/wp-json\/wp\/v2\/posts"}],"about":[{"href":"https:\/\/knjiznice.nsk.hr\/lepoglava\/wp-json\/wp\/v2\/types\/post"}],"author":[{"embeddable":true,"href":"https:\/\/knjiznice.nsk.hr\/lepoglava\/wp-json\/wp\/v2\/users\/18"}],"replies":[{"embeddable":true,"href":"https:\/\/knjiznice.nsk.hr\/lepoglava\/wp-json\/wp\/v2\/comments?post=4093"}],"version-history":[{"count":2,"href":"https:\/\/knjiznice.nsk.hr\/lepoglava\/wp-json\/wp\/v2\/posts\/4093\/revisions"}],"predecessor-version":[{"id":4095,"href":"https:\/\/knjiznice.nsk.hr\/lepoglava\/wp-json\/wp\/v2\/posts\/4093\/revisions\/4095"}],"wp:attachment":[{"href":"https:\/\/knjiznice.nsk.hr\/lepoglava\/wp-json\/wp\/v2\/media?parent=4093"}],"wp:term":[{"taxonomy":"category","embeddable":true,"href":"https:\/\/knjiznice.nsk.hr\/lepoglava\/wp-json\/wp\/v2\/categories?post=4093"},{"taxonomy":"post_tag","embeddable":true,"href":"https:\/\/knjiznice.nsk.hr\/lepoglava\/wp-json\/wp\/v2\/tags?post=4093"}],"curies":[{"name":"wp","href":"https:\/\/api.w.org\/{rel}","templated":true}]}}