{"id":4033,"date":"2026-04-06T09:20:23","date_gmt":"2026-04-06T09:20:23","guid":{"rendered":"https:\/\/knjiznice.nsk.hr\/lepoglava\/?p=4033"},"modified":"2026-04-07T10:55:10","modified_gmt":"2026-04-07T10:55:10","slug":"citamo-zajedno-i-u-travnju-2","status":"publish","type":"post","link":"https:\/\/knjiznice.nsk.hr\/lepoglava\/2026\/04\/06\/citamo-zajedno-i-u-travnju-2\/","title":{"rendered":"\u010citamo zajedno i u travnju"},"content":{"rendered":"<p><span class=\"x193iq5w xeuugli x13faqbe x1vvkbs x1xmvt09 x1lliihq x1s928wv xhkezso x1gmr53x x1cpjm7i x1fgarty x1943h6x xudqn12 x3x7a5m x6prxxf xvq8zen xo1l8bm xzsf02u\" dir=\"auto\">Naravno! \u010citamo i u travnju! <span class=\"html-span xexx8yu xyri2b x18d9i69 x1c1uobl x1hl2dhg x16tdsg8 x1vvkbs x3nfvp2 x1j61x8r x1fcty0u xdj266r xat24cr xm2jcoa x1mpyi22 xxymvpz xlup9mm x1kky2od\"><img loading=\"lazy\" class=\"xz74otr x15mokao x1ga7v0g x16uus16 xbiv7yw\" src=\"https:\/\/static.xx.fbcdn.net\/images\/emoji.php\/v9\/t49\/1\/16\/1f4da.png\" alt=\"&#x1f4da;\" width=\"16\" height=\"16\"><\/span><span class=\"html-span xexx8yu xyri2b x18d9i69 x1c1uobl x1hl2dhg x16tdsg8 x1vvkbs x3nfvp2 x1j61x8r x1fcty0u xdj266r xat24cr xm2jcoa x1mpyi22 xxymvpz xlup9mm x1kky2od\"><img loading=\"lazy\" class=\"xz74otr x15mokao x1ga7v0g x16uus16 xbiv7yw\" src=\"https:\/\/static.xx.fbcdn.net\/images\/emoji.php\/v9\/tc5\/1\/16\/1f90d.png\" alt=\"&#x1f90d;\" width=\"16\" height=\"16\"><\/span><br class=\"html-br\"><br class=\"html-br\">Aktivnost \u201e\u010citajmo zajedno\u201c svakog utorka u mjesecu provodi u\u010diteljica razredne nastave, na\u0161a sugra\u0111anka i dugogodi\u0161nja \u010dlanica knji\u017enice Anita Rostohar.<br class=\"html-br\"><br class=\"html-br\">O va\u017enosti \u010ditanja djeci od najranije dobi govore stru\u010dnjaci i brojna stru\u010dna literatura. \u010citanje poti\u010de razvoj govora, percepcije, pa\u017enje, koncentracije, pam\u0107enja, sposobnosti zaklju\u010divanja, kriti\u010dkog mi\u0161ljenja, ma\u0161te, motivacije za pri\u010danje i pismeno izra\u017eavanje; omogu\u0107uje djetetu stjecanje znanja, informacija, bogati se rje\u010dnik, poti\u010de prepoznavanje i razumijevanje svojih i tu\u0111ih osje\u0107aja, ali i mnogo mnogo vi\u0161e.<br class=\"html-br\"><br class=\"html-br\">Ova aktivnost u knji\u017enici namijenjena je svim uzrastima, od najranije dobi uz pratnju odrasle osobe, ali i za stariju djecu koja su zainteresirana za svijet bajki i pri\u010da. Na\u0161 dje\u010dji kutak rado ugo\u0161\u0107uje sve pri\u010doljupce, radoznalce, istra\u017eiva\u010de i zaljubljenike u bajke.<br class=\"html-br\"><br class=\"html-br\">\u010citamo utorkom u 17 sati<\/span>!<\/p>\n<p><a href=\"https:\/\/knjiznice.nsk.hr\/lepoglava\/pamflet04-2\/\"><img loading=\"lazy\" class=\"alignnone size-medium wp-image-4032\" src=\"http:\/\/knjiznice.nsk.hr\/lepoglava\/wp-content\/uploads\/sites\/22\/2026\/04\/pamflet04-212x300.jpg\" alt=\"\" width=\"212\" height=\"300\" srcset=\"https:\/\/knjiznice.nsk.hr\/lepoglava\/wp-content\/uploads\/sites\/22\/2026\/04\/pamflet04-212x300.jpg 212w, https:\/\/knjiznice.nsk.hr\/lepoglava\/wp-content\/uploads\/sites\/22\/2026\/04\/pamflet04-724x1024.jpg 724w, https:\/\/knjiznice.nsk.hr\/lepoglava\/wp-content\/uploads\/sites\/22\/2026\/04\/pamflet04-768x1087.jpg 768w, https:\/\/knjiznice.nsk.hr\/lepoglava\/wp-content\/uploads\/sites\/22\/2026\/04\/pamflet04-600x849.jpg 600w, https:\/\/knjiznice.nsk.hr\/lepoglava\/wp-content\/uploads\/sites\/22\/2026\/04\/pamflet04-1085x1536.jpg 1085w, https:\/\/knjiznice.nsk.hr\/lepoglava\/wp-content\/uploads\/sites\/22\/2026\/04\/pamflet04.jpg 1240w\" sizes=\"(max-width: 212px) 100vw, 212px\" \/><\/a><\/p>\n","protected":false},"excerpt":{"rendered":"<p>Naravno! \u010citamo i u travnju! Aktivnost \u201e\u010citajmo zajedno\u201c svakog utorka u mjesecu provodi u\u010diteljica razredne nastave, na\u0161a sugra\u0111anka i dugogodi\u0161nja \u010dlanica knji\u017enice Anita Rostohar.O va\u017enosti \u010ditanja djeci od najranije dobi govore stru\u010dnjaci i brojna stru\u010dna literatura. \u010citanje poti\u010de razvoj govora, percepcije, pa\u017enje, koncentracije, pam\u0107enja, sposobnosti zaklju\u010divanja, kriti\u010dkog mi\u0161ljenja, ma\u0161te, motivacije za pri\u010danje i pismeno izra\u017eavanje; [&hellip;]<\/p>\n","protected":false},"author":18,"featured_media":0,"comment_status":"closed","ping_status":"closed","sticky":false,"template":"","format":"standard","meta":{"ngg_post_thumbnail":0},"categories":[1],"tags":[],"yoast_head":"<!-- This site is optimized with the Yoast SEO plugin v16.4 - https:\/\/yoast.com\/wordpress\/plugins\/seo\/ -->\n<meta name=\"robots\" content=\"index, follow, max-snippet:-1, max-image-preview:large, max-video-preview:-1\" \/>\n<link rel=\"canonical\" href=\"https:\/\/knjiznice.nsk.hr\/lepoglava\/2026\/04\/06\/citamo-zajedno-i-u-travnju-2\/\" \/>\n<meta property=\"og:locale\" content=\"hr_HR\" \/>\n<meta property=\"og:type\" content=\"article\" \/>\n<meta property=\"og:title\" content=\"\u010citamo zajedno i u travnju - Gradska knji\u017enica Ivana Belostenca Lepoglava\" \/>\n<meta property=\"og:description\" content=\"Naravno! \u010citamo i u travnju! Aktivnost \u201e\u010citajmo zajedno\u201c svakog utorka u mjesecu provodi u\u010diteljica razredne nastave, na\u0161a sugra\u0111anka i dugogodi\u0161nja \u010dlanica knji\u017enice Anita Rostohar.O va\u017enosti \u010ditanja djeci od najranije dobi govore stru\u010dnjaci i brojna stru\u010dna literatura. \u010citanje poti\u010de razvoj govora, percepcije, pa\u017enje, koncentracije, pam\u0107enja, sposobnosti zaklju\u010divanja, kriti\u010dkog mi\u0161ljenja, ma\u0161te, motivacije za pri\u010danje i pismeno izra\u017eavanje; [&hellip;]\" \/>\n<meta property=\"og:url\" content=\"https:\/\/knjiznice.nsk.hr\/lepoglava\/2026\/04\/06\/citamo-zajedno-i-u-travnju-2\/\" \/>\n<meta property=\"og:site_name\" content=\"Gradska knji\u017enica Ivana Belostenca Lepoglava\" \/>\n<meta property=\"article:published_time\" content=\"2026-04-06T09:20:23+00:00\" \/>\n<meta property=\"article:modified_time\" content=\"2026-04-07T10:55:10+00:00\" \/>\n<meta property=\"og:image\" content=\"https:\/\/static.xx.fbcdn.net\/images\/emoji.php\/v9\/t49\/1\/16\/1f4da.png\" \/>\n<meta name=\"twitter:label1\" content=\"Procijenjeno vrijeme \u010ditanja\" \/>\n\t<meta name=\"twitter:data1\" content=\"1 minuta\" \/>\n<script type=\"application\/ld+json\" class=\"yoast-schema-graph\">{\"@context\":\"https:\/\/schema.org\",\"@graph\":[{\"@type\":\"WebSite\",\"@id\":\"https:\/\/knjiznice.nsk.hr\/lepoglava\/#website\",\"url\":\"https:\/\/knjiznice.nsk.hr\/lepoglava\/\",\"name\":\"Gradska knji\\u017enica Ivana Belostenca Lepoglava\",\"description\":\"\",\"potentialAction\":[{\"@type\":\"SearchAction\",\"target\":\"https:\/\/knjiznice.nsk.hr\/lepoglava\/?s={search_term_string}\",\"query-input\":\"required name=search_term_string\"}],\"inLanguage\":\"hr\"},{\"@type\":\"ImageObject\",\"@id\":\"https:\/\/knjiznice.nsk.hr\/lepoglava\/2026\/04\/06\/citamo-zajedno-i-u-travnju-2\/#primaryimage\",\"inLanguage\":\"hr\",\"url\":\"https:\/\/static.xx.fbcdn.net\/images\/emoji.php\/v9\/t49\/1\/16\/1f4da.png\",\"contentUrl\":\"https:\/\/static.xx.fbcdn.net\/images\/emoji.php\/v9\/t49\/1\/16\/1f4da.png\"},{\"@type\":\"WebPage\",\"@id\":\"https:\/\/knjiznice.nsk.hr\/lepoglava\/2026\/04\/06\/citamo-zajedno-i-u-travnju-2\/#webpage\",\"url\":\"https:\/\/knjiznice.nsk.hr\/lepoglava\/2026\/04\/06\/citamo-zajedno-i-u-travnju-2\/\",\"name\":\"\\u010citamo zajedno i u travnju - Gradska knji\\u017enica Ivana Belostenca Lepoglava\",\"isPartOf\":{\"@id\":\"https:\/\/knjiznice.nsk.hr\/lepoglava\/#website\"},\"primaryImageOfPage\":{\"@id\":\"https:\/\/knjiznice.nsk.hr\/lepoglava\/2026\/04\/06\/citamo-zajedno-i-u-travnju-2\/#primaryimage\"},\"datePublished\":\"2026-04-06T09:20:23+00:00\",\"dateModified\":\"2026-04-07T10:55:10+00:00\",\"author\":{\"@id\":\"https:\/\/knjiznice.nsk.hr\/lepoglava\/#\/schema\/person\/14dc66f44641ce38deb763484749e42c\"},\"breadcrumb\":{\"@id\":\"https:\/\/knjiznice.nsk.hr\/lepoglava\/2026\/04\/06\/citamo-zajedno-i-u-travnju-2\/#breadcrumb\"},\"inLanguage\":\"hr\",\"potentialAction\":[{\"@type\":\"ReadAction\",\"target\":[\"https:\/\/knjiznice.nsk.hr\/lepoglava\/2026\/04\/06\/citamo-zajedno-i-u-travnju-2\/\"]}]},{\"@type\":\"BreadcrumbList\",\"@id\":\"https:\/\/knjiznice.nsk.hr\/lepoglava\/2026\/04\/06\/citamo-zajedno-i-u-travnju-2\/#breadcrumb\",\"itemListElement\":[{\"@type\":\"ListItem\",\"position\":1,\"item\":{\"@type\":\"WebPage\",\"@id\":\"https:\/\/knjiznice.nsk.hr\/lepoglava\/\",\"url\":\"https:\/\/knjiznice.nsk.hr\/lepoglava\/\",\"name\":\"Po\\u010detna stranica\"}},{\"@type\":\"ListItem\",\"position\":2,\"item\":{\"@id\":\"https:\/\/knjiznice.nsk.hr\/lepoglava\/2026\/04\/06\/citamo-zajedno-i-u-travnju-2\/#webpage\"}}]},{\"@type\":\"Person\",\"@id\":\"https:\/\/knjiznice.nsk.hr\/lepoglava\/#\/schema\/person\/14dc66f44641ce38deb763484749e42c\",\"name\":\"lepoglava\",\"image\":{\"@type\":\"ImageObject\",\"@id\":\"https:\/\/knjiznice.nsk.hr\/lepoglava\/#personlogo\",\"inLanguage\":\"hr\",\"url\":\"https:\/\/secure.gravatar.com\/avatar\/a086e8fce86c47181a4299685e5b101f?s=96&d=mm&r=g\",\"contentUrl\":\"https:\/\/secure.gravatar.com\/avatar\/a086e8fce86c47181a4299685e5b101f?s=96&d=mm&r=g\",\"caption\":\"lepoglava\"},\"url\":\"https:\/\/knjiznice.nsk.hr\/lepoglava\/\"}]}<\/script>\n<!-- \/ Yoast SEO plugin. -->","_links":{"self":[{"href":"https:\/\/knjiznice.nsk.hr\/lepoglava\/wp-json\/wp\/v2\/posts\/4033"}],"collection":[{"href":"https:\/\/knjiznice.nsk.hr\/lepoglava\/wp-json\/wp\/v2\/posts"}],"about":[{"href":"https:\/\/knjiznice.nsk.hr\/lepoglava\/wp-json\/wp\/v2\/types\/post"}],"author":[{"embeddable":true,"href":"https:\/\/knjiznice.nsk.hr\/lepoglava\/wp-json\/wp\/v2\/users\/18"}],"replies":[{"embeddable":true,"href":"https:\/\/knjiznice.nsk.hr\/lepoglava\/wp-json\/wp\/v2\/comments?post=4033"}],"version-history":[{"count":1,"href":"https:\/\/knjiznice.nsk.hr\/lepoglava\/wp-json\/wp\/v2\/posts\/4033\/revisions"}],"predecessor-version":[{"id":4034,"href":"https:\/\/knjiznice.nsk.hr\/lepoglava\/wp-json\/wp\/v2\/posts\/4033\/revisions\/4034"}],"wp:attachment":[{"href":"https:\/\/knjiznice.nsk.hr\/lepoglava\/wp-json\/wp\/v2\/media?parent=4033"}],"wp:term":[{"taxonomy":"category","embeddable":true,"href":"https:\/\/knjiznice.nsk.hr\/lepoglava\/wp-json\/wp\/v2\/categories?post=4033"},{"taxonomy":"post_tag","embeddable":true,"href":"https:\/\/knjiznice.nsk.hr\/lepoglava\/wp-json\/wp\/v2\/tags?post=4033"}],"curies":[{"name":"wp","href":"https:\/\/api.w.org\/{rel}","templated":true}]}}