{"id":4012,"date":"2026-04-02T20:43:56","date_gmt":"2026-04-02T20:43:56","guid":{"rendered":"https:\/\/knjiznice.nsk.hr\/lepoglava\/?p=4012"},"modified":"2026-04-03T07:20:33","modified_gmt":"2026-04-03T07:20:33","slug":"obavijest-o-radnom-vremenu","status":"publish","type":"post","link":"https:\/\/knjiznice.nsk.hr\/lepoglava\/2026\/04\/02\/obavijest-o-radnom-vremenu\/","title":{"rendered":"Obavijest o radnom vremenu"},"content":{"rendered":"<p>Obavje\u0161tavamo na\u0161e \u010dlanove i korisnike da \u0107e knji\u017enica na Veliki petak, 03. travnja, raditi u skra\u0107enom radnom vremenu od 08 &#8211; 13 sati, a sukladno Odluci o utvr\u0111ivanju radnog kalendara Gradske knji\u017enice Ivana Belostenca Lepoglava za 2026. godinu, Urbroj: 1-2\/2026 od 02. sije\u010dnja 2026. godine objavljenu na Oglasnoj plo\u010di knji\u017enice.<\/p>\n<p>Hvala na razumijevanju. &#x1f4da;&#x1f90d;<\/p>\n<p><a href=\"https:\/\/knjiznice.nsk.hr\/lepoglava\/img_6355\/\"><img loading=\"lazy\" class=\"alignnone size-medium wp-image-4011\" src=\"http:\/\/knjiznice.nsk.hr\/lepoglava\/wp-content\/uploads\/sites\/22\/2026\/04\/IMG_6355-257x300.jpeg\" alt=\"\" width=\"257\" height=\"300\" srcset=\"https:\/\/knjiznice.nsk.hr\/lepoglava\/wp-content\/uploads\/sites\/22\/2026\/04\/IMG_6355-257x300.jpeg 257w, https:\/\/knjiznice.nsk.hr\/lepoglava\/wp-content\/uploads\/sites\/22\/2026\/04\/IMG_6355.jpeg 498w\" sizes=\"(max-width: 257px) 100vw, 257px\" \/><\/a><\/p>\n","protected":false},"excerpt":{"rendered":"<p>Obavje\u0161tavamo na\u0161e \u010dlanove i korisnike da \u0107e knji\u017enica na Veliki petak, 03. travnja, raditi u skra\u0107enom radnom vremenu od 08 &#8211; 13 sati, a sukladno Odluci o utvr\u0111ivanju radnog kalendara Gradske knji\u017enice Ivana Belostenca Lepoglava za 2026. godinu, Urbroj: 1-2\/2026 od 02. sije\u010dnja 2026. godine objavljenu na Oglasnoj plo\u010di knji\u017enice. Hvala na razumijevanju. &#x1f4da;&#x1f90d;<\/p>\n","protected":false},"author":18,"featured_media":0,"comment_status":"closed","ping_status":"closed","sticky":false,"template":"","format":"standard","meta":{"ngg_post_thumbnail":0},"categories":[1],"tags":[],"yoast_head":"<!-- This site is optimized with the Yoast SEO plugin v16.4 - https:\/\/yoast.com\/wordpress\/plugins\/seo\/ -->\n<meta name=\"robots\" content=\"index, follow, max-snippet:-1, max-image-preview:large, max-video-preview:-1\" \/>\n<link rel=\"canonical\" href=\"https:\/\/knjiznice.nsk.hr\/lepoglava\/2026\/04\/02\/obavijest-o-radnom-vremenu\/\" \/>\n<meta property=\"og:locale\" content=\"hr_HR\" \/>\n<meta property=\"og:type\" content=\"article\" \/>\n<meta property=\"og:title\" content=\"Obavijest o radnom vremenu - Gradska knji\u017enica Ivana Belostenca Lepoglava\" \/>\n<meta property=\"og:description\" content=\"Obavje\u0161tavamo na\u0161e \u010dlanove i korisnike da \u0107e knji\u017enica na Veliki petak, 03. travnja, raditi u skra\u0107enom radnom vremenu od 08 &#8211; 13 sati, a sukladno Odluci o utvr\u0111ivanju radnog kalendara Gradske knji\u017enice Ivana Belostenca Lepoglava za 2026. godinu, Urbroj: 1-2\/2026 od 02. sije\u010dnja 2026. godine objavljenu na Oglasnoj plo\u010di knji\u017enice. Hvala na razumijevanju. &#x1f4da;&#x1f90d;\" \/>\n<meta property=\"og:url\" content=\"https:\/\/knjiznice.nsk.hr\/lepoglava\/2026\/04\/02\/obavijest-o-radnom-vremenu\/\" \/>\n<meta property=\"og:site_name\" content=\"Gradska knji\u017enica Ivana Belostenca Lepoglava\" \/>\n<meta property=\"article:published_time\" content=\"2026-04-02T20:43:56+00:00\" \/>\n<meta property=\"article:modified_time\" content=\"2026-04-03T07:20:33+00:00\" \/>\n<meta property=\"og:image\" content=\"http:\/\/knjiznice.nsk.hr\/lepoglava\/wp-content\/uploads\/sites\/22\/2026\/04\/IMG_6355-257x300.jpeg\" \/>\n<meta name=\"twitter:label1\" content=\"Procijenjeno vrijeme \u010ditanja\" \/>\n\t<meta name=\"twitter:data1\" content=\"1 minuta\" \/>\n<script type=\"application\/ld+json\" class=\"yoast-schema-graph\">{\"@context\":\"https:\/\/schema.org\",\"@graph\":[{\"@type\":\"WebSite\",\"@id\":\"http:\/\/knjiznice.nsk.hr\/lepoglava\/#website\",\"url\":\"http:\/\/knjiznice.nsk.hr\/lepoglava\/\",\"name\":\"Gradska knji\\u017enica Ivana Belostenca Lepoglava\",\"description\":\"\",\"potentialAction\":[{\"@type\":\"SearchAction\",\"target\":\"http:\/\/knjiznice.nsk.hr\/lepoglava\/?s={search_term_string}\",\"query-input\":\"required name=search_term_string\"}],\"inLanguage\":\"hr\"},{\"@type\":\"ImageObject\",\"@id\":\"https:\/\/knjiznice.nsk.hr\/lepoglava\/2026\/04\/02\/obavijest-o-radnom-vremenu\/#primaryimage\",\"inLanguage\":\"hr\",\"url\":\"http:\/\/knjiznice.nsk.hr\/lepoglava\/wp-content\/uploads\/sites\/22\/2026\/04\/IMG_6355-257x300.jpeg\",\"contentUrl\":\"http:\/\/knjiznice.nsk.hr\/lepoglava\/wp-content\/uploads\/sites\/22\/2026\/04\/IMG_6355-257x300.jpeg\"},{\"@type\":\"WebPage\",\"@id\":\"https:\/\/knjiznice.nsk.hr\/lepoglava\/2026\/04\/02\/obavijest-o-radnom-vremenu\/#webpage\",\"url\":\"https:\/\/knjiznice.nsk.hr\/lepoglava\/2026\/04\/02\/obavijest-o-radnom-vremenu\/\",\"name\":\"Obavijest o radnom vremenu - Gradska knji\\u017enica Ivana Belostenca Lepoglava\",\"isPartOf\":{\"@id\":\"http:\/\/knjiznice.nsk.hr\/lepoglava\/#website\"},\"primaryImageOfPage\":{\"@id\":\"https:\/\/knjiznice.nsk.hr\/lepoglava\/2026\/04\/02\/obavijest-o-radnom-vremenu\/#primaryimage\"},\"datePublished\":\"2026-04-02T20:43:56+00:00\",\"dateModified\":\"2026-04-03T07:20:33+00:00\",\"author\":{\"@id\":\"http:\/\/knjiznice.nsk.hr\/lepoglava\/#\/schema\/person\/14dc66f44641ce38deb763484749e42c\"},\"breadcrumb\":{\"@id\":\"https:\/\/knjiznice.nsk.hr\/lepoglava\/2026\/04\/02\/obavijest-o-radnom-vremenu\/#breadcrumb\"},\"inLanguage\":\"hr\",\"potentialAction\":[{\"@type\":\"ReadAction\",\"target\":[\"https:\/\/knjiznice.nsk.hr\/lepoglava\/2026\/04\/02\/obavijest-o-radnom-vremenu\/\"]}]},{\"@type\":\"BreadcrumbList\",\"@id\":\"https:\/\/knjiznice.nsk.hr\/lepoglava\/2026\/04\/02\/obavijest-o-radnom-vremenu\/#breadcrumb\",\"itemListElement\":[{\"@type\":\"ListItem\",\"position\":1,\"item\":{\"@type\":\"WebPage\",\"@id\":\"http:\/\/knjiznice.nsk.hr\/lepoglava\/\",\"url\":\"http:\/\/knjiznice.nsk.hr\/lepoglava\/\",\"name\":\"Po\\u010detna stranica\"}},{\"@type\":\"ListItem\",\"position\":2,\"item\":{\"@id\":\"https:\/\/knjiznice.nsk.hr\/lepoglava\/2026\/04\/02\/obavijest-o-radnom-vremenu\/#webpage\"}}]},{\"@type\":\"Person\",\"@id\":\"http:\/\/knjiznice.nsk.hr\/lepoglava\/#\/schema\/person\/14dc66f44641ce38deb763484749e42c\",\"name\":\"lepoglava\",\"image\":{\"@type\":\"ImageObject\",\"@id\":\"http:\/\/knjiznice.nsk.hr\/lepoglava\/#personlogo\",\"inLanguage\":\"hr\",\"url\":\"https:\/\/secure.gravatar.com\/avatar\/a086e8fce86c47181a4299685e5b101f?s=96&d=mm&r=g\",\"contentUrl\":\"https:\/\/secure.gravatar.com\/avatar\/a086e8fce86c47181a4299685e5b101f?s=96&d=mm&r=g\",\"caption\":\"lepoglava\"},\"url\":\"https:\/\/knjiznice.nsk.hr\/lepoglava\/\"}]}<\/script>\n<!-- \/ Yoast SEO plugin. -->","_links":{"self":[{"href":"https:\/\/knjiznice.nsk.hr\/lepoglava\/wp-json\/wp\/v2\/posts\/4012"}],"collection":[{"href":"https:\/\/knjiznice.nsk.hr\/lepoglava\/wp-json\/wp\/v2\/posts"}],"about":[{"href":"https:\/\/knjiznice.nsk.hr\/lepoglava\/wp-json\/wp\/v2\/types\/post"}],"author":[{"embeddable":true,"href":"https:\/\/knjiznice.nsk.hr\/lepoglava\/wp-json\/wp\/v2\/users\/18"}],"replies":[{"embeddable":true,"href":"https:\/\/knjiznice.nsk.hr\/lepoglava\/wp-json\/wp\/v2\/comments?post=4012"}],"version-history":[{"count":2,"href":"https:\/\/knjiznice.nsk.hr\/lepoglava\/wp-json\/wp\/v2\/posts\/4012\/revisions"}],"predecessor-version":[{"id":4014,"href":"https:\/\/knjiznice.nsk.hr\/lepoglava\/wp-json\/wp\/v2\/posts\/4012\/revisions\/4014"}],"wp:attachment":[{"href":"https:\/\/knjiznice.nsk.hr\/lepoglava\/wp-json\/wp\/v2\/media?parent=4012"}],"wp:term":[{"taxonomy":"category","embeddable":true,"href":"https:\/\/knjiznice.nsk.hr\/lepoglava\/wp-json\/wp\/v2\/categories?post=4012"},{"taxonomy":"post_tag","embeddable":true,"href":"https:\/\/knjiznice.nsk.hr\/lepoglava\/wp-json\/wp\/v2\/tags?post=4012"}],"curies":[{"name":"wp","href":"https:\/\/api.w.org\/{rel}","templated":true}]}}