{"id":4008,"date":"2026-04-02T12:34:43","date_gmt":"2026-04-02T12:34:43","guid":{"rendered":"https:\/\/knjiznice.nsk.hr\/lepoglava\/?p=4008"},"modified":"2026-04-02T12:35:09","modified_gmt":"2026-04-02T12:35:09","slug":"medunarodni-dan-djecje-knjige-02-travanj","status":"publish","type":"post","link":"https:\/\/knjiznice.nsk.hr\/lepoglava\/2026\/04\/02\/medunarodni-dan-djecje-knjige-02-travanj\/","title":{"rendered":"Me\u0111unarodni dan dje\u010dje knjige 02. travanj"},"content":{"rendered":"<div class=\"xdj266r x14z9mp xat24cr x1lziwak x1vvkbs x126k92a\">\n<div dir=\"auto\">&#8220;<em>Sadite pri\u010de i svijet \u0107e procvjetati<\/em>&#8221; poruka je ovogodi\u0161njeg <strong>Me\u0111unarodnog dana dje\u010dje knjige<\/strong>. Me\u0111unarodni odbor za knjige za mlade neprofitno je udru\u017eenje koje obilje\u017eava ovaj doga\u0111aj od 1967. godine, a svake je godine pokrovitelj jedna od \u010dlanica koja osmi\u0161ljava poruku i poster za sve sekcije. Ove godine to je IBBY Cipar; autorica prekrasne poruke djeci svijeta je Elena Perikleous, a poster je likovno osmislila Sandra Elephteriou.<\/div>\n<div dir=\"auto\"><a href=\"https:\/\/knjiznice.nsk.hr\/lepoglava\/plakat-13-rodendan-citaj-mi-1-2\/\"><img loading=\"lazy\" class=\"alignnone size-medium wp-image-4006\" src=\"http:\/\/knjiznice.nsk.hr\/lepoglava\/wp-content\/uploads\/sites\/22\/2026\/04\/Plakat-13-rodendan-Citaj-mi-1-1-212x300.jpg\" alt=\"\" width=\"212\" height=\"300\" srcset=\"https:\/\/knjiznice.nsk.hr\/lepoglava\/wp-content\/uploads\/sites\/22\/2026\/04\/Plakat-13-rodendan-Citaj-mi-1-1-212x300.jpg 212w, https:\/\/knjiznice.nsk.hr\/lepoglava\/wp-content\/uploads\/sites\/22\/2026\/04\/Plakat-13-rodendan-Citaj-mi-1-1-724x1024.jpg 724w, https:\/\/knjiznice.nsk.hr\/lepoglava\/wp-content\/uploads\/sites\/22\/2026\/04\/Plakat-13-rodendan-Citaj-mi-1-1-768x1086.jpg 768w, https:\/\/knjiznice.nsk.hr\/lepoglava\/wp-content\/uploads\/sites\/22\/2026\/04\/Plakat-13-rodendan-Citaj-mi-1-1-600x848.jpg 600w, https:\/\/knjiznice.nsk.hr\/lepoglava\/wp-content\/uploads\/sites\/22\/2026\/04\/Plakat-13-rodendan-Citaj-mi-1-1.jpg 1024w\" sizes=\"(max-width: 212px) 100vw, 212px\" \/><\/a> <a href=\"https:\/\/knjiznice.nsk.hr\/lepoglava\/poruka-djeci-svijeta2\/\"><img loading=\"lazy\" class=\"alignnone size-medium wp-image-4007\" src=\"http:\/\/knjiznice.nsk.hr\/lepoglava\/wp-content\/uploads\/sites\/22\/2026\/04\/Poruka-djeci-svijeta2-212x300.jpg\" alt=\"\" width=\"212\" height=\"300\" srcset=\"https:\/\/knjiznice.nsk.hr\/lepoglava\/wp-content\/uploads\/sites\/22\/2026\/04\/Poruka-djeci-svijeta2-212x300.jpg 212w, https:\/\/knjiznice.nsk.hr\/lepoglava\/wp-content\/uploads\/sites\/22\/2026\/04\/Poruka-djeci-svijeta2-724x1024.jpg 724w, https:\/\/knjiznice.nsk.hr\/lepoglava\/wp-content\/uploads\/sites\/22\/2026\/04\/Poruka-djeci-svijeta2-768x1086.jpg 768w, https:\/\/knjiznice.nsk.hr\/lepoglava\/wp-content\/uploads\/sites\/22\/2026\/04\/Poruka-djeci-svijeta2-600x848.jpg 600w, https:\/\/knjiznice.nsk.hr\/lepoglava\/wp-content\/uploads\/sites\/22\/2026\/04\/Poruka-djeci-svijeta2.jpg 1024w\" sizes=\"(max-width: 212px) 100vw, 212px\" \/><\/a><\/div>\n<\/div>\n","protected":false},"excerpt":{"rendered":"<p>&#8220;Sadite pri\u010de i svijet \u0107e procvjetati&#8221; poruka je ovogodi\u0161njeg Me\u0111unarodnog dana dje\u010dje knjige. Me\u0111unarodni odbor za knjige za mlade neprofitno je udru\u017eenje koje obilje\u017eava ovaj doga\u0111aj od 1967. godine, a svake je godine pokrovitelj jedna od \u010dlanica koja osmi\u0161ljava poruku i poster za sve sekcije. Ove godine to je IBBY Cipar; autorica prekrasne poruke djeci [&hellip;]<\/p>\n","protected":false},"author":18,"featured_media":0,"comment_status":"closed","ping_status":"closed","sticky":false,"template":"","format":"standard","meta":{"ngg_post_thumbnail":0},"categories":[1],"tags":[],"yoast_head":"<!-- This site is optimized with the Yoast SEO plugin v16.4 - https:\/\/yoast.com\/wordpress\/plugins\/seo\/ -->\n<meta name=\"robots\" content=\"index, follow, max-snippet:-1, max-image-preview:large, max-video-preview:-1\" \/>\n<link rel=\"canonical\" href=\"https:\/\/knjiznice.nsk.hr\/lepoglava\/2026\/04\/02\/medunarodni-dan-djecje-knjige-02-travanj\/\" \/>\n<meta property=\"og:locale\" content=\"hr_HR\" \/>\n<meta property=\"og:type\" content=\"article\" \/>\n<meta property=\"og:title\" content=\"Me\u0111unarodni dan dje\u010dje knjige 02. travanj - Gradska knji\u017enica Ivana Belostenca Lepoglava\" \/>\n<meta property=\"og:description\" content=\"&#8220;Sadite pri\u010de i svijet \u0107e procvjetati&#8221; poruka je ovogodi\u0161njeg Me\u0111unarodnog dana dje\u010dje knjige. Me\u0111unarodni odbor za knjige za mlade neprofitno je udru\u017eenje koje obilje\u017eava ovaj doga\u0111aj od 1967. godine, a svake je godine pokrovitelj jedna od \u010dlanica koja osmi\u0161ljava poruku i poster za sve sekcije. Ove godine to je IBBY Cipar; autorica prekrasne poruke djeci [&hellip;]\" \/>\n<meta property=\"og:url\" content=\"https:\/\/knjiznice.nsk.hr\/lepoglava\/2026\/04\/02\/medunarodni-dan-djecje-knjige-02-travanj\/\" \/>\n<meta property=\"og:site_name\" content=\"Gradska knji\u017enica Ivana Belostenca Lepoglava\" \/>\n<meta property=\"article:published_time\" content=\"2026-04-02T12:34:43+00:00\" \/>\n<meta property=\"article:modified_time\" content=\"2026-04-02T12:35:09+00:00\" \/>\n<meta property=\"og:image\" content=\"http:\/\/knjiznice.nsk.hr\/lepoglava\/wp-content\/uploads\/sites\/22\/2026\/04\/Plakat-13-rodendan-Citaj-mi-1-1-212x300.jpg\" \/>\n<meta name=\"twitter:label1\" content=\"Procijenjeno vrijeme \u010ditanja\" \/>\n\t<meta name=\"twitter:data1\" content=\"1 minuta\" \/>\n<script type=\"application\/ld+json\" class=\"yoast-schema-graph\">{\"@context\":\"https:\/\/schema.org\",\"@graph\":[{\"@type\":\"WebSite\",\"@id\":\"https:\/\/knjiznice.nsk.hr\/lepoglava\/#website\",\"url\":\"https:\/\/knjiznice.nsk.hr\/lepoglava\/\",\"name\":\"Gradska knji\\u017enica Ivana Belostenca Lepoglava\",\"description\":\"\",\"potentialAction\":[{\"@type\":\"SearchAction\",\"target\":\"https:\/\/knjiznice.nsk.hr\/lepoglava\/?s={search_term_string}\",\"query-input\":\"required name=search_term_string\"}],\"inLanguage\":\"hr\"},{\"@type\":\"ImageObject\",\"@id\":\"https:\/\/knjiznice.nsk.hr\/lepoglava\/2026\/04\/02\/medunarodni-dan-djecje-knjige-02-travanj\/#primaryimage\",\"inLanguage\":\"hr\",\"url\":\"http:\/\/knjiznice.nsk.hr\/lepoglava\/wp-content\/uploads\/sites\/22\/2026\/04\/Plakat-13-rodendan-Citaj-mi-1-1-212x300.jpg\",\"contentUrl\":\"http:\/\/knjiznice.nsk.hr\/lepoglava\/wp-content\/uploads\/sites\/22\/2026\/04\/Plakat-13-rodendan-Citaj-mi-1-1-212x300.jpg\"},{\"@type\":\"WebPage\",\"@id\":\"https:\/\/knjiznice.nsk.hr\/lepoglava\/2026\/04\/02\/medunarodni-dan-djecje-knjige-02-travanj\/#webpage\",\"url\":\"https:\/\/knjiznice.nsk.hr\/lepoglava\/2026\/04\/02\/medunarodni-dan-djecje-knjige-02-travanj\/\",\"name\":\"Me\\u0111unarodni dan dje\\u010dje knjige 02. travanj - Gradska knji\\u017enica Ivana Belostenca Lepoglava\",\"isPartOf\":{\"@id\":\"https:\/\/knjiznice.nsk.hr\/lepoglava\/#website\"},\"primaryImageOfPage\":{\"@id\":\"https:\/\/knjiznice.nsk.hr\/lepoglava\/2026\/04\/02\/medunarodni-dan-djecje-knjige-02-travanj\/#primaryimage\"},\"datePublished\":\"2026-04-02T12:34:43+00:00\",\"dateModified\":\"2026-04-02T12:35:09+00:00\",\"author\":{\"@id\":\"https:\/\/knjiznice.nsk.hr\/lepoglava\/#\/schema\/person\/14dc66f44641ce38deb763484749e42c\"},\"breadcrumb\":{\"@id\":\"https:\/\/knjiznice.nsk.hr\/lepoglava\/2026\/04\/02\/medunarodni-dan-djecje-knjige-02-travanj\/#breadcrumb\"},\"inLanguage\":\"hr\",\"potentialAction\":[{\"@type\":\"ReadAction\",\"target\":[\"https:\/\/knjiznice.nsk.hr\/lepoglava\/2026\/04\/02\/medunarodni-dan-djecje-knjige-02-travanj\/\"]}]},{\"@type\":\"BreadcrumbList\",\"@id\":\"https:\/\/knjiznice.nsk.hr\/lepoglava\/2026\/04\/02\/medunarodni-dan-djecje-knjige-02-travanj\/#breadcrumb\",\"itemListElement\":[{\"@type\":\"ListItem\",\"position\":1,\"item\":{\"@type\":\"WebPage\",\"@id\":\"https:\/\/knjiznice.nsk.hr\/lepoglava\/\",\"url\":\"https:\/\/knjiznice.nsk.hr\/lepoglava\/\",\"name\":\"Po\\u010detna stranica\"}},{\"@type\":\"ListItem\",\"position\":2,\"item\":{\"@id\":\"https:\/\/knjiznice.nsk.hr\/lepoglava\/2026\/04\/02\/medunarodni-dan-djecje-knjige-02-travanj\/#webpage\"}}]},{\"@type\":\"Person\",\"@id\":\"https:\/\/knjiznice.nsk.hr\/lepoglava\/#\/schema\/person\/14dc66f44641ce38deb763484749e42c\",\"name\":\"lepoglava\",\"image\":{\"@type\":\"ImageObject\",\"@id\":\"https:\/\/knjiznice.nsk.hr\/lepoglava\/#personlogo\",\"inLanguage\":\"hr\",\"url\":\"https:\/\/secure.gravatar.com\/avatar\/a086e8fce86c47181a4299685e5b101f?s=96&d=mm&r=g\",\"contentUrl\":\"https:\/\/secure.gravatar.com\/avatar\/a086e8fce86c47181a4299685e5b101f?s=96&d=mm&r=g\",\"caption\":\"lepoglava\"},\"url\":\"https:\/\/knjiznice.nsk.hr\/lepoglava\/\"}]}<\/script>\n<!-- \/ Yoast SEO plugin. -->","_links":{"self":[{"href":"https:\/\/knjiznice.nsk.hr\/lepoglava\/wp-json\/wp\/v2\/posts\/4008"}],"collection":[{"href":"https:\/\/knjiznice.nsk.hr\/lepoglava\/wp-json\/wp\/v2\/posts"}],"about":[{"href":"https:\/\/knjiznice.nsk.hr\/lepoglava\/wp-json\/wp\/v2\/types\/post"}],"author":[{"embeddable":true,"href":"https:\/\/knjiznice.nsk.hr\/lepoglava\/wp-json\/wp\/v2\/users\/18"}],"replies":[{"embeddable":true,"href":"https:\/\/knjiznice.nsk.hr\/lepoglava\/wp-json\/wp\/v2\/comments?post=4008"}],"version-history":[{"count":2,"href":"https:\/\/knjiznice.nsk.hr\/lepoglava\/wp-json\/wp\/v2\/posts\/4008\/revisions"}],"predecessor-version":[{"id":4010,"href":"https:\/\/knjiznice.nsk.hr\/lepoglava\/wp-json\/wp\/v2\/posts\/4008\/revisions\/4010"}],"wp:attachment":[{"href":"https:\/\/knjiznice.nsk.hr\/lepoglava\/wp-json\/wp\/v2\/media?parent=4008"}],"wp:term":[{"taxonomy":"category","embeddable":true,"href":"https:\/\/knjiznice.nsk.hr\/lepoglava\/wp-json\/wp\/v2\/categories?post=4008"},{"taxonomy":"post_tag","embeddable":true,"href":"https:\/\/knjiznice.nsk.hr\/lepoglava\/wp-json\/wp\/v2\/tags?post=4008"}],"curies":[{"name":"wp","href":"https:\/\/api.w.org\/{rel}","templated":true}]}}