{"id":393,"date":"2020-04-18T06:39:10","date_gmt":"2020-04-18T06:39:10","guid":{"rendered":"http:\/\/knjiznice.nsk.hr\/lepoglava\/?p=393"},"modified":"2020-04-18T06:39:10","modified_gmt":"2020-04-18T06:39:10","slug":"decameron-2020-price-iz-karantene","status":"publish","type":"post","link":"https:\/\/knjiznice.nsk.hr\/lepoglava\/2020\/04\/18\/decameron-2020-price-iz-karantene\/","title":{"rendered":"Decameron 2020 &#8211; pri\u010de iz karantene"},"content":{"rendered":"<p><a href=\"http:\/\/knjiznice.nsk.hr\/lepoglava\/za-face\/\"><img loading=\"lazy\" class=\"alignnone size-medium wp-image-392\" src=\"http:\/\/knjiznice.nsk.hr\/lepoglava\/wp-content\/uploads\/sites\/22\/2020\/04\/za-face-300x274.jpg\" alt=\"\" width=\"300\" height=\"274\" srcset=\"https:\/\/knjiznice.nsk.hr\/lepoglava\/wp-content\/uploads\/sites\/22\/2020\/04\/za-face-300x274.jpg 300w, https:\/\/knjiznice.nsk.hr\/lepoglava\/wp-content\/uploads\/sites\/22\/2020\/04\/za-face-1024x934.jpg 1024w, https:\/\/knjiznice.nsk.hr\/lepoglava\/wp-content\/uploads\/sites\/22\/2020\/04\/za-face-768x700.jpg 768w, https:\/\/knjiznice.nsk.hr\/lepoglava\/wp-content\/uploads\/sites\/22\/2020\/04\/za-face-600x547.jpg 600w, https:\/\/knjiznice.nsk.hr\/lepoglava\/wp-content\/uploads\/sites\/22\/2020\/04\/za-face.jpg 1080w\" sizes=\"(max-width: 300px) 100vw, 300px\" \/><\/a><\/p>\n<p>Netom prije uvo\u0111enja karantene krajem o\u017eujka 2020. godine, dok su polako pristizale obavijesti o ukidanju i odga\u0111anju kulturnih, pa tako i knji\u017eevnih doga\u0111anja oko nas, na neformalnom spisateljskom dru\u017eenju oformljena je ideja o poja\u010davanju knji\u017eevnog sadr\u017eaja u virtualnim okvirima dok se ponovno ne uspostavi mogu\u0107nost razmjene knjiga, pri\u010da i preporuka za \u010ditanje u\u017eivo.<\/p>\n<p>Zbog toga je pokrenuta platforma za kolektivno knji\u017eevno stvarala\u0161tvo u kojoj mogu sudjelovati svi zainteresirani autori i \u010ditatelji, online event pod nazivom <strong>Decameron 2020 &#8211; pri\u010de iz <\/strong><strong>karantene<\/strong>. Cilj je ove inicijative ispuniti virtualni krajolik kratkim pri\u010dama nastalima u vrijeme pandemije te \u010ditateljima, prikovanima uz ekrane, ponuditi umjetni\u010dki sadr\u017eaj koji \u0107e donekle nadomjestiti odgo\u0111ene i otkazane kulturne programe.<\/p>\n<p>Odabrane pri\u010de se za vrijeme borbe s pandemijom jednom dnevno, u kasno popodnevnim satima, objavljuju punim tekstom na blogu <a href=\"https:\/\/decameron2020price.wordpress.com\/\"><strong>decameron2020price.wordpress.com<\/strong><\/a> i pripadaju\u0107im dru\u0161tvenim mre\u017eama, te su dostupne svim zainteresiranima \u010ditateljima. Blog je dizajnom prilago\u0111en \u010ditanju na razli\u010ditim ure\u0111ajima, a pri\u010de se mogu pretra\u017eivati po temama putem padaju\u0107eg izbornika u zaglavlju web stranice.<\/p>\n<p>Organizatorice ovog doga\u0111aja su rije\u010dke spisateljice Ana Cerovac (komparatistica), Antonija Me\u017enari\u0107 (kroatistica) i Vesna Kurili\u0107 (knji\u017eni\u010darka). Ovom prilikom pozivaju autore da razvesele svoje sugra\u0111ane malom dozom knji\u017eevnosti, a \u010ditatelje da skrate vrijeme dokolice, zabave se i opuste uz pri\u010de pisane \u201cu doba korone\u201d.<\/p>\n<p><strong>Kontakt<\/strong>: decameron2020.hr@gmail.com<\/p>\n<p><strong>Poveznice<\/strong>: Facebook: <a href=\"https:\/\/www.facebook.com\/decameron2020price\/\">https:\/\/www.facebook.com\/decameron2020price\/<\/a><\/p>\n<p>&nbsp;&nbsp;&nbsp;&nbsp;&nbsp;&nbsp;&nbsp;&nbsp;&nbsp;&nbsp;&nbsp; &nbsp;&nbsp;&nbsp;&nbsp;&nbsp;&nbsp;&nbsp;&nbsp;&nbsp;&nbsp;&nbsp;&nbsp;&nbsp;&nbsp; Web: <a href=\"https:\/\/decameron2020price.wordpress.com\/\">https:\/\/decameron2020price.wordpress.com\/<\/a><\/p>\n","protected":false},"excerpt":{"rendered":"<p>Netom prije uvo\u0111enja karantene krajem o\u017eujka 2020. godine, dok su polako pristizale obavijesti o ukidanju i odga\u0111anju kulturnih, pa tako i knji\u017eevnih doga\u0111anja oko nas, na neformalnom spisateljskom dru\u017eenju oformljena je ideja o poja\u010davanju knji\u017eevnog sadr\u017eaja u virtualnim okvirima dok se ponovno ne uspostavi mogu\u0107nost razmjene knjiga, pri\u010da i preporuka za \u010ditanje u\u017eivo. Zbog toga [&hellip;]<\/p>\n","protected":false},"author":18,"featured_media":0,"comment_status":"closed","ping_status":"closed","sticky":false,"template":"","format":"standard","meta":{"ngg_post_thumbnail":0},"categories":[1],"tags":[],"yoast_head":"<!-- This site is optimized with the Yoast SEO plugin v16.4 - https:\/\/yoast.com\/wordpress\/plugins\/seo\/ -->\n<meta name=\"robots\" content=\"index, follow, max-snippet:-1, max-image-preview:large, max-video-preview:-1\" \/>\n<link rel=\"canonical\" href=\"https:\/\/knjiznice.nsk.hr\/lepoglava\/2020\/04\/18\/decameron-2020-price-iz-karantene\/\" \/>\n<meta property=\"og:locale\" content=\"hr_HR\" \/>\n<meta property=\"og:type\" content=\"article\" \/>\n<meta property=\"og:title\" content=\"Decameron 2020 - pri\u010de iz karantene - Gradska knji\u017enica Ivana Belostenca Lepoglava\" \/>\n<meta property=\"og:description\" content=\"Netom prije uvo\u0111enja karantene krajem o\u017eujka 2020. godine, dok su polako pristizale obavijesti o ukidanju i odga\u0111anju kulturnih, pa tako i knji\u017eevnih doga\u0111anja oko nas, na neformalnom spisateljskom dru\u017eenju oformljena je ideja o poja\u010davanju knji\u017eevnog sadr\u017eaja u virtualnim okvirima dok se ponovno ne uspostavi mogu\u0107nost razmjene knjiga, pri\u010da i preporuka za \u010ditanje u\u017eivo. Zbog toga [&hellip;]\" \/>\n<meta property=\"og:url\" content=\"https:\/\/knjiznice.nsk.hr\/lepoglava\/2020\/04\/18\/decameron-2020-price-iz-karantene\/\" \/>\n<meta property=\"og:site_name\" content=\"Gradska knji\u017enica Ivana Belostenca Lepoglava\" \/>\n<meta property=\"article:published_time\" content=\"2020-04-18T06:39:10+00:00\" \/>\n<meta property=\"og:image\" content=\"http:\/\/knjiznice.nsk.hr\/lepoglava\/wp-content\/uploads\/sites\/22\/2020\/04\/za-face-300x274.jpg\" \/>\n<meta name=\"twitter:label1\" content=\"Procijenjeno vrijeme \u010ditanja\" \/>\n\t<meta name=\"twitter:data1\" content=\"1 minuta\" \/>\n<script type=\"application\/ld+json\" class=\"yoast-schema-graph\">{\"@context\":\"https:\/\/schema.org\",\"@graph\":[{\"@type\":\"WebSite\",\"@id\":\"http:\/\/knjiznice.nsk.hr\/lepoglava\/#website\",\"url\":\"http:\/\/knjiznice.nsk.hr\/lepoglava\/\",\"name\":\"Gradska knji\\u017enica Ivana Belostenca Lepoglava\",\"description\":\"\",\"potentialAction\":[{\"@type\":\"SearchAction\",\"target\":\"http:\/\/knjiznice.nsk.hr\/lepoglava\/?s={search_term_string}\",\"query-input\":\"required name=search_term_string\"}],\"inLanguage\":\"hr\"},{\"@type\":\"ImageObject\",\"@id\":\"https:\/\/knjiznice.nsk.hr\/lepoglava\/2020\/04\/18\/decameron-2020-price-iz-karantene\/#primaryimage\",\"inLanguage\":\"hr\",\"url\":\"http:\/\/knjiznice.nsk.hr\/lepoglava\/wp-content\/uploads\/sites\/22\/2020\/04\/za-face-300x274.jpg\",\"contentUrl\":\"http:\/\/knjiznice.nsk.hr\/lepoglava\/wp-content\/uploads\/sites\/22\/2020\/04\/za-face-300x274.jpg\"},{\"@type\":\"WebPage\",\"@id\":\"https:\/\/knjiznice.nsk.hr\/lepoglava\/2020\/04\/18\/decameron-2020-price-iz-karantene\/#webpage\",\"url\":\"https:\/\/knjiznice.nsk.hr\/lepoglava\/2020\/04\/18\/decameron-2020-price-iz-karantene\/\",\"name\":\"Decameron 2020 - pri\\u010de iz karantene - Gradska knji\\u017enica Ivana Belostenca Lepoglava\",\"isPartOf\":{\"@id\":\"http:\/\/knjiznice.nsk.hr\/lepoglava\/#website\"},\"primaryImageOfPage\":{\"@id\":\"https:\/\/knjiznice.nsk.hr\/lepoglava\/2020\/04\/18\/decameron-2020-price-iz-karantene\/#primaryimage\"},\"datePublished\":\"2020-04-18T06:39:10+00:00\",\"dateModified\":\"2020-04-18T06:39:10+00:00\",\"author\":{\"@id\":\"http:\/\/knjiznice.nsk.hr\/lepoglava\/#\/schema\/person\/14dc66f44641ce38deb763484749e42c\"},\"breadcrumb\":{\"@id\":\"https:\/\/knjiznice.nsk.hr\/lepoglava\/2020\/04\/18\/decameron-2020-price-iz-karantene\/#breadcrumb\"},\"inLanguage\":\"hr\",\"potentialAction\":[{\"@type\":\"ReadAction\",\"target\":[\"https:\/\/knjiznice.nsk.hr\/lepoglava\/2020\/04\/18\/decameron-2020-price-iz-karantene\/\"]}]},{\"@type\":\"BreadcrumbList\",\"@id\":\"https:\/\/knjiznice.nsk.hr\/lepoglava\/2020\/04\/18\/decameron-2020-price-iz-karantene\/#breadcrumb\",\"itemListElement\":[{\"@type\":\"ListItem\",\"position\":1,\"item\":{\"@type\":\"WebPage\",\"@id\":\"http:\/\/knjiznice.nsk.hr\/lepoglava\/\",\"url\":\"http:\/\/knjiznice.nsk.hr\/lepoglava\/\",\"name\":\"Po\\u010detna stranica\"}},{\"@type\":\"ListItem\",\"position\":2,\"item\":{\"@id\":\"https:\/\/knjiznice.nsk.hr\/lepoglava\/2020\/04\/18\/decameron-2020-price-iz-karantene\/#webpage\"}}]},{\"@type\":\"Person\",\"@id\":\"http:\/\/knjiznice.nsk.hr\/lepoglava\/#\/schema\/person\/14dc66f44641ce38deb763484749e42c\",\"name\":\"lepoglava\",\"image\":{\"@type\":\"ImageObject\",\"@id\":\"http:\/\/knjiznice.nsk.hr\/lepoglava\/#personlogo\",\"inLanguage\":\"hr\",\"url\":\"https:\/\/secure.gravatar.com\/avatar\/a086e8fce86c47181a4299685e5b101f?s=96&d=mm&r=g\",\"contentUrl\":\"https:\/\/secure.gravatar.com\/avatar\/a086e8fce86c47181a4299685e5b101f?s=96&d=mm&r=g\",\"caption\":\"lepoglava\"},\"url\":\"https:\/\/knjiznice.nsk.hr\/lepoglava\/\"}]}<\/script>\n<!-- \/ Yoast SEO plugin. -->","_links":{"self":[{"href":"https:\/\/knjiznice.nsk.hr\/lepoglava\/wp-json\/wp\/v2\/posts\/393"}],"collection":[{"href":"https:\/\/knjiznice.nsk.hr\/lepoglava\/wp-json\/wp\/v2\/posts"}],"about":[{"href":"https:\/\/knjiznice.nsk.hr\/lepoglava\/wp-json\/wp\/v2\/types\/post"}],"author":[{"embeddable":true,"href":"https:\/\/knjiznice.nsk.hr\/lepoglava\/wp-json\/wp\/v2\/users\/18"}],"replies":[{"embeddable":true,"href":"https:\/\/knjiznice.nsk.hr\/lepoglava\/wp-json\/wp\/v2\/comments?post=393"}],"version-history":[{"count":1,"href":"https:\/\/knjiznice.nsk.hr\/lepoglava\/wp-json\/wp\/v2\/posts\/393\/revisions"}],"predecessor-version":[{"id":394,"href":"https:\/\/knjiznice.nsk.hr\/lepoglava\/wp-json\/wp\/v2\/posts\/393\/revisions\/394"}],"wp:attachment":[{"href":"https:\/\/knjiznice.nsk.hr\/lepoglava\/wp-json\/wp\/v2\/media?parent=393"}],"wp:term":[{"taxonomy":"category","embeddable":true,"href":"https:\/\/knjiznice.nsk.hr\/lepoglava\/wp-json\/wp\/v2\/categories?post=393"},{"taxonomy":"post_tag","embeddable":true,"href":"https:\/\/knjiznice.nsk.hr\/lepoglava\/wp-json\/wp\/v2\/tags?post=393"}],"curies":[{"name":"wp","href":"https:\/\/api.w.org\/{rel}","templated":true}]}}