{"id":3835,"date":"2026-03-01T15:21:53","date_gmt":"2026-03-01T15:21:53","guid":{"rendered":"http:\/\/knjiznice.nsk.hr\/lepoglava\/?p=3835"},"modified":"2026-03-02T07:23:53","modified_gmt":"2026-03-02T07:23:53","slug":"radionica-povodom-dana-zena","status":"publish","type":"post","link":"https:\/\/knjiznice.nsk.hr\/lepoglava\/2026\/03\/01\/radionica-povodom-dana-zena\/","title":{"rendered":"Radionica povodom Dana \u017eena"},"content":{"rendered":"<p>Pozivamo sve na\u0161e \u010dlanice da nam se pridru\u017ee na radionici ukra\u0161avanja licitarskih srca. U suradnji s Licitarskim obrtom \u201eSlavica\u201c iz Klenovnika, radionica \u0107e se odr\u017eati u \u010detvrtak, 05. o\u017eujka s po\u010detkom u 17 sati. Licitarski obrt \u201eSlavica\u201c tradicijski je obiteljski obrt; jedan od 24 obrta u Hrvatskoj koji posjeduje UNESCO-vu povelju.<\/p>\n<p>Radionica je namijenjena djeci i odraslima.<\/p>\n<p>Veselimo se zajedni\u010dkom dru\u017eenju i molimo da se prijavite na telefon, mail ili messenger knji\u017enice.<\/p>\n<p><a href=\"http:\/\/knjiznice.nsk.hr\/lepoglava\/plakat-24_page-0001\/\"><img loading=\"lazy\" class=\"alignnone size-medium wp-image-3830\" src=\"http:\/\/knjiznice.nsk.hr\/lepoglava\/wp-content\/uploads\/sites\/22\/2026\/03\/plakat-24_page-0001-212x300.jpg\" alt=\"\" width=\"212\" height=\"300\" srcset=\"https:\/\/knjiznice.nsk.hr\/lepoglava\/wp-content\/uploads\/sites\/22\/2026\/03\/plakat-24_page-0001-212x300.jpg 212w, https:\/\/knjiznice.nsk.hr\/lepoglava\/wp-content\/uploads\/sites\/22\/2026\/03\/plakat-24_page-0001-724x1024.jpg 724w, https:\/\/knjiznice.nsk.hr\/lepoglava\/wp-content\/uploads\/sites\/22\/2026\/03\/plakat-24_page-0001-768x1086.jpg 768w, https:\/\/knjiznice.nsk.hr\/lepoglava\/wp-content\/uploads\/sites\/22\/2026\/03\/plakat-24_page-0001-600x849.jpg 600w, https:\/\/knjiznice.nsk.hr\/lepoglava\/wp-content\/uploads\/sites\/22\/2026\/03\/plakat-24_page-0001-1086x1536.jpg 1086w, https:\/\/knjiznice.nsk.hr\/lepoglava\/wp-content\/uploads\/sites\/22\/2026\/03\/plakat-24_page-0001.jpg 1241w\" sizes=\"(max-width: 212px) 100vw, 212px\" \/><\/a><\/p>\n","protected":false},"excerpt":{"rendered":"<p>Pozivamo sve na\u0161e \u010dlanice da nam se pridru\u017ee na radionici ukra\u0161avanja licitarskih srca. U suradnji s Licitarskim obrtom \u201eSlavica\u201c iz Klenovnika, radionica \u0107e se odr\u017eati u \u010detvrtak, 05. o\u017eujka s po\u010detkom u 17 sati. Licitarski obrt \u201eSlavica\u201c tradicijski je obiteljski obrt; jedan od 24 obrta u Hrvatskoj koji posjeduje UNESCO-vu povelju. Radionica je namijenjena djeci [&hellip;]<\/p>\n","protected":false},"author":18,"featured_media":0,"comment_status":"closed","ping_status":"closed","sticky":false,"template":"","format":"standard","meta":{"ngg_post_thumbnail":0},"categories":[1],"tags":[],"yoast_head":"<!-- This site is optimized with the Yoast SEO plugin v16.4 - https:\/\/yoast.com\/wordpress\/plugins\/seo\/ -->\n<meta name=\"robots\" content=\"index, follow, max-snippet:-1, max-image-preview:large, max-video-preview:-1\" \/>\n<link rel=\"canonical\" href=\"http:\/\/knjiznice.nsk.hr\/lepoglava\/2026\/03\/01\/radionica-povodom-dana-zena\/\" \/>\n<meta property=\"og:locale\" content=\"hr_HR\" \/>\n<meta property=\"og:type\" content=\"article\" \/>\n<meta property=\"og:title\" content=\"Radionica povodom Dana \u017eena - Gradska knji\u017enica Ivana Belostenca Lepoglava\" \/>\n<meta property=\"og:description\" content=\"Pozivamo sve na\u0161e \u010dlanice da nam se pridru\u017ee na radionici ukra\u0161avanja licitarskih srca. U suradnji s Licitarskim obrtom \u201eSlavica\u201c iz Klenovnika, radionica \u0107e se odr\u017eati u \u010detvrtak, 05. o\u017eujka s po\u010detkom u 17 sati. Licitarski obrt \u201eSlavica\u201c tradicijski je obiteljski obrt; jedan od 24 obrta u Hrvatskoj koji posjeduje UNESCO-vu povelju. Radionica je namijenjena djeci [&hellip;]\" \/>\n<meta property=\"og:url\" content=\"http:\/\/knjiznice.nsk.hr\/lepoglava\/2026\/03\/01\/radionica-povodom-dana-zena\/\" \/>\n<meta property=\"og:site_name\" content=\"Gradska knji\u017enica Ivana Belostenca Lepoglava\" \/>\n<meta property=\"article:published_time\" content=\"2026-03-01T15:21:53+00:00\" \/>\n<meta property=\"article:modified_time\" content=\"2026-03-02T07:23:53+00:00\" \/>\n<meta property=\"og:image\" content=\"http:\/\/knjiznice.nsk.hr\/lepoglava\/wp-content\/uploads\/sites\/22\/2026\/03\/plakat-24_page-0001-212x300.jpg\" \/>\n<meta name=\"twitter:label1\" content=\"Procijenjeno vrijeme \u010ditanja\" \/>\n\t<meta name=\"twitter:data1\" content=\"1 minuta\" \/>\n<script type=\"application\/ld+json\" class=\"yoast-schema-graph\">{\"@context\":\"https:\/\/schema.org\",\"@graph\":[{\"@type\":\"WebSite\",\"@id\":\"http:\/\/knjiznice.nsk.hr\/lepoglava\/#website\",\"url\":\"http:\/\/knjiznice.nsk.hr\/lepoglava\/\",\"name\":\"Gradska knji\\u017enica Ivana Belostenca Lepoglava\",\"description\":\"\",\"potentialAction\":[{\"@type\":\"SearchAction\",\"target\":\"http:\/\/knjiznice.nsk.hr\/lepoglava\/?s={search_term_string}\",\"query-input\":\"required name=search_term_string\"}],\"inLanguage\":\"hr\"},{\"@type\":\"ImageObject\",\"@id\":\"http:\/\/knjiznice.nsk.hr\/lepoglava\/2026\/03\/01\/radionica-povodom-dana-zena\/#primaryimage\",\"inLanguage\":\"hr\",\"url\":\"http:\/\/knjiznice.nsk.hr\/lepoglava\/wp-content\/uploads\/sites\/22\/2026\/03\/plakat-24_page-0001-212x300.jpg\",\"contentUrl\":\"http:\/\/knjiznice.nsk.hr\/lepoglava\/wp-content\/uploads\/sites\/22\/2026\/03\/plakat-24_page-0001-212x300.jpg\"},{\"@type\":\"WebPage\",\"@id\":\"http:\/\/knjiznice.nsk.hr\/lepoglava\/2026\/03\/01\/radionica-povodom-dana-zena\/#webpage\",\"url\":\"http:\/\/knjiznice.nsk.hr\/lepoglava\/2026\/03\/01\/radionica-povodom-dana-zena\/\",\"name\":\"Radionica povodom Dana \\u017eena - Gradska knji\\u017enica Ivana Belostenca Lepoglava\",\"isPartOf\":{\"@id\":\"http:\/\/knjiznice.nsk.hr\/lepoglava\/#website\"},\"primaryImageOfPage\":{\"@id\":\"http:\/\/knjiznice.nsk.hr\/lepoglava\/2026\/03\/01\/radionica-povodom-dana-zena\/#primaryimage\"},\"datePublished\":\"2026-03-01T15:21:53+00:00\",\"dateModified\":\"2026-03-02T07:23:53+00:00\",\"author\":{\"@id\":\"http:\/\/knjiznice.nsk.hr\/lepoglava\/#\/schema\/person\/14dc66f44641ce38deb763484749e42c\"},\"breadcrumb\":{\"@id\":\"http:\/\/knjiznice.nsk.hr\/lepoglava\/2026\/03\/01\/radionica-povodom-dana-zena\/#breadcrumb\"},\"inLanguage\":\"hr\",\"potentialAction\":[{\"@type\":\"ReadAction\",\"target\":[\"http:\/\/knjiznice.nsk.hr\/lepoglava\/2026\/03\/01\/radionica-povodom-dana-zena\/\"]}]},{\"@type\":\"BreadcrumbList\",\"@id\":\"http:\/\/knjiznice.nsk.hr\/lepoglava\/2026\/03\/01\/radionica-povodom-dana-zena\/#breadcrumb\",\"itemListElement\":[{\"@type\":\"ListItem\",\"position\":1,\"item\":{\"@type\":\"WebPage\",\"@id\":\"http:\/\/knjiznice.nsk.hr\/lepoglava\/\",\"url\":\"http:\/\/knjiznice.nsk.hr\/lepoglava\/\",\"name\":\"Po\\u010detna stranica\"}},{\"@type\":\"ListItem\",\"position\":2,\"item\":{\"@id\":\"http:\/\/knjiznice.nsk.hr\/lepoglava\/2026\/03\/01\/radionica-povodom-dana-zena\/#webpage\"}}]},{\"@type\":\"Person\",\"@id\":\"http:\/\/knjiznice.nsk.hr\/lepoglava\/#\/schema\/person\/14dc66f44641ce38deb763484749e42c\",\"name\":\"lepoglava\",\"image\":{\"@type\":\"ImageObject\",\"@id\":\"http:\/\/knjiznice.nsk.hr\/lepoglava\/#personlogo\",\"inLanguage\":\"hr\",\"url\":\"https:\/\/secure.gravatar.com\/avatar\/a086e8fce86c47181a4299685e5b101f?s=96&d=mm&r=g\",\"contentUrl\":\"https:\/\/secure.gravatar.com\/avatar\/a086e8fce86c47181a4299685e5b101f?s=96&d=mm&r=g\",\"caption\":\"lepoglava\"},\"url\":\"https:\/\/knjiznice.nsk.hr\/lepoglava\/\"}]}<\/script>\n<!-- \/ Yoast SEO plugin. -->","_links":{"self":[{"href":"https:\/\/knjiznice.nsk.hr\/lepoglava\/wp-json\/wp\/v2\/posts\/3835"}],"collection":[{"href":"https:\/\/knjiznice.nsk.hr\/lepoglava\/wp-json\/wp\/v2\/posts"}],"about":[{"href":"https:\/\/knjiznice.nsk.hr\/lepoglava\/wp-json\/wp\/v2\/types\/post"}],"author":[{"embeddable":true,"href":"https:\/\/knjiznice.nsk.hr\/lepoglava\/wp-json\/wp\/v2\/users\/18"}],"replies":[{"embeddable":true,"href":"https:\/\/knjiznice.nsk.hr\/lepoglava\/wp-json\/wp\/v2\/comments?post=3835"}],"version-history":[{"count":1,"href":"https:\/\/knjiznice.nsk.hr\/lepoglava\/wp-json\/wp\/v2\/posts\/3835\/revisions"}],"predecessor-version":[{"id":3836,"href":"https:\/\/knjiznice.nsk.hr\/lepoglava\/wp-json\/wp\/v2\/posts\/3835\/revisions\/3836"}],"wp:attachment":[{"href":"https:\/\/knjiznice.nsk.hr\/lepoglava\/wp-json\/wp\/v2\/media?parent=3835"}],"wp:term":[{"taxonomy":"category","embeddable":true,"href":"https:\/\/knjiznice.nsk.hr\/lepoglava\/wp-json\/wp\/v2\/categories?post=3835"},{"taxonomy":"post_tag","embeddable":true,"href":"https:\/\/knjiznice.nsk.hr\/lepoglava\/wp-json\/wp\/v2\/tags?post=3835"}],"curies":[{"name":"wp","href":"https:\/\/api.w.org\/{rel}","templated":true}]}}