{"id":3775,"date":"2026-02-16T10:36:14","date_gmt":"2026-02-16T10:36:14","guid":{"rendered":"http:\/\/knjiznice.nsk.hr\/lepoglava\/?p=3775"},"modified":"2026-02-16T10:44:59","modified_gmt":"2026-02-16T10:44:59","slug":"knjiznicna-darivalica-za-najmlade","status":"publish","type":"post","link":"https:\/\/knjiznice.nsk.hr\/lepoglava\/2026\/02\/16\/knjiznicna-darivalica-za-najmlade\/","title":{"rendered":"Knji\u017eni\u010dna darivalica za najmla\u0111e"},"content":{"rendered":"<div class=\"x14z9mp xat24cr x1lziwak x1vvkbs xtlvy1s x126k92a\">\n<div dir=\"auto\">&#8220;<strong>Svjetski dan \u010ditanja naglas<\/strong>&#8221; obilje\u017eava se prve srijede u velja\u010di, ove godine 04. velja\u010de. Inicijativa s ciljem da se poka\u017ee svijetu kako pravo na \u010ditanje i pisanje pripada svima.<\/div>\n<\/div>\n<div class=\"x14z9mp xat24cr x1lziwak x1vvkbs xtlvy1s x126k92a\">\n<div dir=\"auto\">&nbsp;<\/div>\n<div dir=\"auto\">Kako kazali\u0161ni program uvelike utje\u010de na socioemocionalni razvoj djece, tim povodom na\u0161a knji\u017enica daruje 2&#215;2 ulaznice za kazali\u0161nu predstavu u Kinu Ivanec.<\/div>\n<\/div>\n<div class=\"x14z9mp xat24cr x1lziwak x1vvkbs xtlvy1s x126k92a\">\n<div dir=\"auto\">&nbsp;<\/div>\n<div dir=\"auto\">\u201e<em>Gospo\u0111ica Ne\u0107u<\/em>\u201c, slikovnica hrvatske spisateljice Sun\u010dane \u0160krinjari\u0107, koju smo nedugo \u010ditali na na\u0161em \u010ditateljskom susretu, pri\u010da je o djevoj\u010dici Mini, naoko nalik svim ostalim sedmogodi\u0161njakinjama, koja me\u0111utim ima jednu vrlo neobi\u010dnu i tvrdoglavu naviku. Kroz svoj dan, Mina uporno i sr\u010dano odbija sve oko sebe: mamu, baku, tatu, \u0161kolu, pa \u010dak i igru s prijateljima, sve dok jednog dana, u maniri Paleta koji je ostao sam na svijetu, cijeli svijet ne po\u010dne odbijati nju. Ono \u0161to nam se pred o\u010dima doga\u0111a pri\u010da je o odrastanju jedne djevoj\u010dice koja, ostav\u0161i tu\u017ena i osamljena, prolazi kroz snoviti cirkus te uz pomo\u0107 Slona i Pingvina prestane govoriti \u201ene\u0107u\u201c i po\u010dinje govoriti \u201eho\u0107u\u201c.<\/div>\n<\/div>\n<div class=\"x14z9mp xat24cr x1lziwak x1vvkbs xtlvy1s x126k92a\">\n<div dir=\"auto\">&nbsp;<\/div>\n<div dir=\"auto\">Na\u0161im najbr\u017eim \u010dlanovima \u017eelimo da u\u017eivaju u predstavi koje \u0107e se odr\u017eati 22. velja\u010de s po\u010detkom u 17 sati. Predstava traje 40min i namijenjena je uzrastu 4+, a ulaznice \u010dekaju u knji\u017enici.<\/div>\n<div dir=\"auto\"><a href=\"http:\/\/knjiznice.nsk.hr\/lepoglava\/plakat-3-2\/\"><img loading=\"lazy\" class=\"alignnone size-medium wp-image-3774\" src=\"http:\/\/knjiznice.nsk.hr\/lepoglava\/wp-content\/uploads\/sites\/22\/2026\/02\/plakat-3-212x300.jpg\" alt=\"\" width=\"212\" height=\"300\" srcset=\"https:\/\/knjiznice.nsk.hr\/lepoglava\/wp-content\/uploads\/sites\/22\/2026\/02\/plakat-3-212x300.jpg 212w, https:\/\/knjiznice.nsk.hr\/lepoglava\/wp-content\/uploads\/sites\/22\/2026\/02\/plakat-3-724x1024.jpg 724w, https:\/\/knjiznice.nsk.hr\/lepoglava\/wp-content\/uploads\/sites\/22\/2026\/02\/plakat-3-768x1087.jpg 768w, https:\/\/knjiznice.nsk.hr\/lepoglava\/wp-content\/uploads\/sites\/22\/2026\/02\/plakat-3-600x849.jpg 600w, https:\/\/knjiznice.nsk.hr\/lepoglava\/wp-content\/uploads\/sites\/22\/2026\/02\/plakat-3-1085x1536.jpg 1085w, https:\/\/knjiznice.nsk.hr\/lepoglava\/wp-content\/uploads\/sites\/22\/2026\/02\/plakat-3.jpg 1240w\" sizes=\"(max-width: 212px) 100vw, 212px\" \/><\/a><\/div>\n<\/div>\n","protected":false},"excerpt":{"rendered":"<p>&#8220;Svjetski dan \u010ditanja naglas&#8221; obilje\u017eava se prve srijede u velja\u010di, ove godine 04. velja\u010de. Inicijativa s ciljem da se poka\u017ee svijetu kako pravo na \u010ditanje i pisanje pripada svima. &nbsp; Kako kazali\u0161ni program uvelike utje\u010de na socioemocionalni razvoj djece, tim povodom na\u0161a knji\u017enica daruje 2&#215;2 ulaznice za kazali\u0161nu predstavu u Kinu Ivanec. &nbsp; \u201eGospo\u0111ica Ne\u0107u\u201c, [&hellip;]<\/p>\n","protected":false},"author":18,"featured_media":0,"comment_status":"closed","ping_status":"closed","sticky":false,"template":"","format":"standard","meta":{"ngg_post_thumbnail":0},"categories":[1],"tags":[],"yoast_head":"<!-- This site is optimized with the Yoast SEO plugin v16.4 - https:\/\/yoast.com\/wordpress\/plugins\/seo\/ -->\n<meta name=\"robots\" content=\"index, follow, max-snippet:-1, max-image-preview:large, max-video-preview:-1\" \/>\n<link rel=\"canonical\" href=\"https:\/\/knjiznice.nsk.hr\/lepoglava\/2026\/02\/16\/knjiznicna-darivalica-za-najmlade\/\" \/>\n<meta property=\"og:locale\" content=\"hr_HR\" \/>\n<meta property=\"og:type\" content=\"article\" \/>\n<meta property=\"og:title\" content=\"Knji\u017eni\u010dna darivalica za najmla\u0111e - Gradska knji\u017enica Ivana Belostenca Lepoglava\" \/>\n<meta property=\"og:description\" content=\"&#8220;Svjetski dan \u010ditanja naglas&#8221; obilje\u017eava se prve srijede u velja\u010di, ove godine 04. velja\u010de. Inicijativa s ciljem da se poka\u017ee svijetu kako pravo na \u010ditanje i pisanje pripada svima. &nbsp; Kako kazali\u0161ni program uvelike utje\u010de na socioemocionalni razvoj djece, tim povodom na\u0161a knji\u017enica daruje 2&#215;2 ulaznice za kazali\u0161nu predstavu u Kinu Ivanec. &nbsp; \u201eGospo\u0111ica Ne\u0107u\u201c, [&hellip;]\" \/>\n<meta property=\"og:url\" content=\"https:\/\/knjiznice.nsk.hr\/lepoglava\/2026\/02\/16\/knjiznicna-darivalica-za-najmlade\/\" \/>\n<meta property=\"og:site_name\" content=\"Gradska knji\u017enica Ivana Belostenca Lepoglava\" \/>\n<meta property=\"article:published_time\" content=\"2026-02-16T10:36:14+00:00\" \/>\n<meta property=\"article:modified_time\" content=\"2026-02-16T10:44:59+00:00\" \/>\n<meta property=\"og:image\" content=\"http:\/\/knjiznice.nsk.hr\/lepoglava\/wp-content\/uploads\/sites\/22\/2026\/02\/plakat-3-212x300.jpg\" \/>\n<meta name=\"twitter:label1\" content=\"Procijenjeno vrijeme \u010ditanja\" \/>\n\t<meta name=\"twitter:data1\" content=\"2 minute\" \/>\n<script type=\"application\/ld+json\" class=\"yoast-schema-graph\">{\"@context\":\"https:\/\/schema.org\",\"@graph\":[{\"@type\":\"WebSite\",\"@id\":\"https:\/\/knjiznice.nsk.hr\/lepoglava\/#website\",\"url\":\"https:\/\/knjiznice.nsk.hr\/lepoglava\/\",\"name\":\"Gradska knji\\u017enica Ivana Belostenca Lepoglava\",\"description\":\"\",\"potentialAction\":[{\"@type\":\"SearchAction\",\"target\":\"https:\/\/knjiznice.nsk.hr\/lepoglava\/?s={search_term_string}\",\"query-input\":\"required name=search_term_string\"}],\"inLanguage\":\"hr\"},{\"@type\":\"ImageObject\",\"@id\":\"https:\/\/knjiznice.nsk.hr\/lepoglava\/2026\/02\/16\/knjiznicna-darivalica-za-najmlade\/#primaryimage\",\"inLanguage\":\"hr\",\"url\":\"http:\/\/knjiznice.nsk.hr\/lepoglava\/wp-content\/uploads\/sites\/22\/2026\/02\/plakat-3-212x300.jpg\",\"contentUrl\":\"http:\/\/knjiznice.nsk.hr\/lepoglava\/wp-content\/uploads\/sites\/22\/2026\/02\/plakat-3-212x300.jpg\"},{\"@type\":\"WebPage\",\"@id\":\"https:\/\/knjiznice.nsk.hr\/lepoglava\/2026\/02\/16\/knjiznicna-darivalica-za-najmlade\/#webpage\",\"url\":\"https:\/\/knjiznice.nsk.hr\/lepoglava\/2026\/02\/16\/knjiznicna-darivalica-za-najmlade\/\",\"name\":\"Knji\\u017eni\\u010dna darivalica za najmla\\u0111e - Gradska knji\\u017enica Ivana Belostenca Lepoglava\",\"isPartOf\":{\"@id\":\"https:\/\/knjiznice.nsk.hr\/lepoglava\/#website\"},\"primaryImageOfPage\":{\"@id\":\"https:\/\/knjiznice.nsk.hr\/lepoglava\/2026\/02\/16\/knjiznicna-darivalica-za-najmlade\/#primaryimage\"},\"datePublished\":\"2026-02-16T10:36:14+00:00\",\"dateModified\":\"2026-02-16T10:44:59+00:00\",\"author\":{\"@id\":\"https:\/\/knjiznice.nsk.hr\/lepoglava\/#\/schema\/person\/14dc66f44641ce38deb763484749e42c\"},\"breadcrumb\":{\"@id\":\"https:\/\/knjiznice.nsk.hr\/lepoglava\/2026\/02\/16\/knjiznicna-darivalica-za-najmlade\/#breadcrumb\"},\"inLanguage\":\"hr\",\"potentialAction\":[{\"@type\":\"ReadAction\",\"target\":[\"https:\/\/knjiznice.nsk.hr\/lepoglava\/2026\/02\/16\/knjiznicna-darivalica-za-najmlade\/\"]}]},{\"@type\":\"BreadcrumbList\",\"@id\":\"https:\/\/knjiznice.nsk.hr\/lepoglava\/2026\/02\/16\/knjiznicna-darivalica-za-najmlade\/#breadcrumb\",\"itemListElement\":[{\"@type\":\"ListItem\",\"position\":1,\"item\":{\"@type\":\"WebPage\",\"@id\":\"https:\/\/knjiznice.nsk.hr\/lepoglava\/\",\"url\":\"https:\/\/knjiznice.nsk.hr\/lepoglava\/\",\"name\":\"Po\\u010detna stranica\"}},{\"@type\":\"ListItem\",\"position\":2,\"item\":{\"@id\":\"https:\/\/knjiznice.nsk.hr\/lepoglava\/2026\/02\/16\/knjiznicna-darivalica-za-najmlade\/#webpage\"}}]},{\"@type\":\"Person\",\"@id\":\"https:\/\/knjiznice.nsk.hr\/lepoglava\/#\/schema\/person\/14dc66f44641ce38deb763484749e42c\",\"name\":\"lepoglava\",\"image\":{\"@type\":\"ImageObject\",\"@id\":\"https:\/\/knjiznice.nsk.hr\/lepoglava\/#personlogo\",\"inLanguage\":\"hr\",\"url\":\"https:\/\/secure.gravatar.com\/avatar\/a086e8fce86c47181a4299685e5b101f?s=96&d=mm&r=g\",\"contentUrl\":\"https:\/\/secure.gravatar.com\/avatar\/a086e8fce86c47181a4299685e5b101f?s=96&d=mm&r=g\",\"caption\":\"lepoglava\"},\"url\":\"https:\/\/knjiznice.nsk.hr\/lepoglava\/\"}]}<\/script>\n<!-- \/ Yoast SEO plugin. -->","_links":{"self":[{"href":"https:\/\/knjiznice.nsk.hr\/lepoglava\/wp-json\/wp\/v2\/posts\/3775"}],"collection":[{"href":"https:\/\/knjiznice.nsk.hr\/lepoglava\/wp-json\/wp\/v2\/posts"}],"about":[{"href":"https:\/\/knjiznice.nsk.hr\/lepoglava\/wp-json\/wp\/v2\/types\/post"}],"author":[{"embeddable":true,"href":"https:\/\/knjiznice.nsk.hr\/lepoglava\/wp-json\/wp\/v2\/users\/18"}],"replies":[{"embeddable":true,"href":"https:\/\/knjiznice.nsk.hr\/lepoglava\/wp-json\/wp\/v2\/comments?post=3775"}],"version-history":[{"count":2,"href":"https:\/\/knjiznice.nsk.hr\/lepoglava\/wp-json\/wp\/v2\/posts\/3775\/revisions"}],"predecessor-version":[{"id":3777,"href":"https:\/\/knjiznice.nsk.hr\/lepoglava\/wp-json\/wp\/v2\/posts\/3775\/revisions\/3777"}],"wp:attachment":[{"href":"https:\/\/knjiznice.nsk.hr\/lepoglava\/wp-json\/wp\/v2\/media?parent=3775"}],"wp:term":[{"taxonomy":"category","embeddable":true,"href":"https:\/\/knjiznice.nsk.hr\/lepoglava\/wp-json\/wp\/v2\/categories?post=3775"},{"taxonomy":"post_tag","embeddable":true,"href":"https:\/\/knjiznice.nsk.hr\/lepoglava\/wp-json\/wp\/v2\/tags?post=3775"}],"curies":[{"name":"wp","href":"https:\/\/api.w.org\/{rel}","templated":true}]}}