{"id":3711,"date":"2026-02-05T12:16:21","date_gmt":"2026-02-05T12:16:21","guid":{"rendered":"http:\/\/knjiznice.nsk.hr\/lepoglava\/?p=3711"},"modified":"2026-02-09T07:18:30","modified_gmt":"2026-02-09T07:18:30","slug":"svjetski-dan-citanja-naglas-3","status":"publish","type":"post","link":"https:\/\/knjiznice.nsk.hr\/lepoglava\/2026\/02\/05\/svjetski-dan-citanja-naglas-3\/","title":{"rendered":"Svjetski dan \u010ditanja naglas"},"content":{"rendered":"<div class=\"xdj266r x14z9mp xat24cr x1lziwak x1vvkbs x126k92a\">\n<div dir=\"auto\">Svjetski dan \u010ditanja naglas&nbsp;obilje\u017eava se prve srijede u velja\u010di, ove godine 04. velja\u010de. Inicijativa s ciljem da se poka\u017ee svijetu kako pravo na \u010ditanje i pisanje pripada svima. Djeca i odrasli \u0161irom svijeta, slave\u0107i mo\u0107 rije\u010di kreiraju dru\u0161tvo koje \u0107e omogu\u0107iti svakom, ba\u0161 svakom djetetu pravo na obrazovanje te pristup knjigama i tehnologiji.<\/div>\n<\/div>\n<div class=\"x14z9mp xat24cr x1lziwak x1vvkbs xtlvy1s x126k92a\">\n<div dir=\"auto\">&nbsp;<\/div>\n<div dir=\"auto\">Obilje\u017eili smo ovaj dan na\u0161im projektom \u201cKnji\u017enica u gostima\u201d, a u posjeti na\u0161im dragim vrti\u0107ima s kojima uvijek rado sura\u0111ujemo. U \u010ditanju su danas sudjelovala djeca iz Dje\u010djeg vrti\u0107a Zibeljko i Dje\u010djeg vrti\u0107a Runolist.<\/div>\n<div dir=\"auto\"><a href=\"http:\/\/knjiznice.nsk.hr\/lepoglava\/img_4438-2\/\"><img loading=\"lazy\" class=\"alignnone size-medium wp-image-3706\" src=\"http:\/\/knjiznice.nsk.hr\/lepoglava\/wp-content\/uploads\/sites\/22\/2026\/02\/IMG_4438-300x225.jpg\" alt=\"\" width=\"300\" height=\"225\" srcset=\"https:\/\/knjiznice.nsk.hr\/lepoglava\/wp-content\/uploads\/sites\/22\/2026\/02\/IMG_4438-300x225.jpg 300w, https:\/\/knjiznice.nsk.hr\/lepoglava\/wp-content\/uploads\/sites\/22\/2026\/02\/IMG_4438-1024x768.jpg 1024w, https:\/\/knjiznice.nsk.hr\/lepoglava\/wp-content\/uploads\/sites\/22\/2026\/02\/IMG_4438-768x576.jpg 768w, https:\/\/knjiznice.nsk.hr\/lepoglava\/wp-content\/uploads\/sites\/22\/2026\/02\/IMG_4438-600x450.jpg 600w, https:\/\/knjiznice.nsk.hr\/lepoglava\/wp-content\/uploads\/sites\/22\/2026\/02\/IMG_4438-1536x1152.jpg 1536w, https:\/\/knjiznice.nsk.hr\/lepoglava\/wp-content\/uploads\/sites\/22\/2026\/02\/IMG_4438.jpg 1600w\" sizes=\"(max-width: 300px) 100vw, 300px\" \/><\/a> <a href=\"http:\/\/knjiznice.nsk.hr\/lepoglava\/img_4440-2\/\"><img loading=\"lazy\" class=\"alignnone size-medium wp-image-3707\" src=\"http:\/\/knjiznice.nsk.hr\/lepoglava\/wp-content\/uploads\/sites\/22\/2026\/02\/IMG_4440-300x225.jpg\" alt=\"\" width=\"300\" height=\"225\" srcset=\"https:\/\/knjiznice.nsk.hr\/lepoglava\/wp-content\/uploads\/sites\/22\/2026\/02\/IMG_4440-300x225.jpg 300w, https:\/\/knjiznice.nsk.hr\/lepoglava\/wp-content\/uploads\/sites\/22\/2026\/02\/IMG_4440-1024x768.jpg 1024w, https:\/\/knjiznice.nsk.hr\/lepoglava\/wp-content\/uploads\/sites\/22\/2026\/02\/IMG_4440-768x576.jpg 768w, https:\/\/knjiznice.nsk.hr\/lepoglava\/wp-content\/uploads\/sites\/22\/2026\/02\/IMG_4440-600x450.jpg 600w, https:\/\/knjiznice.nsk.hr\/lepoglava\/wp-content\/uploads\/sites\/22\/2026\/02\/IMG_4440-1536x1152.jpg 1536w, https:\/\/knjiznice.nsk.hr\/lepoglava\/wp-content\/uploads\/sites\/22\/2026\/02\/IMG_4440.jpg 1600w\" sizes=\"(max-width: 300px) 100vw, 300px\" \/><\/a> <a href=\"http:\/\/knjiznice.nsk.hr\/lepoglava\/img_4442\/\"><img loading=\"lazy\" class=\"alignnone size-medium wp-image-3708\" src=\"http:\/\/knjiznice.nsk.hr\/lepoglava\/wp-content\/uploads\/sites\/22\/2026\/02\/IMG_4442-225x300.jpg\" alt=\"\" width=\"225\" height=\"300\" srcset=\"https:\/\/knjiznice.nsk.hr\/lepoglava\/wp-content\/uploads\/sites\/22\/2026\/02\/IMG_4442-225x300.jpg 225w, https:\/\/knjiznice.nsk.hr\/lepoglava\/wp-content\/uploads\/sites\/22\/2026\/02\/IMG_4442-768x1024.jpg 768w, https:\/\/knjiznice.nsk.hr\/lepoglava\/wp-content\/uploads\/sites\/22\/2026\/02\/IMG_4442-600x800.jpg 600w, https:\/\/knjiznice.nsk.hr\/lepoglava\/wp-content\/uploads\/sites\/22\/2026\/02\/IMG_4442-1152x1536.jpg 1152w, https:\/\/knjiznice.nsk.hr\/lepoglava\/wp-content\/uploads\/sites\/22\/2026\/02\/IMG_4442.jpg 1200w\" sizes=\"(max-width: 225px) 100vw, 225px\" \/><\/a> <a href=\"http:\/\/knjiznice.nsk.hr\/lepoglava\/img_4444\/\"><img loading=\"lazy\" class=\"alignnone size-medium wp-image-3709\" src=\"http:\/\/knjiznice.nsk.hr\/lepoglava\/wp-content\/uploads\/sites\/22\/2026\/02\/IMG_4444-139x300.jpg\" alt=\"\" width=\"139\" height=\"300\" srcset=\"https:\/\/knjiznice.nsk.hr\/lepoglava\/wp-content\/uploads\/sites\/22\/2026\/02\/IMG_4444-139x300.jpg 139w, https:\/\/knjiznice.nsk.hr\/lepoglava\/wp-content\/uploads\/sites\/22\/2026\/02\/IMG_4444-473x1024.jpg 473w, https:\/\/knjiznice.nsk.hr\/lepoglava\/wp-content\/uploads\/sites\/22\/2026\/02\/IMG_4444-600x1299.jpg 600w, https:\/\/knjiznice.nsk.hr\/lepoglava\/wp-content\/uploads\/sites\/22\/2026\/02\/IMG_4444-709x1536.jpg 709w, https:\/\/knjiznice.nsk.hr\/lepoglava\/wp-content\/uploads\/sites\/22\/2026\/02\/IMG_4444.jpg 739w\" sizes=\"(max-width: 139px) 100vw, 139px\" \/><\/a> <a href=\"http:\/\/knjiznice.nsk.hr\/lepoglava\/img_4445\/\"><img loading=\"lazy\" class=\"alignnone size-medium wp-image-3710\" src=\"http:\/\/knjiznice.nsk.hr\/lepoglava\/wp-content\/uploads\/sites\/22\/2026\/02\/IMG_4445-300x139.jpg\" alt=\"\" width=\"300\" height=\"139\" srcset=\"https:\/\/knjiznice.nsk.hr\/lepoglava\/wp-content\/uploads\/sites\/22\/2026\/02\/IMG_4445-300x139.jpg 300w, https:\/\/knjiznice.nsk.hr\/lepoglava\/wp-content\/uploads\/sites\/22\/2026\/02\/IMG_4445-1024x473.jpg 1024w, https:\/\/knjiznice.nsk.hr\/lepoglava\/wp-content\/uploads\/sites\/22\/2026\/02\/IMG_4445-768x355.jpg 768w, https:\/\/knjiznice.nsk.hr\/lepoglava\/wp-content\/uploads\/sites\/22\/2026\/02\/IMG_4445-600x277.jpg 600w, https:\/\/knjiznice.nsk.hr\/lepoglava\/wp-content\/uploads\/sites\/22\/2026\/02\/IMG_4445-1536x709.jpg 1536w, https:\/\/knjiznice.nsk.hr\/lepoglava\/wp-content\/uploads\/sites\/22\/2026\/02\/IMG_4445.jpg 1600w\" sizes=\"(max-width: 300px) 100vw, 300px\" \/><\/a><\/div>\n<\/div>\n","protected":false},"excerpt":{"rendered":"<p>Svjetski dan \u010ditanja naglas&nbsp;obilje\u017eava se prve srijede u velja\u010di, ove godine 04. velja\u010de. Inicijativa s ciljem da se poka\u017ee svijetu kako pravo na \u010ditanje i pisanje pripada svima. Djeca i odrasli \u0161irom svijeta, slave\u0107i mo\u0107 rije\u010di kreiraju dru\u0161tvo koje \u0107e omogu\u0107iti svakom, ba\u0161 svakom djetetu pravo na obrazovanje te pristup knjigama i tehnologiji. &nbsp; Obilje\u017eili [&hellip;]<\/p>\n","protected":false},"author":18,"featured_media":0,"comment_status":"closed","ping_status":"closed","sticky":false,"template":"","format":"standard","meta":{"ngg_post_thumbnail":0},"categories":[1],"tags":[],"yoast_head":"<!-- This site is optimized with the Yoast SEO plugin v16.4 - https:\/\/yoast.com\/wordpress\/plugins\/seo\/ -->\n<meta name=\"robots\" content=\"index, follow, max-snippet:-1, max-image-preview:large, max-video-preview:-1\" \/>\n<link rel=\"canonical\" href=\"http:\/\/knjiznice.nsk.hr\/lepoglava\/2026\/02\/05\/svjetski-dan-citanja-naglas-3\/\" \/>\n<meta property=\"og:locale\" content=\"hr_HR\" \/>\n<meta property=\"og:type\" content=\"article\" \/>\n<meta property=\"og:title\" content=\"Svjetski dan \u010ditanja naglas - Gradska knji\u017enica Ivana Belostenca Lepoglava\" \/>\n<meta property=\"og:description\" content=\"Svjetski dan \u010ditanja naglas&nbsp;obilje\u017eava se prve srijede u velja\u010di, ove godine 04. velja\u010de. Inicijativa s ciljem da se poka\u017ee svijetu kako pravo na \u010ditanje i pisanje pripada svima. Djeca i odrasli \u0161irom svijeta, slave\u0107i mo\u0107 rije\u010di kreiraju dru\u0161tvo koje \u0107e omogu\u0107iti svakom, ba\u0161 svakom djetetu pravo na obrazovanje te pristup knjigama i tehnologiji. &nbsp; Obilje\u017eili [&hellip;]\" \/>\n<meta property=\"og:url\" content=\"http:\/\/knjiznice.nsk.hr\/lepoglava\/2026\/02\/05\/svjetski-dan-citanja-naglas-3\/\" \/>\n<meta property=\"og:site_name\" content=\"Gradska knji\u017enica Ivana Belostenca Lepoglava\" \/>\n<meta property=\"article:published_time\" content=\"2026-02-05T12:16:21+00:00\" \/>\n<meta property=\"article:modified_time\" content=\"2026-02-09T07:18:30+00:00\" \/>\n<meta property=\"og:image\" content=\"http:\/\/knjiznice.nsk.hr\/lepoglava\/wp-content\/uploads\/sites\/22\/2026\/02\/IMG_4438-300x225.jpg\" \/>\n<meta name=\"twitter:label1\" content=\"Procijenjeno vrijeme \u010ditanja\" \/>\n\t<meta name=\"twitter:data1\" content=\"2 minute\" \/>\n<script type=\"application\/ld+json\" class=\"yoast-schema-graph\">{\"@context\":\"https:\/\/schema.org\",\"@graph\":[{\"@type\":\"WebSite\",\"@id\":\"http:\/\/knjiznice.nsk.hr\/lepoglava\/#website\",\"url\":\"http:\/\/knjiznice.nsk.hr\/lepoglava\/\",\"name\":\"Gradska knji\\u017enica Ivana Belostenca Lepoglava\",\"description\":\"\",\"potentialAction\":[{\"@type\":\"SearchAction\",\"target\":\"http:\/\/knjiznice.nsk.hr\/lepoglava\/?s={search_term_string}\",\"query-input\":\"required name=search_term_string\"}],\"inLanguage\":\"hr\"},{\"@type\":\"ImageObject\",\"@id\":\"http:\/\/knjiznice.nsk.hr\/lepoglava\/2026\/02\/05\/svjetski-dan-citanja-naglas-3\/#primaryimage\",\"inLanguage\":\"hr\",\"url\":\"http:\/\/knjiznice.nsk.hr\/lepoglava\/wp-content\/uploads\/sites\/22\/2026\/02\/IMG_4438-300x225.jpg\",\"contentUrl\":\"http:\/\/knjiznice.nsk.hr\/lepoglava\/wp-content\/uploads\/sites\/22\/2026\/02\/IMG_4438-300x225.jpg\"},{\"@type\":\"WebPage\",\"@id\":\"http:\/\/knjiznice.nsk.hr\/lepoglava\/2026\/02\/05\/svjetski-dan-citanja-naglas-3\/#webpage\",\"url\":\"http:\/\/knjiznice.nsk.hr\/lepoglava\/2026\/02\/05\/svjetski-dan-citanja-naglas-3\/\",\"name\":\"Svjetski dan \\u010ditanja naglas - Gradska knji\\u017enica Ivana Belostenca Lepoglava\",\"isPartOf\":{\"@id\":\"http:\/\/knjiznice.nsk.hr\/lepoglava\/#website\"},\"primaryImageOfPage\":{\"@id\":\"http:\/\/knjiznice.nsk.hr\/lepoglava\/2026\/02\/05\/svjetski-dan-citanja-naglas-3\/#primaryimage\"},\"datePublished\":\"2026-02-05T12:16:21+00:00\",\"dateModified\":\"2026-02-09T07:18:30+00:00\",\"author\":{\"@id\":\"http:\/\/knjiznice.nsk.hr\/lepoglava\/#\/schema\/person\/14dc66f44641ce38deb763484749e42c\"},\"breadcrumb\":{\"@id\":\"http:\/\/knjiznice.nsk.hr\/lepoglava\/2026\/02\/05\/svjetski-dan-citanja-naglas-3\/#breadcrumb\"},\"inLanguage\":\"hr\",\"potentialAction\":[{\"@type\":\"ReadAction\",\"target\":[\"http:\/\/knjiznice.nsk.hr\/lepoglava\/2026\/02\/05\/svjetski-dan-citanja-naglas-3\/\"]}]},{\"@type\":\"BreadcrumbList\",\"@id\":\"http:\/\/knjiznice.nsk.hr\/lepoglava\/2026\/02\/05\/svjetski-dan-citanja-naglas-3\/#breadcrumb\",\"itemListElement\":[{\"@type\":\"ListItem\",\"position\":1,\"item\":{\"@type\":\"WebPage\",\"@id\":\"http:\/\/knjiznice.nsk.hr\/lepoglava\/\",\"url\":\"http:\/\/knjiznice.nsk.hr\/lepoglava\/\",\"name\":\"Po\\u010detna stranica\"}},{\"@type\":\"ListItem\",\"position\":2,\"item\":{\"@id\":\"http:\/\/knjiznice.nsk.hr\/lepoglava\/2026\/02\/05\/svjetski-dan-citanja-naglas-3\/#webpage\"}}]},{\"@type\":\"Person\",\"@id\":\"http:\/\/knjiznice.nsk.hr\/lepoglava\/#\/schema\/person\/14dc66f44641ce38deb763484749e42c\",\"name\":\"lepoglava\",\"image\":{\"@type\":\"ImageObject\",\"@id\":\"http:\/\/knjiznice.nsk.hr\/lepoglava\/#personlogo\",\"inLanguage\":\"hr\",\"url\":\"https:\/\/secure.gravatar.com\/avatar\/a086e8fce86c47181a4299685e5b101f?s=96&d=mm&r=g\",\"contentUrl\":\"https:\/\/secure.gravatar.com\/avatar\/a086e8fce86c47181a4299685e5b101f?s=96&d=mm&r=g\",\"caption\":\"lepoglava\"},\"url\":\"https:\/\/knjiznice.nsk.hr\/lepoglava\/\"}]}<\/script>\n<!-- \/ Yoast SEO plugin. -->","_links":{"self":[{"href":"https:\/\/knjiznice.nsk.hr\/lepoglava\/wp-json\/wp\/v2\/posts\/3711"}],"collection":[{"href":"https:\/\/knjiznice.nsk.hr\/lepoglava\/wp-json\/wp\/v2\/posts"}],"about":[{"href":"https:\/\/knjiznice.nsk.hr\/lepoglava\/wp-json\/wp\/v2\/types\/post"}],"author":[{"embeddable":true,"href":"https:\/\/knjiznice.nsk.hr\/lepoglava\/wp-json\/wp\/v2\/users\/18"}],"replies":[{"embeddable":true,"href":"https:\/\/knjiznice.nsk.hr\/lepoglava\/wp-json\/wp\/v2\/comments?post=3711"}],"version-history":[{"count":1,"href":"https:\/\/knjiznice.nsk.hr\/lepoglava\/wp-json\/wp\/v2\/posts\/3711\/revisions"}],"predecessor-version":[{"id":3712,"href":"https:\/\/knjiznice.nsk.hr\/lepoglava\/wp-json\/wp\/v2\/posts\/3711\/revisions\/3712"}],"wp:attachment":[{"href":"https:\/\/knjiznice.nsk.hr\/lepoglava\/wp-json\/wp\/v2\/media?parent=3711"}],"wp:term":[{"taxonomy":"category","embeddable":true,"href":"https:\/\/knjiznice.nsk.hr\/lepoglava\/wp-json\/wp\/v2\/categories?post=3711"},{"taxonomy":"post_tag","embeddable":true,"href":"https:\/\/knjiznice.nsk.hr\/lepoglava\/wp-json\/wp\/v2\/tags?post=3711"}],"curies":[{"name":"wp","href":"https:\/\/api.w.org\/{rel}","templated":true}]}}