{"id":357,"date":"2020-02-12T15:13:18","date_gmt":"2020-02-12T15:13:18","guid":{"rendered":"http:\/\/knjiznice.nsk.hr\/lepoglava\/?p=357"},"modified":"2020-02-12T15:14:19","modified_gmt":"2020-02-12T15:14:19","slug":"vecer-sansona-uz-srdana-depola","status":"publish","type":"post","link":"https:\/\/knjiznice.nsk.hr\/lepoglava\/2020\/02\/12\/vecer-sansona-uz-srdana-depola\/","title":{"rendered":"Ve\u010der \u0161ansona uz Sr\u0111ana Depola"},"content":{"rendered":"<p><a href=\"http:\/\/knjiznice.nsk.hr\/lepoglava\/img_3962-medium\/\"><img loading=\"lazy\" class=\"alignnone size-medium wp-image-356\" src=\"http:\/\/knjiznice.nsk.hr\/lepoglava\/wp-content\/uploads\/sites\/22\/2020\/02\/IMG_3962-Medium-189x300.jpg\" alt=\"\" width=\"189\" height=\"300\" srcset=\"https:\/\/knjiznice.nsk.hr\/lepoglava\/wp-content\/uploads\/sites\/22\/2020\/02\/IMG_3962-Medium-189x300.jpg 189w, https:\/\/knjiznice.nsk.hr\/lepoglava\/wp-content\/uploads\/sites\/22\/2020\/02\/IMG_3962-Medium-644x1024.jpg 644w, https:\/\/knjiznice.nsk.hr\/lepoglava\/wp-content\/uploads\/sites\/22\/2020\/02\/IMG_3962-Medium-600x954.jpg 600w, https:\/\/knjiznice.nsk.hr\/lepoglava\/wp-content\/uploads\/sites\/22\/2020\/02\/IMG_3962-Medium.jpg 768w\" sizes=\"(max-width: 189px) 100vw, 189px\" \/><\/a><\/p>\n<p>&nbsp;<\/p>\n<p>U Gradsku knji\u017enicu dolazi nam svestrani umjetnik; pjeva\u010d, skladatelj i knji\u017eevnik iz Rijeke, Sr\u0111an Depolo. Pozivamo sve ljubitelje \u0161ansona da nam se pridru\u017ee u \u010detvrtak, 13. velja\u010de u 19 sati.<\/p>\n","protected":false},"excerpt":{"rendered":"<p>&nbsp; U Gradsku knji\u017enicu dolazi nam svestrani umjetnik; pjeva\u010d, skladatelj i knji\u017eevnik iz Rijeke, Sr\u0111an Depolo. Pozivamo sve ljubitelje \u0161ansona da nam se pridru\u017ee u \u010detvrtak, 13. velja\u010de u 19 sati.<\/p>\n","protected":false},"author":18,"featured_media":0,"comment_status":"closed","ping_status":"closed","sticky":false,"template":"","format":"standard","meta":{"ngg_post_thumbnail":0},"categories":[1],"tags":[],"yoast_head":"<!-- This site is optimized with the Yoast SEO plugin v16.4 - https:\/\/yoast.com\/wordpress\/plugins\/seo\/ -->\n<meta name=\"robots\" content=\"index, follow, max-snippet:-1, max-image-preview:large, max-video-preview:-1\" \/>\n<link rel=\"canonical\" href=\"https:\/\/knjiznice.nsk.hr\/lepoglava\/2020\/02\/12\/vecer-sansona-uz-srdana-depola\/\" \/>\n<meta property=\"og:locale\" content=\"hr_HR\" \/>\n<meta property=\"og:type\" content=\"article\" \/>\n<meta property=\"og:title\" content=\"Ve\u010der \u0161ansona uz Sr\u0111ana Depola - Gradska knji\u017enica Ivana Belostenca Lepoglava\" \/>\n<meta property=\"og:description\" content=\"&nbsp; U Gradsku knji\u017enicu dolazi nam svestrani umjetnik; pjeva\u010d, skladatelj i knji\u017eevnik iz Rijeke, Sr\u0111an Depolo. Pozivamo sve ljubitelje \u0161ansona da nam se pridru\u017ee u \u010detvrtak, 13. velja\u010de u 19 sati.\" \/>\n<meta property=\"og:url\" content=\"https:\/\/knjiznice.nsk.hr\/lepoglava\/2020\/02\/12\/vecer-sansona-uz-srdana-depola\/\" \/>\n<meta property=\"og:site_name\" content=\"Gradska knji\u017enica Ivana Belostenca Lepoglava\" \/>\n<meta property=\"article:published_time\" content=\"2020-02-12T15:13:18+00:00\" \/>\n<meta property=\"article:modified_time\" content=\"2020-02-12T15:14:19+00:00\" \/>\n<meta property=\"og:image\" content=\"http:\/\/knjiznice.nsk.hr\/lepoglava\/wp-content\/uploads\/sites\/22\/2020\/02\/IMG_3962-Medium-189x300.jpg\" \/>\n<script type=\"application\/ld+json\" class=\"yoast-schema-graph\">{\"@context\":\"https:\/\/schema.org\",\"@graph\":[{\"@type\":\"WebSite\",\"@id\":\"https:\/\/knjiznice.nsk.hr\/lepoglava\/#website\",\"url\":\"https:\/\/knjiznice.nsk.hr\/lepoglava\/\",\"name\":\"Gradska knji\\u017enica Ivana Belostenca Lepoglava\",\"description\":\"\",\"potentialAction\":[{\"@type\":\"SearchAction\",\"target\":\"https:\/\/knjiznice.nsk.hr\/lepoglava\/?s={search_term_string}\",\"query-input\":\"required name=search_term_string\"}],\"inLanguage\":\"hr\"},{\"@type\":\"ImageObject\",\"@id\":\"https:\/\/knjiznice.nsk.hr\/lepoglava\/2020\/02\/12\/vecer-sansona-uz-srdana-depola\/#primaryimage\",\"inLanguage\":\"hr\",\"url\":\"http:\/\/knjiznice.nsk.hr\/lepoglava\/wp-content\/uploads\/sites\/22\/2020\/02\/IMG_3962-Medium-189x300.jpg\",\"contentUrl\":\"http:\/\/knjiznice.nsk.hr\/lepoglava\/wp-content\/uploads\/sites\/22\/2020\/02\/IMG_3962-Medium-189x300.jpg\"},{\"@type\":\"WebPage\",\"@id\":\"https:\/\/knjiznice.nsk.hr\/lepoglava\/2020\/02\/12\/vecer-sansona-uz-srdana-depola\/#webpage\",\"url\":\"https:\/\/knjiznice.nsk.hr\/lepoglava\/2020\/02\/12\/vecer-sansona-uz-srdana-depola\/\",\"name\":\"Ve\\u010der \\u0161ansona uz Sr\\u0111ana Depola - Gradska knji\\u017enica Ivana Belostenca Lepoglava\",\"isPartOf\":{\"@id\":\"https:\/\/knjiznice.nsk.hr\/lepoglava\/#website\"},\"primaryImageOfPage\":{\"@id\":\"https:\/\/knjiznice.nsk.hr\/lepoglava\/2020\/02\/12\/vecer-sansona-uz-srdana-depola\/#primaryimage\"},\"datePublished\":\"2020-02-12T15:13:18+00:00\",\"dateModified\":\"2020-02-12T15:14:19+00:00\",\"author\":{\"@id\":\"https:\/\/knjiznice.nsk.hr\/lepoglava\/#\/schema\/person\/14dc66f44641ce38deb763484749e42c\"},\"breadcrumb\":{\"@id\":\"https:\/\/knjiznice.nsk.hr\/lepoglava\/2020\/02\/12\/vecer-sansona-uz-srdana-depola\/#breadcrumb\"},\"inLanguage\":\"hr\",\"potentialAction\":[{\"@type\":\"ReadAction\",\"target\":[\"https:\/\/knjiznice.nsk.hr\/lepoglava\/2020\/02\/12\/vecer-sansona-uz-srdana-depola\/\"]}]},{\"@type\":\"BreadcrumbList\",\"@id\":\"https:\/\/knjiznice.nsk.hr\/lepoglava\/2020\/02\/12\/vecer-sansona-uz-srdana-depola\/#breadcrumb\",\"itemListElement\":[{\"@type\":\"ListItem\",\"position\":1,\"item\":{\"@type\":\"WebPage\",\"@id\":\"https:\/\/knjiznice.nsk.hr\/lepoglava\/\",\"url\":\"https:\/\/knjiznice.nsk.hr\/lepoglava\/\",\"name\":\"Po\\u010detna stranica\"}},{\"@type\":\"ListItem\",\"position\":2,\"item\":{\"@id\":\"https:\/\/knjiznice.nsk.hr\/lepoglava\/2020\/02\/12\/vecer-sansona-uz-srdana-depola\/#webpage\"}}]},{\"@type\":\"Person\",\"@id\":\"https:\/\/knjiznice.nsk.hr\/lepoglava\/#\/schema\/person\/14dc66f44641ce38deb763484749e42c\",\"name\":\"lepoglava\",\"image\":{\"@type\":\"ImageObject\",\"@id\":\"https:\/\/knjiznice.nsk.hr\/lepoglava\/#personlogo\",\"inLanguage\":\"hr\",\"url\":\"https:\/\/secure.gravatar.com\/avatar\/a086e8fce86c47181a4299685e5b101f?s=96&d=mm&r=g\",\"contentUrl\":\"https:\/\/secure.gravatar.com\/avatar\/a086e8fce86c47181a4299685e5b101f?s=96&d=mm&r=g\",\"caption\":\"lepoglava\"},\"url\":\"https:\/\/knjiznice.nsk.hr\/lepoglava\/\"}]}<\/script>\n<!-- \/ Yoast SEO plugin. -->","_links":{"self":[{"href":"https:\/\/knjiznice.nsk.hr\/lepoglava\/wp-json\/wp\/v2\/posts\/357"}],"collection":[{"href":"https:\/\/knjiznice.nsk.hr\/lepoglava\/wp-json\/wp\/v2\/posts"}],"about":[{"href":"https:\/\/knjiznice.nsk.hr\/lepoglava\/wp-json\/wp\/v2\/types\/post"}],"author":[{"embeddable":true,"href":"https:\/\/knjiznice.nsk.hr\/lepoglava\/wp-json\/wp\/v2\/users\/18"}],"replies":[{"embeddable":true,"href":"https:\/\/knjiznice.nsk.hr\/lepoglava\/wp-json\/wp\/v2\/comments?post=357"}],"version-history":[{"count":2,"href":"https:\/\/knjiznice.nsk.hr\/lepoglava\/wp-json\/wp\/v2\/posts\/357\/revisions"}],"predecessor-version":[{"id":359,"href":"https:\/\/knjiznice.nsk.hr\/lepoglava\/wp-json\/wp\/v2\/posts\/357\/revisions\/359"}],"wp:attachment":[{"href":"https:\/\/knjiznice.nsk.hr\/lepoglava\/wp-json\/wp\/v2\/media?parent=357"}],"wp:term":[{"taxonomy":"category","embeddable":true,"href":"https:\/\/knjiznice.nsk.hr\/lepoglava\/wp-json\/wp\/v2\/categories?post=357"},{"taxonomy":"post_tag","embeddable":true,"href":"https:\/\/knjiznice.nsk.hr\/lepoglava\/wp-json\/wp\/v2\/tags?post=357"}],"curies":[{"name":"wp","href":"https:\/\/api.w.org\/{rel}","templated":true}]}}