{"id":2481,"date":"2025-04-29T16:00:39","date_gmt":"2025-04-29T16:00:39","guid":{"rendered":"http:\/\/knjiznice.nsk.hr\/lepoglava\/?p=2481"},"modified":"2025-04-29T16:01:36","modified_gmt":"2025-04-29T16:01:36","slug":"posjet-podrucnog-odjela-margecan","status":"publish","type":"post","link":"https:\/\/knjiznice.nsk.hr\/lepoglava\/2025\/04\/29\/posjet-podrucnog-odjela-margecan\/","title":{"rendered":"Posjet O\u0160 Radovan, podru\u010dni odjel Marge\u010dan"},"content":{"rendered":"<p>U sklopu \u0161kolskog izleta po Lepoglavi i okolici u petak su nas posjetili u\u010denici ni\u017eih &nbsp;razreda <strong>Osnovne \u0161kole Metel O\u017eegovi\u0107 Radovan<\/strong>, podru\u010dni odjel Marge\u010dan.<\/p>\n<p>Pro\u0161etav\u0161i knji\u017enicom odu\u0161evili su se dje\u010djim kuti\u0107em u koji su se smjestili s knjigama, stripovima i slikovnicama u rukama dok je druga skupina prona\u0161la \u0161ah i odigrala partiju. Dru\u017eenje je potrajalo sve do polaska na autobus kojim su se vratili u svoju \u0161kolu.<\/p>\n<p><a href=\"http:\/\/knjiznice.nsk.hr\/lepoglava\/4wneorvd\/\"><img loading=\"lazy\" class=\"alignnone size-medium wp-image-2476\" src=\"http:\/\/knjiznice.nsk.hr\/lepoglava\/wp-content\/uploads\/sites\/22\/2025\/04\/4wneoRVD-300x135.jpg\" alt=\"\" width=\"300\" height=\"135\" srcset=\"https:\/\/knjiznice.nsk.hr\/lepoglava\/wp-content\/uploads\/sites\/22\/2025\/04\/4wneoRVD-300x135.jpg 300w, https:\/\/knjiznice.nsk.hr\/lepoglava\/wp-content\/uploads\/sites\/22\/2025\/04\/4wneoRVD-1024x461.jpg 1024w, https:\/\/knjiznice.nsk.hr\/lepoglava\/wp-content\/uploads\/sites\/22\/2025\/04\/4wneoRVD-768x345.jpg 768w, https:\/\/knjiznice.nsk.hr\/lepoglava\/wp-content\/uploads\/sites\/22\/2025\/04\/4wneoRVD-600x270.jpg 600w, https:\/\/knjiznice.nsk.hr\/lepoglava\/wp-content\/uploads\/sites\/22\/2025\/04\/4wneoRVD-1536x691.jpg 1536w, https:\/\/knjiznice.nsk.hr\/lepoglava\/wp-content\/uploads\/sites\/22\/2025\/04\/4wneoRVD.jpg 2048w\" sizes=\"(max-width: 300px) 100vw, 300px\" \/><\/a> <a href=\"http:\/\/knjiznice.nsk.hr\/lepoglava\/mysr-emr\/\"><img loading=\"lazy\" class=\"alignnone size-medium wp-image-2478\" src=\"http:\/\/knjiznice.nsk.hr\/lepoglava\/wp-content\/uploads\/sites\/22\/2025\/04\/mYSr-EMR-300x135.jpg\" alt=\"\" width=\"300\" height=\"135\" srcset=\"https:\/\/knjiznice.nsk.hr\/lepoglava\/wp-content\/uploads\/sites\/22\/2025\/04\/mYSr-EMR-300x135.jpg 300w, https:\/\/knjiznice.nsk.hr\/lepoglava\/wp-content\/uploads\/sites\/22\/2025\/04\/mYSr-EMR-1024x461.jpg 1024w, https:\/\/knjiznice.nsk.hr\/lepoglava\/wp-content\/uploads\/sites\/22\/2025\/04\/mYSr-EMR-768x345.jpg 768w, https:\/\/knjiznice.nsk.hr\/lepoglava\/wp-content\/uploads\/sites\/22\/2025\/04\/mYSr-EMR-600x270.jpg 600w, https:\/\/knjiznice.nsk.hr\/lepoglava\/wp-content\/uploads\/sites\/22\/2025\/04\/mYSr-EMR-1536x691.jpg 1536w, https:\/\/knjiznice.nsk.hr\/lepoglava\/wp-content\/uploads\/sites\/22\/2025\/04\/mYSr-EMR.jpg 2048w\" sizes=\"(max-width: 300px) 100vw, 300px\" \/><\/a> <a href=\"http:\/\/knjiznice.nsk.hr\/lepoglava\/qnskvast\/\"><img loading=\"lazy\" class=\"alignnone size-medium wp-image-2479\" src=\"http:\/\/knjiznice.nsk.hr\/lepoglava\/wp-content\/uploads\/sites\/22\/2025\/04\/qnsKvaST-300x135.jpg\" alt=\"\" width=\"300\" height=\"135\" srcset=\"https:\/\/knjiznice.nsk.hr\/lepoglava\/wp-content\/uploads\/sites\/22\/2025\/04\/qnsKvaST-300x135.jpg 300w, https:\/\/knjiznice.nsk.hr\/lepoglava\/wp-content\/uploads\/sites\/22\/2025\/04\/qnsKvaST-1024x461.jpg 1024w, https:\/\/knjiznice.nsk.hr\/lepoglava\/wp-content\/uploads\/sites\/22\/2025\/04\/qnsKvaST-768x345.jpg 768w, https:\/\/knjiznice.nsk.hr\/lepoglava\/wp-content\/uploads\/sites\/22\/2025\/04\/qnsKvaST-600x270.jpg 600w, https:\/\/knjiznice.nsk.hr\/lepoglava\/wp-content\/uploads\/sites\/22\/2025\/04\/qnsKvaST-1536x691.jpg 1536w, https:\/\/knjiznice.nsk.hr\/lepoglava\/wp-content\/uploads\/sites\/22\/2025\/04\/qnsKvaST.jpg 2048w\" sizes=\"(max-width: 300px) 100vw, 300px\" \/><\/a> <a href=\"http:\/\/knjiznice.nsk.hr\/lepoglava\/xfanyo1g\/\"><img loading=\"lazy\" class=\"alignnone size-medium wp-image-2480\" src=\"http:\/\/knjiznice.nsk.hr\/lepoglava\/wp-content\/uploads\/sites\/22\/2025\/04\/XfanYo1g-135x300.jpg\" alt=\"\" width=\"135\" height=\"300\" srcset=\"https:\/\/knjiznice.nsk.hr\/lepoglava\/wp-content\/uploads\/sites\/22\/2025\/04\/XfanYo1g-135x300.jpg 135w, https:\/\/knjiznice.nsk.hr\/lepoglava\/wp-content\/uploads\/sites\/22\/2025\/04\/XfanYo1g-461x1024.jpg 461w, https:\/\/knjiznice.nsk.hr\/lepoglava\/wp-content\/uploads\/sites\/22\/2025\/04\/XfanYo1g-768x1708.jpg 768w, https:\/\/knjiznice.nsk.hr\/lepoglava\/wp-content\/uploads\/sites\/22\/2025\/04\/XfanYo1g-600x1334.jpg 600w, https:\/\/knjiznice.nsk.hr\/lepoglava\/wp-content\/uploads\/sites\/22\/2025\/04\/XfanYo1g-691x1536.jpg 691w, https:\/\/knjiznice.nsk.hr\/lepoglava\/wp-content\/uploads\/sites\/22\/2025\/04\/XfanYo1g.jpg 921w\" sizes=\"(max-width: 135px) 100vw, 135px\" \/><\/a><\/p>\n","protected":false},"excerpt":{"rendered":"<p>U sklopu \u0161kolskog izleta po Lepoglavi i okolici u petak su nas posjetili u\u010denici ni\u017eih &nbsp;razreda Osnovne \u0161kole Metel O\u017eegovi\u0107 Radovan, podru\u010dni odjel Marge\u010dan. Pro\u0161etav\u0161i knji\u017enicom odu\u0161evili su se dje\u010djim kuti\u0107em u koji su se smjestili s knjigama, stripovima i slikovnicama u rukama dok je druga skupina prona\u0161la \u0161ah i odigrala partiju. Dru\u017eenje je potrajalo [&hellip;]<\/p>\n","protected":false},"author":18,"featured_media":0,"comment_status":"closed","ping_status":"closed","sticky":false,"template":"","format":"standard","meta":{"ngg_post_thumbnail":0},"categories":[1],"tags":[],"yoast_head":"<!-- This site is optimized with the Yoast SEO plugin v16.4 - https:\/\/yoast.com\/wordpress\/plugins\/seo\/ -->\n<meta name=\"robots\" content=\"index, follow, max-snippet:-1, max-image-preview:large, max-video-preview:-1\" \/>\n<link rel=\"canonical\" href=\"http:\/\/knjiznice.nsk.hr\/lepoglava\/2025\/04\/29\/posjet-podrucnog-odjela-margecan\/\" \/>\n<meta property=\"og:locale\" content=\"hr_HR\" \/>\n<meta property=\"og:type\" content=\"article\" \/>\n<meta property=\"og:title\" content=\"Posjet O\u0160 Radovan, podru\u010dni odjel Marge\u010dan - Gradska knji\u017enica Ivana Belostenca Lepoglava\" \/>\n<meta property=\"og:description\" content=\"U sklopu \u0161kolskog izleta po Lepoglavi i okolici u petak su nas posjetili u\u010denici ni\u017eih &nbsp;razreda Osnovne \u0161kole Metel O\u017eegovi\u0107 Radovan, podru\u010dni odjel Marge\u010dan. Pro\u0161etav\u0161i knji\u017enicom odu\u0161evili su se dje\u010djim kuti\u0107em u koji su se smjestili s knjigama, stripovima i slikovnicama u rukama dok je druga skupina prona\u0161la \u0161ah i odigrala partiju. Dru\u017eenje je potrajalo [&hellip;]\" \/>\n<meta property=\"og:url\" content=\"http:\/\/knjiznice.nsk.hr\/lepoglava\/2025\/04\/29\/posjet-podrucnog-odjela-margecan\/\" \/>\n<meta property=\"og:site_name\" content=\"Gradska knji\u017enica Ivana Belostenca Lepoglava\" \/>\n<meta property=\"article:published_time\" content=\"2025-04-29T16:00:39+00:00\" \/>\n<meta property=\"article:modified_time\" content=\"2025-04-29T16:01:36+00:00\" \/>\n<meta property=\"og:image\" content=\"http:\/\/knjiznice.nsk.hr\/lepoglava\/wp-content\/uploads\/sites\/22\/2025\/04\/4wneoRVD-300x135.jpg\" \/>\n<meta name=\"twitter:label1\" content=\"Procijenjeno vrijeme \u010ditanja\" \/>\n\t<meta name=\"twitter:data1\" content=\"2 minute\" \/>\n<script type=\"application\/ld+json\" class=\"yoast-schema-graph\">{\"@context\":\"https:\/\/schema.org\",\"@graph\":[{\"@type\":\"WebSite\",\"@id\":\"https:\/\/knjiznice.nsk.hr\/lepoglava\/#website\",\"url\":\"https:\/\/knjiznice.nsk.hr\/lepoglava\/\",\"name\":\"Gradska knji\\u017enica Ivana Belostenca Lepoglava\",\"description\":\"\",\"potentialAction\":[{\"@type\":\"SearchAction\",\"target\":\"https:\/\/knjiznice.nsk.hr\/lepoglava\/?s={search_term_string}\",\"query-input\":\"required name=search_term_string\"}],\"inLanguage\":\"hr\"},{\"@type\":\"ImageObject\",\"@id\":\"http:\/\/knjiznice.nsk.hr\/lepoglava\/2025\/04\/29\/posjet-podrucnog-odjela-margecan\/#primaryimage\",\"inLanguage\":\"hr\",\"url\":\"http:\/\/knjiznice.nsk.hr\/lepoglava\/wp-content\/uploads\/sites\/22\/2025\/04\/4wneoRVD-300x135.jpg\",\"contentUrl\":\"http:\/\/knjiznice.nsk.hr\/lepoglava\/wp-content\/uploads\/sites\/22\/2025\/04\/4wneoRVD-300x135.jpg\"},{\"@type\":\"WebPage\",\"@id\":\"http:\/\/knjiznice.nsk.hr\/lepoglava\/2025\/04\/29\/posjet-podrucnog-odjela-margecan\/#webpage\",\"url\":\"http:\/\/knjiznice.nsk.hr\/lepoglava\/2025\/04\/29\/posjet-podrucnog-odjela-margecan\/\",\"name\":\"Posjet O\\u0160 Radovan, podru\\u010dni odjel Marge\\u010dan - Gradska knji\\u017enica Ivana Belostenca Lepoglava\",\"isPartOf\":{\"@id\":\"https:\/\/knjiznice.nsk.hr\/lepoglava\/#website\"},\"primaryImageOfPage\":{\"@id\":\"http:\/\/knjiznice.nsk.hr\/lepoglava\/2025\/04\/29\/posjet-podrucnog-odjela-margecan\/#primaryimage\"},\"datePublished\":\"2025-04-29T16:00:39+00:00\",\"dateModified\":\"2025-04-29T16:01:36+00:00\",\"author\":{\"@id\":\"https:\/\/knjiznice.nsk.hr\/lepoglava\/#\/schema\/person\/14dc66f44641ce38deb763484749e42c\"},\"breadcrumb\":{\"@id\":\"http:\/\/knjiznice.nsk.hr\/lepoglava\/2025\/04\/29\/posjet-podrucnog-odjela-margecan\/#breadcrumb\"},\"inLanguage\":\"hr\",\"potentialAction\":[{\"@type\":\"ReadAction\",\"target\":[\"http:\/\/knjiznice.nsk.hr\/lepoglava\/2025\/04\/29\/posjet-podrucnog-odjela-margecan\/\"]}]},{\"@type\":\"BreadcrumbList\",\"@id\":\"http:\/\/knjiznice.nsk.hr\/lepoglava\/2025\/04\/29\/posjet-podrucnog-odjela-margecan\/#breadcrumb\",\"itemListElement\":[{\"@type\":\"ListItem\",\"position\":1,\"item\":{\"@type\":\"WebPage\",\"@id\":\"https:\/\/knjiznice.nsk.hr\/lepoglava\/\",\"url\":\"https:\/\/knjiznice.nsk.hr\/lepoglava\/\",\"name\":\"Po\\u010detna stranica\"}},{\"@type\":\"ListItem\",\"position\":2,\"item\":{\"@id\":\"http:\/\/knjiznice.nsk.hr\/lepoglava\/2025\/04\/29\/posjet-podrucnog-odjela-margecan\/#webpage\"}}]},{\"@type\":\"Person\",\"@id\":\"https:\/\/knjiznice.nsk.hr\/lepoglava\/#\/schema\/person\/14dc66f44641ce38deb763484749e42c\",\"name\":\"lepoglava\",\"image\":{\"@type\":\"ImageObject\",\"@id\":\"https:\/\/knjiznice.nsk.hr\/lepoglava\/#personlogo\",\"inLanguage\":\"hr\",\"url\":\"https:\/\/secure.gravatar.com\/avatar\/a086e8fce86c47181a4299685e5b101f?s=96&d=mm&r=g\",\"contentUrl\":\"https:\/\/secure.gravatar.com\/avatar\/a086e8fce86c47181a4299685e5b101f?s=96&d=mm&r=g\",\"caption\":\"lepoglava\"},\"url\":\"https:\/\/knjiznice.nsk.hr\/lepoglava\/\"}]}<\/script>\n<!-- \/ Yoast SEO plugin. -->","_links":{"self":[{"href":"https:\/\/knjiznice.nsk.hr\/lepoglava\/wp-json\/wp\/v2\/posts\/2481"}],"collection":[{"href":"https:\/\/knjiznice.nsk.hr\/lepoglava\/wp-json\/wp\/v2\/posts"}],"about":[{"href":"https:\/\/knjiznice.nsk.hr\/lepoglava\/wp-json\/wp\/v2\/types\/post"}],"author":[{"embeddable":true,"href":"https:\/\/knjiznice.nsk.hr\/lepoglava\/wp-json\/wp\/v2\/users\/18"}],"replies":[{"embeddable":true,"href":"https:\/\/knjiznice.nsk.hr\/lepoglava\/wp-json\/wp\/v2\/comments?post=2481"}],"version-history":[{"count":2,"href":"https:\/\/knjiznice.nsk.hr\/lepoglava\/wp-json\/wp\/v2\/posts\/2481\/revisions"}],"predecessor-version":[{"id":2483,"href":"https:\/\/knjiznice.nsk.hr\/lepoglava\/wp-json\/wp\/v2\/posts\/2481\/revisions\/2483"}],"wp:attachment":[{"href":"https:\/\/knjiznice.nsk.hr\/lepoglava\/wp-json\/wp\/v2\/media?parent=2481"}],"wp:term":[{"taxonomy":"category","embeddable":true,"href":"https:\/\/knjiznice.nsk.hr\/lepoglava\/wp-json\/wp\/v2\/categories?post=2481"},{"taxonomy":"post_tag","embeddable":true,"href":"https:\/\/knjiznice.nsk.hr\/lepoglava\/wp-json\/wp\/v2\/tags?post=2481"}],"curies":[{"name":"wp","href":"https:\/\/api.w.org\/{rel}","templated":true}]}}