{"id":2433,"date":"2025-04-22T14:41:40","date_gmt":"2025-04-22T14:41:40","guid":{"rendered":"http:\/\/knjiznice.nsk.hr\/lepoglava\/?p=2433"},"modified":"2025-04-22T14:41:40","modified_gmt":"2025-04-22T14:41:40","slug":"knjiga-svima-i-svuda","status":"publish","type":"post","link":"https:\/\/knjiznice.nsk.hr\/lepoglava\/2025\/04\/22\/knjiga-svima-i-svuda\/","title":{"rendered":"Knjiga svima i svuda"},"content":{"rendered":"<p>Projekt pod nazivom <em>\u201e<strong>Knjiga svima i svuda<\/strong>\u201c<\/em> uspje\u0161no je odr\u017ean prvi put u studenom 2020. i od tad je neizostavni dio svake godine na No\u0107i knjige i sajmu knjiga Interliber.<\/p>\n<p>Zajednica nakladnika i knji\u017eara Hrvatske gospodarske komore zbog pandemijskih mjera osmislila je ovaj projekt&nbsp;kako bi promovirala dostupnost knjige po sajamskim cijenama, a on se prometnuo u akciju cijelog ceha na teritoriju cijele RH, za fizi\u010dke knji\u017eare i online web shopove nakladnika, te web knji\u017eare.<\/p>\n<p>Tijekom travnja i studenog projekt <em>&#8220;Knjiga svima i svuda&#8221;<\/em> odvija se kao prodajni dio programa No\u0107i knjige i Interlibera&nbsp;\u010dine\u0107i knjigu pristupa\u010dnom svima, bez obzira gdje se nalazili.<\/p>\n<p>Ljubiteljima knjige KSS nudi odli\u010dna sni\u017eenja na dvije&nbsp;razine: &nbsp;<\/p>\n<ul>\n<li>web shopovi nakladnika i web knji\u017eare<\/li>\n<li>vi\u0161e od 100 fizi\u010dkih knji\u017eara diljem Hrvatske<\/li>\n<\/ul>\n<p>Akcija traje od 23. do 30 travnja.<\/p>\n<div class=\"x11i5rnm xat24cr x1mh8g0r x1vvkbs xtlvy1s x126k92a\">\n<div dir=\"auto\">Vi\u0161e na: <span class=\"html-span xdj266r x11i5rnm xat24cr x1mh8g0r xexx8yu x4uap5 x18d9i69 xkhd6sd x1hl2dhg x16tdsg8 x1vvkbs\"><a class=\"x1i10hfl xjbqb8w x1ejq31n xd10rxx x1sy0etr x17r0tee x972fbf xcfux6l x1qhh985 xm0m39n x9f619 x1ypdohk xt0psk2 xe8uvvx xdj266r x11i5rnm xat24cr x1mh8g0r xexx8yu x4uap5 x18d9i69 xkhd6sd x16tdsg8 x1hl2dhg xggy1nq x1a2a7pz xkrqix3 x1sur9pj x1fey0fg x1s688f\" role=\"link\" href=\"https:\/\/knjigasvimaisvuda.znk.hr\/?fbclid=IwZXh0bgNhZW0CMTAAYnJpZBEwVGRxcXNFZzl3amc2YjYzSgEe9k0lr_npfOVKZAaCJzYJyPaEbsyCB-mqinkbhfeNMfm4jxSBtZCAu3yDvRk_aem_kxAuqczUOcTsvGvqtJSDsA\" target=\"_blank\" rel=\"nofollow noopener noreferrer\">https:\/\/knjigasvimaisvuda.znk.hr\/<\/a><\/span><\/div>\n<\/div>\n<div dir=\"auto\"><a href=\"http:\/\/knjiznice.nsk.hr\/lepoglava\/knjiga-logotip_12\/\"><img loading=\"lazy\" class=\"alignnone size-medium wp-image-2432\" src=\"http:\/\/knjiznice.nsk.hr\/lepoglava\/wp-content\/uploads\/sites\/22\/2025\/04\/KNJIGA-LOGOTIP_12-300x155.jpg\" alt=\"\" width=\"300\" height=\"155\" srcset=\"https:\/\/knjiznice.nsk.hr\/lepoglava\/wp-content\/uploads\/sites\/22\/2025\/04\/KNJIGA-LOGOTIP_12-300x155.jpg 300w, https:\/\/knjiznice.nsk.hr\/lepoglava\/wp-content\/uploads\/sites\/22\/2025\/04\/KNJIGA-LOGOTIP_12-768x396.jpg 768w, https:\/\/knjiznice.nsk.hr\/lepoglava\/wp-content\/uploads\/sites\/22\/2025\/04\/KNJIGA-LOGOTIP_12-600x310.jpg 600w, https:\/\/knjiznice.nsk.hr\/lepoglava\/wp-content\/uploads\/sites\/22\/2025\/04\/KNJIGA-LOGOTIP_12.jpg 785w\" sizes=\"(max-width: 300px) 100vw, 300px\" \/><\/a><\/div>\n","protected":false},"excerpt":{"rendered":"<p>Projekt pod nazivom \u201eKnjiga svima i svuda\u201c uspje\u0161no je odr\u017ean prvi put u studenom 2020. i od tad je neizostavni dio svake godine na No\u0107i knjige i sajmu knjiga Interliber. Zajednica nakladnika i knji\u017eara Hrvatske gospodarske komore zbog pandemijskih mjera osmislila je ovaj projekt&nbsp;kako bi promovirala dostupnost knjige po sajamskim cijenama, a on se prometnuo [&hellip;]<\/p>\n","protected":false},"author":18,"featured_media":0,"comment_status":"closed","ping_status":"closed","sticky":false,"template":"","format":"standard","meta":{"ngg_post_thumbnail":0},"categories":[1],"tags":[],"yoast_head":"<!-- This site is optimized with the Yoast SEO plugin v16.4 - https:\/\/yoast.com\/wordpress\/plugins\/seo\/ -->\n<meta name=\"robots\" content=\"index, follow, max-snippet:-1, max-image-preview:large, max-video-preview:-1\" \/>\n<link rel=\"canonical\" href=\"http:\/\/knjiznice.nsk.hr\/lepoglava\/2025\/04\/22\/knjiga-svima-i-svuda\/\" \/>\n<meta property=\"og:locale\" content=\"hr_HR\" \/>\n<meta property=\"og:type\" content=\"article\" \/>\n<meta property=\"og:title\" content=\"Knjiga svima i svuda - Gradska knji\u017enica Ivana Belostenca Lepoglava\" \/>\n<meta property=\"og:description\" content=\"Projekt pod nazivom \u201eKnjiga svima i svuda\u201c uspje\u0161no je odr\u017ean prvi put u studenom 2020. i od tad je neizostavni dio svake godine na No\u0107i knjige i sajmu knjiga Interliber. Zajednica nakladnika i knji\u017eara Hrvatske gospodarske komore zbog pandemijskih mjera osmislila je ovaj projekt&nbsp;kako bi promovirala dostupnost knjige po sajamskim cijenama, a on se prometnuo [&hellip;]\" \/>\n<meta property=\"og:url\" content=\"http:\/\/knjiznice.nsk.hr\/lepoglava\/2025\/04\/22\/knjiga-svima-i-svuda\/\" \/>\n<meta property=\"og:site_name\" content=\"Gradska knji\u017enica Ivana Belostenca Lepoglava\" \/>\n<meta property=\"article:published_time\" content=\"2025-04-22T14:41:40+00:00\" \/>\n<meta property=\"og:image\" content=\"http:\/\/knjiznice.nsk.hr\/lepoglava\/wp-content\/uploads\/sites\/22\/2025\/04\/KNJIGA-LOGOTIP_12-300x155.jpg\" \/>\n<meta name=\"twitter:label1\" content=\"Procijenjeno vrijeme \u010ditanja\" \/>\n\t<meta name=\"twitter:data1\" content=\"1 minuta\" \/>\n<script type=\"application\/ld+json\" class=\"yoast-schema-graph\">{\"@context\":\"https:\/\/schema.org\",\"@graph\":[{\"@type\":\"WebSite\",\"@id\":\"http:\/\/knjiznice.nsk.hr\/lepoglava\/#website\",\"url\":\"http:\/\/knjiznice.nsk.hr\/lepoglava\/\",\"name\":\"Gradska knji\\u017enica Ivana Belostenca Lepoglava\",\"description\":\"\",\"potentialAction\":[{\"@type\":\"SearchAction\",\"target\":\"http:\/\/knjiznice.nsk.hr\/lepoglava\/?s={search_term_string}\",\"query-input\":\"required name=search_term_string\"}],\"inLanguage\":\"hr\"},{\"@type\":\"ImageObject\",\"@id\":\"http:\/\/knjiznice.nsk.hr\/lepoglava\/2025\/04\/22\/knjiga-svima-i-svuda\/#primaryimage\",\"inLanguage\":\"hr\",\"url\":\"http:\/\/knjiznice.nsk.hr\/lepoglava\/wp-content\/uploads\/sites\/22\/2025\/04\/KNJIGA-LOGOTIP_12-300x155.jpg\",\"contentUrl\":\"http:\/\/knjiznice.nsk.hr\/lepoglava\/wp-content\/uploads\/sites\/22\/2025\/04\/KNJIGA-LOGOTIP_12-300x155.jpg\"},{\"@type\":\"WebPage\",\"@id\":\"http:\/\/knjiznice.nsk.hr\/lepoglava\/2025\/04\/22\/knjiga-svima-i-svuda\/#webpage\",\"url\":\"http:\/\/knjiznice.nsk.hr\/lepoglava\/2025\/04\/22\/knjiga-svima-i-svuda\/\",\"name\":\"Knjiga svima i svuda - Gradska knji\\u017enica Ivana Belostenca Lepoglava\",\"isPartOf\":{\"@id\":\"http:\/\/knjiznice.nsk.hr\/lepoglava\/#website\"},\"primaryImageOfPage\":{\"@id\":\"http:\/\/knjiznice.nsk.hr\/lepoglava\/2025\/04\/22\/knjiga-svima-i-svuda\/#primaryimage\"},\"datePublished\":\"2025-04-22T14:41:40+00:00\",\"dateModified\":\"2025-04-22T14:41:40+00:00\",\"author\":{\"@id\":\"http:\/\/knjiznice.nsk.hr\/lepoglava\/#\/schema\/person\/14dc66f44641ce38deb763484749e42c\"},\"breadcrumb\":{\"@id\":\"http:\/\/knjiznice.nsk.hr\/lepoglava\/2025\/04\/22\/knjiga-svima-i-svuda\/#breadcrumb\"},\"inLanguage\":\"hr\",\"potentialAction\":[{\"@type\":\"ReadAction\",\"target\":[\"http:\/\/knjiznice.nsk.hr\/lepoglava\/2025\/04\/22\/knjiga-svima-i-svuda\/\"]}]},{\"@type\":\"BreadcrumbList\",\"@id\":\"http:\/\/knjiznice.nsk.hr\/lepoglava\/2025\/04\/22\/knjiga-svima-i-svuda\/#breadcrumb\",\"itemListElement\":[{\"@type\":\"ListItem\",\"position\":1,\"item\":{\"@type\":\"WebPage\",\"@id\":\"http:\/\/knjiznice.nsk.hr\/lepoglava\/\",\"url\":\"http:\/\/knjiznice.nsk.hr\/lepoglava\/\",\"name\":\"Po\\u010detna stranica\"}},{\"@type\":\"ListItem\",\"position\":2,\"item\":{\"@id\":\"http:\/\/knjiznice.nsk.hr\/lepoglava\/2025\/04\/22\/knjiga-svima-i-svuda\/#webpage\"}}]},{\"@type\":\"Person\",\"@id\":\"http:\/\/knjiznice.nsk.hr\/lepoglava\/#\/schema\/person\/14dc66f44641ce38deb763484749e42c\",\"name\":\"lepoglava\",\"image\":{\"@type\":\"ImageObject\",\"@id\":\"http:\/\/knjiznice.nsk.hr\/lepoglava\/#personlogo\",\"inLanguage\":\"hr\",\"url\":\"https:\/\/secure.gravatar.com\/avatar\/a086e8fce86c47181a4299685e5b101f?s=96&d=mm&r=g\",\"contentUrl\":\"https:\/\/secure.gravatar.com\/avatar\/a086e8fce86c47181a4299685e5b101f?s=96&d=mm&r=g\",\"caption\":\"lepoglava\"},\"url\":\"https:\/\/knjiznice.nsk.hr\/lepoglava\/\"}]}<\/script>\n<!-- \/ Yoast SEO plugin. -->","_links":{"self":[{"href":"https:\/\/knjiznice.nsk.hr\/lepoglava\/wp-json\/wp\/v2\/posts\/2433"}],"collection":[{"href":"https:\/\/knjiznice.nsk.hr\/lepoglava\/wp-json\/wp\/v2\/posts"}],"about":[{"href":"https:\/\/knjiznice.nsk.hr\/lepoglava\/wp-json\/wp\/v2\/types\/post"}],"author":[{"embeddable":true,"href":"https:\/\/knjiznice.nsk.hr\/lepoglava\/wp-json\/wp\/v2\/users\/18"}],"replies":[{"embeddable":true,"href":"https:\/\/knjiznice.nsk.hr\/lepoglava\/wp-json\/wp\/v2\/comments?post=2433"}],"version-history":[{"count":1,"href":"https:\/\/knjiznice.nsk.hr\/lepoglava\/wp-json\/wp\/v2\/posts\/2433\/revisions"}],"predecessor-version":[{"id":2434,"href":"https:\/\/knjiznice.nsk.hr\/lepoglava\/wp-json\/wp\/v2\/posts\/2433\/revisions\/2434"}],"wp:attachment":[{"href":"https:\/\/knjiznice.nsk.hr\/lepoglava\/wp-json\/wp\/v2\/media?parent=2433"}],"wp:term":[{"taxonomy":"category","embeddable":true,"href":"https:\/\/knjiznice.nsk.hr\/lepoglava\/wp-json\/wp\/v2\/categories?post=2433"},{"taxonomy":"post_tag","embeddable":true,"href":"https:\/\/knjiznice.nsk.hr\/lepoglava\/wp-json\/wp\/v2\/tags?post=2433"}],"curies":[{"name":"wp","href":"https:\/\/api.w.org\/{rel}","templated":true}]}}