{"id":2350,"date":"2025-03-28T10:12:05","date_gmt":"2025-03-28T10:12:05","guid":{"rendered":"http:\/\/knjiznice.nsk.hr\/lepoglava\/?p=2350"},"modified":"2025-03-28T10:32:46","modified_gmt":"2025-03-28T10:32:46","slug":"knjiznica-daruje-ulaznice-za-predstavu","status":"publish","type":"post","link":"https:\/\/knjiznice.nsk.hr\/lepoglava\/2025\/03\/28\/knjiznica-daruje-ulaznice-za-predstavu\/","title":{"rendered":"Knji\u017enica daruje ulaznice za predstavu"},"content":{"rendered":"<p>Svake godine 2. travnja, prigodom obilje\u017eavanja ro\u0111endana Hansa Christiana Andersena, slavi se <strong>Me\u0111unarodni dan dje\u010dje knjige<\/strong>.<\/p>\n<p>Sredi\u0161nja tema <strong>Me\u0111unarodnog dana dje\u010dje knjige <\/strong>za 2025. godinu je sloboda ma\u0161te. <em>Me\u0111unarodni odbor za knjige za mlade<\/em> (International Bord on Books for Young People &#8211; IBBY) vjeruje da \u0107e poticanje ma\u0161te doprinijeti me\u0111usobnom razumijevanju i toleranciji te \u0107emo tom prigodom darivati na\u0161e \u010ditatelje sa 2&#215;2 ulaznice za nadolaze\u0107u kazali\u0161nu predstavu \u2013 mjuzikl <strong>Mali princ<\/strong> u Kinu Ivanec.<\/p>\n<p><strong>Mali princ<\/strong>, djelo francuskog pisca <strong>Antoine de Saint-Exup\u00e9ryja<\/strong> jedna je od najpoznatijih knjiga na svijetu, nezaobilazan dio odrastanja generacija djece, roman je o odrasloj osobi koja pronalazi dijete u sebi, a nezaboravni su njegovi susreti s ru\u017eama, zmijom i lisicom koja mu govori najpoznatije re\u010denice u knjizi: \u201e<em>Samo se srcem dobro vidi. Ono bitno o\u010dima je nevidljivo<\/em>.\u201c<\/p>\n<p>U predstavi inspiriranoj romanom Mali princ, dje\u010dak se iz svemira spu\u0161ta na zemlju u potrazi za \u010dovjekom, pjesma se spominje samo jednom, ali u klju\u010dnom trenutku; kad dje\u010dak i Avijati\u010dar prona\u0111u bunar usred pustinje, a on zapjeva i pokloni im i vodu i nadu.<\/p>\n<p>Predstava \u0107e se odr\u017eati u subotu 05. travnja u 17 sati, namijenjena je uzrastu 7+, a ulaznice na\u0161e najbr\u017ee \u010dlanove koji bi rado pogledali predstavu \u010dekaju u na\u0161oj knji\u017enici. Sretno!<\/p>\n<p><a href=\"http:\/\/knjiznice.nsk.hr\/lepoglava\/predstava\/\"><img loading=\"lazy\" class=\"alignnone size-medium wp-image-2349\" src=\"http:\/\/knjiznice.nsk.hr\/lepoglava\/wp-content\/uploads\/sites\/22\/2025\/03\/predstava-200x300.jpg\" alt=\"\" width=\"200\" height=\"300\" srcset=\"https:\/\/knjiznice.nsk.hr\/lepoglava\/wp-content\/uploads\/sites\/22\/2025\/03\/predstava-200x300.jpg 200w, https:\/\/knjiznice.nsk.hr\/lepoglava\/wp-content\/uploads\/sites\/22\/2025\/03\/predstava-683x1024.jpg 683w, https:\/\/knjiznice.nsk.hr\/lepoglava\/wp-content\/uploads\/sites\/22\/2025\/03\/predstava-768x1152.jpg 768w, https:\/\/knjiznice.nsk.hr\/lepoglava\/wp-content\/uploads\/sites\/22\/2025\/03\/predstava-600x900.jpg 600w, https:\/\/knjiznice.nsk.hr\/lepoglava\/wp-content\/uploads\/sites\/22\/2025\/03\/predstava.jpg 854w\" sizes=\"(max-width: 200px) 100vw, 200px\" \/><\/a><\/p>\n","protected":false},"excerpt":{"rendered":"<p>Svake godine 2. travnja, prigodom obilje\u017eavanja ro\u0111endana Hansa Christiana Andersena, slavi se Me\u0111unarodni dan dje\u010dje knjige. Sredi\u0161nja tema Me\u0111unarodnog dana dje\u010dje knjige za 2025. godinu je sloboda ma\u0161te. Me\u0111unarodni odbor za knjige za mlade (International Bord on Books for Young People &#8211; IBBY) vjeruje da \u0107e poticanje ma\u0161te doprinijeti me\u0111usobnom razumijevanju i toleranciji te \u0107emo [&hellip;]<\/p>\n","protected":false},"author":18,"featured_media":0,"comment_status":"closed","ping_status":"closed","sticky":false,"template":"","format":"standard","meta":{"ngg_post_thumbnail":0},"categories":[1],"tags":[],"yoast_head":"<!-- This site is optimized with the Yoast SEO plugin v16.4 - https:\/\/yoast.com\/wordpress\/plugins\/seo\/ -->\n<meta name=\"robots\" content=\"index, follow, max-snippet:-1, max-image-preview:large, max-video-preview:-1\" \/>\n<link rel=\"canonical\" href=\"https:\/\/knjiznice.nsk.hr\/lepoglava\/2025\/03\/28\/knjiznica-daruje-ulaznice-za-predstavu\/\" \/>\n<meta property=\"og:locale\" content=\"hr_HR\" \/>\n<meta property=\"og:type\" content=\"article\" \/>\n<meta property=\"og:title\" content=\"Knji\u017enica daruje ulaznice za predstavu - Gradska knji\u017enica Ivana Belostenca Lepoglava\" \/>\n<meta property=\"og:description\" content=\"Svake godine 2. travnja, prigodom obilje\u017eavanja ro\u0111endana Hansa Christiana Andersena, slavi se Me\u0111unarodni dan dje\u010dje knjige. Sredi\u0161nja tema Me\u0111unarodnog dana dje\u010dje knjige za 2025. godinu je sloboda ma\u0161te. Me\u0111unarodni odbor za knjige za mlade (International Bord on Books for Young People &#8211; IBBY) vjeruje da \u0107e poticanje ma\u0161te doprinijeti me\u0111usobnom razumijevanju i toleranciji te \u0107emo [&hellip;]\" \/>\n<meta property=\"og:url\" content=\"https:\/\/knjiznice.nsk.hr\/lepoglava\/2025\/03\/28\/knjiznica-daruje-ulaznice-za-predstavu\/\" \/>\n<meta property=\"og:site_name\" content=\"Gradska knji\u017enica Ivana Belostenca Lepoglava\" \/>\n<meta property=\"article:published_time\" content=\"2025-03-28T10:12:05+00:00\" \/>\n<meta property=\"article:modified_time\" content=\"2025-03-28T10:32:46+00:00\" \/>\n<meta property=\"og:image\" content=\"http:\/\/knjiznice.nsk.hr\/lepoglava\/wp-content\/uploads\/sites\/22\/2025\/03\/predstava-200x300.jpg\" \/>\n<meta name=\"twitter:label1\" content=\"Procijenjeno vrijeme \u010ditanja\" \/>\n\t<meta name=\"twitter:data1\" content=\"2 minute\" \/>\n<script type=\"application\/ld+json\" class=\"yoast-schema-graph\">{\"@context\":\"https:\/\/schema.org\",\"@graph\":[{\"@type\":\"WebSite\",\"@id\":\"https:\/\/knjiznice.nsk.hr\/lepoglava\/#website\",\"url\":\"https:\/\/knjiznice.nsk.hr\/lepoglava\/\",\"name\":\"Gradska knji\\u017enica Ivana Belostenca Lepoglava\",\"description\":\"\",\"potentialAction\":[{\"@type\":\"SearchAction\",\"target\":\"https:\/\/knjiznice.nsk.hr\/lepoglava\/?s={search_term_string}\",\"query-input\":\"required name=search_term_string\"}],\"inLanguage\":\"hr\"},{\"@type\":\"ImageObject\",\"@id\":\"https:\/\/knjiznice.nsk.hr\/lepoglava\/2025\/03\/28\/knjiznica-daruje-ulaznice-za-predstavu\/#primaryimage\",\"inLanguage\":\"hr\",\"url\":\"http:\/\/knjiznice.nsk.hr\/lepoglava\/wp-content\/uploads\/sites\/22\/2025\/03\/predstava-200x300.jpg\",\"contentUrl\":\"http:\/\/knjiznice.nsk.hr\/lepoglava\/wp-content\/uploads\/sites\/22\/2025\/03\/predstava-200x300.jpg\"},{\"@type\":\"WebPage\",\"@id\":\"https:\/\/knjiznice.nsk.hr\/lepoglava\/2025\/03\/28\/knjiznica-daruje-ulaznice-za-predstavu\/#webpage\",\"url\":\"https:\/\/knjiznice.nsk.hr\/lepoglava\/2025\/03\/28\/knjiznica-daruje-ulaznice-za-predstavu\/\",\"name\":\"Knji\\u017enica daruje ulaznice za predstavu - Gradska knji\\u017enica Ivana Belostenca Lepoglava\",\"isPartOf\":{\"@id\":\"https:\/\/knjiznice.nsk.hr\/lepoglava\/#website\"},\"primaryImageOfPage\":{\"@id\":\"https:\/\/knjiznice.nsk.hr\/lepoglava\/2025\/03\/28\/knjiznica-daruje-ulaznice-za-predstavu\/#primaryimage\"},\"datePublished\":\"2025-03-28T10:12:05+00:00\",\"dateModified\":\"2025-03-28T10:32:46+00:00\",\"author\":{\"@id\":\"https:\/\/knjiznice.nsk.hr\/lepoglava\/#\/schema\/person\/14dc66f44641ce38deb763484749e42c\"},\"breadcrumb\":{\"@id\":\"https:\/\/knjiznice.nsk.hr\/lepoglava\/2025\/03\/28\/knjiznica-daruje-ulaznice-za-predstavu\/#breadcrumb\"},\"inLanguage\":\"hr\",\"potentialAction\":[{\"@type\":\"ReadAction\",\"target\":[\"https:\/\/knjiznice.nsk.hr\/lepoglava\/2025\/03\/28\/knjiznica-daruje-ulaznice-za-predstavu\/\"]}]},{\"@type\":\"BreadcrumbList\",\"@id\":\"https:\/\/knjiznice.nsk.hr\/lepoglava\/2025\/03\/28\/knjiznica-daruje-ulaznice-za-predstavu\/#breadcrumb\",\"itemListElement\":[{\"@type\":\"ListItem\",\"position\":1,\"item\":{\"@type\":\"WebPage\",\"@id\":\"https:\/\/knjiznice.nsk.hr\/lepoglava\/\",\"url\":\"https:\/\/knjiznice.nsk.hr\/lepoglava\/\",\"name\":\"Po\\u010detna stranica\"}},{\"@type\":\"ListItem\",\"position\":2,\"item\":{\"@id\":\"https:\/\/knjiznice.nsk.hr\/lepoglava\/2025\/03\/28\/knjiznica-daruje-ulaznice-za-predstavu\/#webpage\"}}]},{\"@type\":\"Person\",\"@id\":\"https:\/\/knjiznice.nsk.hr\/lepoglava\/#\/schema\/person\/14dc66f44641ce38deb763484749e42c\",\"name\":\"lepoglava\",\"image\":{\"@type\":\"ImageObject\",\"@id\":\"https:\/\/knjiznice.nsk.hr\/lepoglava\/#personlogo\",\"inLanguage\":\"hr\",\"url\":\"https:\/\/secure.gravatar.com\/avatar\/a086e8fce86c47181a4299685e5b101f?s=96&d=mm&r=g\",\"contentUrl\":\"https:\/\/secure.gravatar.com\/avatar\/a086e8fce86c47181a4299685e5b101f?s=96&d=mm&r=g\",\"caption\":\"lepoglava\"},\"url\":\"https:\/\/knjiznice.nsk.hr\/lepoglava\/\"}]}<\/script>\n<!-- \/ Yoast SEO plugin. -->","_links":{"self":[{"href":"https:\/\/knjiznice.nsk.hr\/lepoglava\/wp-json\/wp\/v2\/posts\/2350"}],"collection":[{"href":"https:\/\/knjiznice.nsk.hr\/lepoglava\/wp-json\/wp\/v2\/posts"}],"about":[{"href":"https:\/\/knjiznice.nsk.hr\/lepoglava\/wp-json\/wp\/v2\/types\/post"}],"author":[{"embeddable":true,"href":"https:\/\/knjiznice.nsk.hr\/lepoglava\/wp-json\/wp\/v2\/users\/18"}],"replies":[{"embeddable":true,"href":"https:\/\/knjiznice.nsk.hr\/lepoglava\/wp-json\/wp\/v2\/comments?post=2350"}],"version-history":[{"count":2,"href":"https:\/\/knjiznice.nsk.hr\/lepoglava\/wp-json\/wp\/v2\/posts\/2350\/revisions"}],"predecessor-version":[{"id":2352,"href":"https:\/\/knjiznice.nsk.hr\/lepoglava\/wp-json\/wp\/v2\/posts\/2350\/revisions\/2352"}],"wp:attachment":[{"href":"https:\/\/knjiznice.nsk.hr\/lepoglava\/wp-json\/wp\/v2\/media?parent=2350"}],"wp:term":[{"taxonomy":"category","embeddable":true,"href":"https:\/\/knjiznice.nsk.hr\/lepoglava\/wp-json\/wp\/v2\/categories?post=2350"},{"taxonomy":"post_tag","embeddable":true,"href":"https:\/\/knjiznice.nsk.hr\/lepoglava\/wp-json\/wp\/v2\/tags?post=2350"}],"curies":[{"name":"wp","href":"https:\/\/api.w.org\/{rel}","templated":true}]}}