{"id":2343,"date":"2025-03-26T10:47:02","date_gmt":"2025-03-26T10:47:02","guid":{"rendered":"http:\/\/knjiznice.nsk.hr\/lepoglava\/?p=2343"},"modified":"2025-03-26T10:47:52","modified_gmt":"2025-03-26T10:47:52","slug":"citajmo-zajedno-25-03-2025","status":"publish","type":"post","link":"https:\/\/knjiznice.nsk.hr\/lepoglava\/2025\/03\/26\/citajmo-zajedno-25-03-2025\/","title":{"rendered":"&#8220;\u010citajmo zajedno&#8221; 25. o\u017eujak 2025."},"content":{"rendered":"<p>Ju\u010dera\u0161nja aktivnost \u201c<strong>\u010citajmo zajedno<\/strong>\u201d urodila je \u010ditanjem \u010dak dviju slikovnica a privukla je dosad najvi\u0161e malenih i velikih! \u201cPrehla\u0111eni vuk\u201d i \u201cTri pra\u0161\u010di\u0107a i prehla\u0111eni vuk\u201d naslovi su u kojima su gestama i rije\u010dima radosno sudjelovali svi prisutni. Ekspresivno \u010ditanje i kreativni izri\u010daj na\u0161e drage Anite i ovaj je puta, doslovno i emotivno, popunio dje\u010dji kutak.<\/p>\n<p><a href=\"http:\/\/knjiznice.nsk.hr\/lepoglava\/img_4399\/\"><img loading=\"lazy\" class=\"alignnone size-medium wp-image-2335\" src=\"http:\/\/knjiznice.nsk.hr\/lepoglava\/wp-content\/uploads\/sites\/22\/2025\/03\/IMG_4399-300x225.jpg\" alt=\"\" width=\"300\" height=\"225\" srcset=\"https:\/\/knjiznice.nsk.hr\/lepoglava\/wp-content\/uploads\/sites\/22\/2025\/03\/IMG_4399-300x225.jpg 300w, https:\/\/knjiznice.nsk.hr\/lepoglava\/wp-content\/uploads\/sites\/22\/2025\/03\/IMG_4399-600x450.jpg 600w, https:\/\/knjiznice.nsk.hr\/lepoglava\/wp-content\/uploads\/sites\/22\/2025\/03\/IMG_4399.jpg 640w\" sizes=\"(max-width: 300px) 100vw, 300px\" \/><\/a> <a href=\"http:\/\/knjiznice.nsk.hr\/lepoglava\/img_4401\/\"><img loading=\"lazy\" class=\"alignnone size-medium wp-image-2336\" src=\"http:\/\/knjiznice.nsk.hr\/lepoglava\/wp-content\/uploads\/sites\/22\/2025\/03\/IMG_4401-225x300.jpg\" alt=\"\" width=\"225\" height=\"300\" srcset=\"https:\/\/knjiznice.nsk.hr\/lepoglava\/wp-content\/uploads\/sites\/22\/2025\/03\/IMG_4401-225x300.jpg 225w, https:\/\/knjiznice.nsk.hr\/lepoglava\/wp-content\/uploads\/sites\/22\/2025\/03\/IMG_4401-rotated.jpg 480w\" sizes=\"(max-width: 225px) 100vw, 225px\" \/><\/a> <a href=\"http:\/\/knjiznice.nsk.hr\/lepoglava\/img_4404\/\"><img loading=\"lazy\" class=\"alignnone size-medium wp-image-2337\" src=\"http:\/\/knjiznice.nsk.hr\/lepoglava\/wp-content\/uploads\/sites\/22\/2025\/03\/IMG_4404-300x225.jpg\" alt=\"\" width=\"300\" height=\"225\" srcset=\"https:\/\/knjiznice.nsk.hr\/lepoglava\/wp-content\/uploads\/sites\/22\/2025\/03\/IMG_4404-300x225.jpg 300w, https:\/\/knjiznice.nsk.hr\/lepoglava\/wp-content\/uploads\/sites\/22\/2025\/03\/IMG_4404-600x450.jpg 600w, https:\/\/knjiznice.nsk.hr\/lepoglava\/wp-content\/uploads\/sites\/22\/2025\/03\/IMG_4404.jpg 640w\" sizes=\"(max-width: 300px) 100vw, 300px\" \/><\/a> <a href=\"http:\/\/knjiznice.nsk.hr\/lepoglava\/img_4406\/\"><img loading=\"lazy\" class=\"alignnone size-medium wp-image-2338\" src=\"http:\/\/knjiznice.nsk.hr\/lepoglava\/wp-content\/uploads\/sites\/22\/2025\/03\/IMG_4406-300x225.jpg\" alt=\"\" width=\"300\" height=\"225\" srcset=\"https:\/\/knjiznice.nsk.hr\/lepoglava\/wp-content\/uploads\/sites\/22\/2025\/03\/IMG_4406-300x225.jpg 300w, https:\/\/knjiznice.nsk.hr\/lepoglava\/wp-content\/uploads\/sites\/22\/2025\/03\/IMG_4406-600x450.jpg 600w, https:\/\/knjiznice.nsk.hr\/lepoglava\/wp-content\/uploads\/sites\/22\/2025\/03\/IMG_4406.jpg 640w\" sizes=\"(max-width: 300px) 100vw, 300px\" \/><\/a> <a href=\"http:\/\/knjiznice.nsk.hr\/lepoglava\/img_4407\/\"><img loading=\"lazy\" class=\"alignnone size-medium wp-image-2339\" src=\"http:\/\/knjiznice.nsk.hr\/lepoglava\/wp-content\/uploads\/sites\/22\/2025\/03\/IMG_4407-225x300.jpg\" alt=\"\" width=\"225\" height=\"300\" srcset=\"https:\/\/knjiznice.nsk.hr\/lepoglava\/wp-content\/uploads\/sites\/22\/2025\/03\/IMG_4407-225x300.jpg 225w, https:\/\/knjiznice.nsk.hr\/lepoglava\/wp-content\/uploads\/sites\/22\/2025\/03\/IMG_4407-rotated.jpg 480w\" sizes=\"(max-width: 225px) 100vw, 225px\" \/><\/a> <a href=\"http:\/\/knjiznice.nsk.hr\/lepoglava\/img_4410\/\"><img loading=\"lazy\" class=\"alignnone size-medium wp-image-2340\" src=\"http:\/\/knjiznice.nsk.hr\/lepoglava\/wp-content\/uploads\/sites\/22\/2025\/03\/IMG_4410-300x225.jpg\" alt=\"\" width=\"300\" height=\"225\" srcset=\"https:\/\/knjiznice.nsk.hr\/lepoglava\/wp-content\/uploads\/sites\/22\/2025\/03\/IMG_4410-300x225.jpg 300w, https:\/\/knjiznice.nsk.hr\/lepoglava\/wp-content\/uploads\/sites\/22\/2025\/03\/IMG_4410-600x450.jpg 600w, https:\/\/knjiznice.nsk.hr\/lepoglava\/wp-content\/uploads\/sites\/22\/2025\/03\/IMG_4410.jpg 640w\" sizes=\"(max-width: 300px) 100vw, 300px\" \/><\/a> <a href=\"http:\/\/knjiznice.nsk.hr\/lepoglava\/bez-naslova\/\"><img loading=\"lazy\" class=\"alignnone size-full wp-image-2341\" src=\"http:\/\/knjiznice.nsk.hr\/lepoglava\/wp-content\/uploads\/sites\/22\/2025\/03\/Bez-naslova.jpg\" alt=\"\" width=\"225\" height=\"225\" srcset=\"https:\/\/knjiznice.nsk.hr\/lepoglava\/wp-content\/uploads\/sites\/22\/2025\/03\/Bez-naslova.jpg 225w, https:\/\/knjiznice.nsk.hr\/lepoglava\/wp-content\/uploads\/sites\/22\/2025\/03\/Bez-naslova-150x150.jpg 150w\" sizes=\"(max-width: 225px) 100vw, 225px\" \/><\/a> <a href=\"http:\/\/knjiznice.nsk.hr\/lepoglava\/bez-naslova1\/\"><img loading=\"lazy\" class=\"alignnone size-full wp-image-2342\" src=\"http:\/\/knjiznice.nsk.hr\/lepoglava\/wp-content\/uploads\/sites\/22\/2025\/03\/Bez-naslova1.jpg\" alt=\"\" width=\"214\" height=\"236\"><\/a><\/p>\n","protected":false},"excerpt":{"rendered":"<p>Ju\u010dera\u0161nja aktivnost \u201c\u010citajmo zajedno\u201d urodila je \u010ditanjem \u010dak dviju slikovnica a privukla je dosad najvi\u0161e malenih i velikih! \u201cPrehla\u0111eni vuk\u201d i \u201cTri pra\u0161\u010di\u0107a i prehla\u0111eni vuk\u201d naslovi su u kojima su gestama i rije\u010dima radosno sudjelovali svi prisutni. Ekspresivno \u010ditanje i kreativni izri\u010daj na\u0161e drage Anite i ovaj je puta, doslovno i emotivno, popunio dje\u010dji [&hellip;]<\/p>\n","protected":false},"author":18,"featured_media":0,"comment_status":"closed","ping_status":"closed","sticky":false,"template":"","format":"standard","meta":{"ngg_post_thumbnail":0},"categories":[1],"tags":[],"yoast_head":"<!-- This site is optimized with the Yoast SEO plugin v16.4 - https:\/\/yoast.com\/wordpress\/plugins\/seo\/ -->\n<meta name=\"robots\" content=\"index, follow, max-snippet:-1, max-image-preview:large, max-video-preview:-1\" \/>\n<link rel=\"canonical\" href=\"https:\/\/knjiznice.nsk.hr\/lepoglava\/2025\/03\/26\/citajmo-zajedno-25-03-2025\/\" \/>\n<meta property=\"og:locale\" content=\"hr_HR\" \/>\n<meta property=\"og:type\" content=\"article\" \/>\n<meta property=\"og:title\" content=\"&quot;\u010citajmo zajedno&quot; 25. o\u017eujak 2025. - Gradska knji\u017enica Ivana Belostenca Lepoglava\" \/>\n<meta property=\"og:description\" content=\"Ju\u010dera\u0161nja aktivnost \u201c\u010citajmo zajedno\u201d urodila je \u010ditanjem \u010dak dviju slikovnica a privukla je dosad najvi\u0161e malenih i velikih! \u201cPrehla\u0111eni vuk\u201d i \u201cTri pra\u0161\u010di\u0107a i prehla\u0111eni vuk\u201d naslovi su u kojima su gestama i rije\u010dima radosno sudjelovali svi prisutni. Ekspresivno \u010ditanje i kreativni izri\u010daj na\u0161e drage Anite i ovaj je puta, doslovno i emotivno, popunio dje\u010dji [&hellip;]\" \/>\n<meta property=\"og:url\" content=\"https:\/\/knjiznice.nsk.hr\/lepoglava\/2025\/03\/26\/citajmo-zajedno-25-03-2025\/\" \/>\n<meta property=\"og:site_name\" content=\"Gradska knji\u017enica Ivana Belostenca Lepoglava\" \/>\n<meta property=\"article:published_time\" content=\"2025-03-26T10:47:02+00:00\" \/>\n<meta property=\"article:modified_time\" content=\"2025-03-26T10:47:52+00:00\" \/>\n<meta property=\"og:image\" content=\"http:\/\/knjiznice.nsk.hr\/lepoglava\/wp-content\/uploads\/sites\/22\/2025\/03\/IMG_4399-300x225.jpg\" \/>\n<meta name=\"twitter:label1\" content=\"Procijenjeno vrijeme \u010ditanja\" \/>\n\t<meta name=\"twitter:data1\" content=\"2 minute\" \/>\n<script type=\"application\/ld+json\" class=\"yoast-schema-graph\">{\"@context\":\"https:\/\/schema.org\",\"@graph\":[{\"@type\":\"WebSite\",\"@id\":\"https:\/\/knjiznice.nsk.hr\/lepoglava\/#website\",\"url\":\"https:\/\/knjiznice.nsk.hr\/lepoglava\/\",\"name\":\"Gradska knji\\u017enica Ivana Belostenca Lepoglava\",\"description\":\"\",\"potentialAction\":[{\"@type\":\"SearchAction\",\"target\":\"https:\/\/knjiznice.nsk.hr\/lepoglava\/?s={search_term_string}\",\"query-input\":\"required name=search_term_string\"}],\"inLanguage\":\"hr\"},{\"@type\":\"ImageObject\",\"@id\":\"https:\/\/knjiznice.nsk.hr\/lepoglava\/2025\/03\/26\/citajmo-zajedno-25-03-2025\/#primaryimage\",\"inLanguage\":\"hr\",\"url\":\"http:\/\/knjiznice.nsk.hr\/lepoglava\/wp-content\/uploads\/sites\/22\/2025\/03\/IMG_4399-300x225.jpg\",\"contentUrl\":\"http:\/\/knjiznice.nsk.hr\/lepoglava\/wp-content\/uploads\/sites\/22\/2025\/03\/IMG_4399-300x225.jpg\"},{\"@type\":\"WebPage\",\"@id\":\"https:\/\/knjiznice.nsk.hr\/lepoglava\/2025\/03\/26\/citajmo-zajedno-25-03-2025\/#webpage\",\"url\":\"https:\/\/knjiznice.nsk.hr\/lepoglava\/2025\/03\/26\/citajmo-zajedno-25-03-2025\/\",\"name\":\"\\\"\\u010citajmo zajedno\\\" 25. o\\u017eujak 2025. - Gradska knji\\u017enica Ivana Belostenca Lepoglava\",\"isPartOf\":{\"@id\":\"https:\/\/knjiznice.nsk.hr\/lepoglava\/#website\"},\"primaryImageOfPage\":{\"@id\":\"https:\/\/knjiznice.nsk.hr\/lepoglava\/2025\/03\/26\/citajmo-zajedno-25-03-2025\/#primaryimage\"},\"datePublished\":\"2025-03-26T10:47:02+00:00\",\"dateModified\":\"2025-03-26T10:47:52+00:00\",\"author\":{\"@id\":\"https:\/\/knjiznice.nsk.hr\/lepoglava\/#\/schema\/person\/14dc66f44641ce38deb763484749e42c\"},\"breadcrumb\":{\"@id\":\"https:\/\/knjiznice.nsk.hr\/lepoglava\/2025\/03\/26\/citajmo-zajedno-25-03-2025\/#breadcrumb\"},\"inLanguage\":\"hr\",\"potentialAction\":[{\"@type\":\"ReadAction\",\"target\":[\"https:\/\/knjiznice.nsk.hr\/lepoglava\/2025\/03\/26\/citajmo-zajedno-25-03-2025\/\"]}]},{\"@type\":\"BreadcrumbList\",\"@id\":\"https:\/\/knjiznice.nsk.hr\/lepoglava\/2025\/03\/26\/citajmo-zajedno-25-03-2025\/#breadcrumb\",\"itemListElement\":[{\"@type\":\"ListItem\",\"position\":1,\"item\":{\"@type\":\"WebPage\",\"@id\":\"https:\/\/knjiznice.nsk.hr\/lepoglava\/\",\"url\":\"https:\/\/knjiznice.nsk.hr\/lepoglava\/\",\"name\":\"Po\\u010detna stranica\"}},{\"@type\":\"ListItem\",\"position\":2,\"item\":{\"@id\":\"https:\/\/knjiznice.nsk.hr\/lepoglava\/2025\/03\/26\/citajmo-zajedno-25-03-2025\/#webpage\"}}]},{\"@type\":\"Person\",\"@id\":\"https:\/\/knjiznice.nsk.hr\/lepoglava\/#\/schema\/person\/14dc66f44641ce38deb763484749e42c\",\"name\":\"lepoglava\",\"image\":{\"@type\":\"ImageObject\",\"@id\":\"https:\/\/knjiznice.nsk.hr\/lepoglava\/#personlogo\",\"inLanguage\":\"hr\",\"url\":\"https:\/\/secure.gravatar.com\/avatar\/a086e8fce86c47181a4299685e5b101f?s=96&d=mm&r=g\",\"contentUrl\":\"https:\/\/secure.gravatar.com\/avatar\/a086e8fce86c47181a4299685e5b101f?s=96&d=mm&r=g\",\"caption\":\"lepoglava\"},\"url\":\"https:\/\/knjiznice.nsk.hr\/lepoglava\/\"}]}<\/script>\n<!-- \/ Yoast SEO plugin. -->","_links":{"self":[{"href":"https:\/\/knjiznice.nsk.hr\/lepoglava\/wp-json\/wp\/v2\/posts\/2343"}],"collection":[{"href":"https:\/\/knjiznice.nsk.hr\/lepoglava\/wp-json\/wp\/v2\/posts"}],"about":[{"href":"https:\/\/knjiznice.nsk.hr\/lepoglava\/wp-json\/wp\/v2\/types\/post"}],"author":[{"embeddable":true,"href":"https:\/\/knjiznice.nsk.hr\/lepoglava\/wp-json\/wp\/v2\/users\/18"}],"replies":[{"embeddable":true,"href":"https:\/\/knjiznice.nsk.hr\/lepoglava\/wp-json\/wp\/v2\/comments?post=2343"}],"version-history":[{"count":2,"href":"https:\/\/knjiznice.nsk.hr\/lepoglava\/wp-json\/wp\/v2\/posts\/2343\/revisions"}],"predecessor-version":[{"id":2345,"href":"https:\/\/knjiznice.nsk.hr\/lepoglava\/wp-json\/wp\/v2\/posts\/2343\/revisions\/2345"}],"wp:attachment":[{"href":"https:\/\/knjiznice.nsk.hr\/lepoglava\/wp-json\/wp\/v2\/media?parent=2343"}],"wp:term":[{"taxonomy":"category","embeddable":true,"href":"https:\/\/knjiznice.nsk.hr\/lepoglava\/wp-json\/wp\/v2\/categories?post=2343"},{"taxonomy":"post_tag","embeddable":true,"href":"https:\/\/knjiznice.nsk.hr\/lepoglava\/wp-json\/wp\/v2\/tags?post=2343"}],"curies":[{"name":"wp","href":"https:\/\/api.w.org\/{rel}","templated":true}]}}