{"id":2250,"date":"2025-02-25T14:12:12","date_gmt":"2025-02-25T14:12:12","guid":{"rendered":"http:\/\/knjiznice.nsk.hr\/lepoglava\/?p=2250"},"modified":"2025-02-25T14:15:57","modified_gmt":"2025-02-25T14:15:57","slug":"citajmo-zajedno","status":"publish","type":"post","link":"https:\/\/knjiznice.nsk.hr\/lepoglava\/2025\/02\/25\/citajmo-zajedno\/","title":{"rendered":"\u010citajmo zajedno"},"content":{"rendered":"<p>O\u017eujak u na\u0161u knji\u017enicu donosi jednu novinu!<\/p>\n<p>Aktivnost \u201e<em>\u010citajmo zajedno<\/em>\u201c svakog \u0107e utorka provoditi u\u010diteljica razredne nastave, na\u0161a sugra\u0111anka i dugogodi\u0161nja \u010dlanica knji\u017enice <strong>Anita Rostohar<\/strong>.<\/p>\n<p>O va\u017enosti \u010ditanja djeci od najranije dobi govore&nbsp; stru\u010dnjaci i brojna stru\u010dna literatura. \u010citanje poti\u010de razvoj govora, percepcije, pa\u017enje, koncentracije, pam\u0107enja, sposobnosti zaklju\u010divanja, kriti\u010dkog mi\u0161ljenja, ma\u0161te, motivacije za pri\u010danje i pismeno izra\u017eavanje; omogu\u0107uje djetetu stjecanje znanja, informacija, bogati se rje\u010dnik, poti\u010de prepoznavanje i razumijevanje svojih i tu\u0111ih osje\u0107aja, ali i mnogo mnogo vi\u0161e.<\/p>\n<p>Nova aktivnost u knji\u017enici namijenjena je svim uzrastima, od najranije dobi uz pratnju odrasle osobe, ali i za stariju djecu koja su zainteresirana za svijet bajki i pri\u010da. Na\u0161 novi dje\u010dji kutak rado \u0107e ugostiti sve pri\u010doljupce, radoznalce, istra\u017eiva\u010de i zaljubljenike u bajke.<\/p>\n<p>\u010citamo utorkom u 17 sati, a<strong> startamo od 11. o\u017eujka<\/strong>!<\/p>\n<p><a href=\"http:\/\/knjiznice.nsk.hr\/lepoglava\/plakat1_page-0001\/\"><img loading=\"lazy\" class=\"alignnone size-medium wp-image-2249\" src=\"http:\/\/knjiznice.nsk.hr\/lepoglava\/wp-content\/uploads\/sites\/22\/2025\/02\/plakat1_page-0001-212x300.jpg\" alt=\"\" width=\"212\" height=\"300\" srcset=\"https:\/\/knjiznice.nsk.hr\/lepoglava\/wp-content\/uploads\/sites\/22\/2025\/02\/plakat1_page-0001-212x300.jpg 212w, https:\/\/knjiznice.nsk.hr\/lepoglava\/wp-content\/uploads\/sites\/22\/2025\/02\/plakat1_page-0001-724x1024.jpg 724w, https:\/\/knjiznice.nsk.hr\/lepoglava\/wp-content\/uploads\/sites\/22\/2025\/02\/plakat1_page-0001-768x1087.jpg 768w, https:\/\/knjiznice.nsk.hr\/lepoglava\/wp-content\/uploads\/sites\/22\/2025\/02\/plakat1_page-0001-600x849.jpg 600w, https:\/\/knjiznice.nsk.hr\/lepoglava\/wp-content\/uploads\/sites\/22\/2025\/02\/plakat1_page-0001-1085x1536.jpg 1085w, https:\/\/knjiznice.nsk.hr\/lepoglava\/wp-content\/uploads\/sites\/22\/2025\/02\/plakat1_page-0001.jpg 1240w\" sizes=\"(max-width: 212px) 100vw, 212px\" \/><\/a><\/p>\n","protected":false},"excerpt":{"rendered":"<p>O\u017eujak u na\u0161u knji\u017enicu donosi jednu novinu! Aktivnost \u201e\u010citajmo zajedno\u201c svakog \u0107e utorka provoditi u\u010diteljica razredne nastave, na\u0161a sugra\u0111anka i dugogodi\u0161nja \u010dlanica knji\u017enice Anita Rostohar. O va\u017enosti \u010ditanja djeci od najranije dobi govore&nbsp; stru\u010dnjaci i brojna stru\u010dna literatura. \u010citanje poti\u010de razvoj govora, percepcije, pa\u017enje, koncentracije, pam\u0107enja, sposobnosti zaklju\u010divanja, kriti\u010dkog mi\u0161ljenja, ma\u0161te, motivacije za pri\u010danje i [&hellip;]<\/p>\n","protected":false},"author":18,"featured_media":0,"comment_status":"closed","ping_status":"closed","sticky":false,"template":"","format":"standard","meta":{"ngg_post_thumbnail":0},"categories":[1],"tags":[],"yoast_head":"<!-- This site is optimized with the Yoast SEO plugin v16.4 - https:\/\/yoast.com\/wordpress\/plugins\/seo\/ -->\n<meta name=\"robots\" content=\"index, follow, max-snippet:-1, max-image-preview:large, max-video-preview:-1\" \/>\n<link rel=\"canonical\" href=\"http:\/\/knjiznice.nsk.hr\/lepoglava\/2025\/02\/25\/citajmo-zajedno\/\" \/>\n<meta property=\"og:locale\" content=\"hr_HR\" \/>\n<meta property=\"og:type\" content=\"article\" \/>\n<meta property=\"og:title\" content=\"\u010citajmo zajedno - Gradska knji\u017enica Ivana Belostenca Lepoglava\" \/>\n<meta property=\"og:description\" content=\"O\u017eujak u na\u0161u knji\u017enicu donosi jednu novinu! Aktivnost \u201e\u010citajmo zajedno\u201c svakog \u0107e utorka provoditi u\u010diteljica razredne nastave, na\u0161a sugra\u0111anka i dugogodi\u0161nja \u010dlanica knji\u017enice Anita Rostohar. O va\u017enosti \u010ditanja djeci od najranije dobi govore&nbsp; stru\u010dnjaci i brojna stru\u010dna literatura. \u010citanje poti\u010de razvoj govora, percepcije, pa\u017enje, koncentracije, pam\u0107enja, sposobnosti zaklju\u010divanja, kriti\u010dkog mi\u0161ljenja, ma\u0161te, motivacije za pri\u010danje i [&hellip;]\" \/>\n<meta property=\"og:url\" content=\"http:\/\/knjiznice.nsk.hr\/lepoglava\/2025\/02\/25\/citajmo-zajedno\/\" \/>\n<meta property=\"og:site_name\" content=\"Gradska knji\u017enica Ivana Belostenca Lepoglava\" \/>\n<meta property=\"article:published_time\" content=\"2025-02-25T14:12:12+00:00\" \/>\n<meta property=\"article:modified_time\" content=\"2025-02-25T14:15:57+00:00\" \/>\n<meta property=\"og:image\" content=\"http:\/\/knjiznice.nsk.hr\/lepoglava\/wp-content\/uploads\/sites\/22\/2025\/02\/plakat1_page-0001-212x300.jpg\" \/>\n<meta name=\"twitter:label1\" content=\"Procijenjeno vrijeme \u010ditanja\" \/>\n\t<meta name=\"twitter:data1\" content=\"1 minuta\" \/>\n<script type=\"application\/ld+json\" class=\"yoast-schema-graph\">{\"@context\":\"https:\/\/schema.org\",\"@graph\":[{\"@type\":\"WebSite\",\"@id\":\"http:\/\/knjiznice.nsk.hr\/lepoglava\/#website\",\"url\":\"http:\/\/knjiznice.nsk.hr\/lepoglava\/\",\"name\":\"Gradska knji\\u017enica Ivana Belostenca Lepoglava\",\"description\":\"\",\"potentialAction\":[{\"@type\":\"SearchAction\",\"target\":\"http:\/\/knjiznice.nsk.hr\/lepoglava\/?s={search_term_string}\",\"query-input\":\"required name=search_term_string\"}],\"inLanguage\":\"hr\"},{\"@type\":\"ImageObject\",\"@id\":\"http:\/\/knjiznice.nsk.hr\/lepoglava\/2025\/02\/25\/citajmo-zajedno\/#primaryimage\",\"inLanguage\":\"hr\",\"url\":\"http:\/\/knjiznice.nsk.hr\/lepoglava\/wp-content\/uploads\/sites\/22\/2025\/02\/plakat1_page-0001-212x300.jpg\",\"contentUrl\":\"http:\/\/knjiznice.nsk.hr\/lepoglava\/wp-content\/uploads\/sites\/22\/2025\/02\/plakat1_page-0001-212x300.jpg\"},{\"@type\":\"WebPage\",\"@id\":\"http:\/\/knjiznice.nsk.hr\/lepoglava\/2025\/02\/25\/citajmo-zajedno\/#webpage\",\"url\":\"http:\/\/knjiznice.nsk.hr\/lepoglava\/2025\/02\/25\/citajmo-zajedno\/\",\"name\":\"\\u010citajmo zajedno - Gradska knji\\u017enica Ivana Belostenca Lepoglava\",\"isPartOf\":{\"@id\":\"http:\/\/knjiznice.nsk.hr\/lepoglava\/#website\"},\"primaryImageOfPage\":{\"@id\":\"http:\/\/knjiznice.nsk.hr\/lepoglava\/2025\/02\/25\/citajmo-zajedno\/#primaryimage\"},\"datePublished\":\"2025-02-25T14:12:12+00:00\",\"dateModified\":\"2025-02-25T14:15:57+00:00\",\"author\":{\"@id\":\"http:\/\/knjiznice.nsk.hr\/lepoglava\/#\/schema\/person\/14dc66f44641ce38deb763484749e42c\"},\"breadcrumb\":{\"@id\":\"http:\/\/knjiznice.nsk.hr\/lepoglava\/2025\/02\/25\/citajmo-zajedno\/#breadcrumb\"},\"inLanguage\":\"hr\",\"potentialAction\":[{\"@type\":\"ReadAction\",\"target\":[\"http:\/\/knjiznice.nsk.hr\/lepoglava\/2025\/02\/25\/citajmo-zajedno\/\"]}]},{\"@type\":\"BreadcrumbList\",\"@id\":\"http:\/\/knjiznice.nsk.hr\/lepoglava\/2025\/02\/25\/citajmo-zajedno\/#breadcrumb\",\"itemListElement\":[{\"@type\":\"ListItem\",\"position\":1,\"item\":{\"@type\":\"WebPage\",\"@id\":\"http:\/\/knjiznice.nsk.hr\/lepoglava\/\",\"url\":\"http:\/\/knjiznice.nsk.hr\/lepoglava\/\",\"name\":\"Po\\u010detna stranica\"}},{\"@type\":\"ListItem\",\"position\":2,\"item\":{\"@id\":\"http:\/\/knjiznice.nsk.hr\/lepoglava\/2025\/02\/25\/citajmo-zajedno\/#webpage\"}}]},{\"@type\":\"Person\",\"@id\":\"http:\/\/knjiznice.nsk.hr\/lepoglava\/#\/schema\/person\/14dc66f44641ce38deb763484749e42c\",\"name\":\"lepoglava\",\"image\":{\"@type\":\"ImageObject\",\"@id\":\"http:\/\/knjiznice.nsk.hr\/lepoglava\/#personlogo\",\"inLanguage\":\"hr\",\"url\":\"https:\/\/secure.gravatar.com\/avatar\/a086e8fce86c47181a4299685e5b101f?s=96&d=mm&r=g\",\"contentUrl\":\"https:\/\/secure.gravatar.com\/avatar\/a086e8fce86c47181a4299685e5b101f?s=96&d=mm&r=g\",\"caption\":\"lepoglava\"},\"url\":\"https:\/\/knjiznice.nsk.hr\/lepoglava\/\"}]}<\/script>\n<!-- \/ Yoast SEO plugin. -->","_links":{"self":[{"href":"https:\/\/knjiznice.nsk.hr\/lepoglava\/wp-json\/wp\/v2\/posts\/2250"}],"collection":[{"href":"https:\/\/knjiznice.nsk.hr\/lepoglava\/wp-json\/wp\/v2\/posts"}],"about":[{"href":"https:\/\/knjiznice.nsk.hr\/lepoglava\/wp-json\/wp\/v2\/types\/post"}],"author":[{"embeddable":true,"href":"https:\/\/knjiznice.nsk.hr\/lepoglava\/wp-json\/wp\/v2\/users\/18"}],"replies":[{"embeddable":true,"href":"https:\/\/knjiznice.nsk.hr\/lepoglava\/wp-json\/wp\/v2\/comments?post=2250"}],"version-history":[{"count":3,"href":"https:\/\/knjiznice.nsk.hr\/lepoglava\/wp-json\/wp\/v2\/posts\/2250\/revisions"}],"predecessor-version":[{"id":2253,"href":"https:\/\/knjiznice.nsk.hr\/lepoglava\/wp-json\/wp\/v2\/posts\/2250\/revisions\/2253"}],"wp:attachment":[{"href":"https:\/\/knjiznice.nsk.hr\/lepoglava\/wp-json\/wp\/v2\/media?parent=2250"}],"wp:term":[{"taxonomy":"category","embeddable":true,"href":"https:\/\/knjiznice.nsk.hr\/lepoglava\/wp-json\/wp\/v2\/categories?post=2250"},{"taxonomy":"post_tag","embeddable":true,"href":"https:\/\/knjiznice.nsk.hr\/lepoglava\/wp-json\/wp\/v2\/tags?post=2250"}],"curies":[{"name":"wp","href":"https:\/\/api.w.org\/{rel}","templated":true}]}}