{"id":2173,"date":"2025-01-27T15:21:38","date_gmt":"2025-01-27T15:21:38","guid":{"rendered":"http:\/\/knjiznice.nsk.hr\/lepoglava\/?p=2173"},"modified":"2025-01-27T15:21:38","modified_gmt":"2025-01-27T15:21:38","slug":"posjet-2-a-razreda-os-kamenica","status":"publish","type":"post","link":"https:\/\/knjiznice.nsk.hr\/lepoglava\/2025\/01\/27\/posjet-2-a-razreda-os-kamenica\/","title":{"rendered":"Posjet 2.A razreda O\u0160 Kamenica"},"content":{"rendered":"<p>Knji\u017enicu su danas posjetili u\u010denici 2.A razreda Osnovne \u0161kole Kamenica. Maleni broj\u010dano, ali veliki duhom i pozitivnom energijom rado su poslu\u0161ali informacije o na\u0161oj knji\u017enici, razgledali fond, odradili dio nastavnog dana okru\u017eeni brojnim knjigama pa \u010dak i pripremili pitanja za nas knji\u017eni\u010darke. Od danas \u010dlanovi knji\u017enice uljep\u0161ali su na\u0161e jutro, a nadamo se da su obogatili i svoj dan. &#x1f4da;&#x1f4da;<\/p>\n<p><a href=\"http:\/\/knjiznice.nsk.hr\/lepoglava\/2025\/01\/27\/posjet-2-a-razreda-os-kamenica\/img_2914\/\" rel=\"attachment wp-att-2169\"><img loading=\"lazy\" class=\"alignnone size-medium wp-image-2169\" src=\"http:\/\/knjiznice.nsk.hr\/lepoglava\/wp-content\/uploads\/sites\/22\/2025\/01\/IMG_2914-225x300.jpeg\" alt=\"\" width=\"225\" height=\"300\" srcset=\"https:\/\/knjiznice.nsk.hr\/lepoglava\/wp-content\/uploads\/sites\/22\/2025\/01\/IMG_2914-225x300.jpeg 225w, https:\/\/knjiznice.nsk.hr\/lepoglava\/wp-content\/uploads\/sites\/22\/2025\/01\/IMG_2914-768x1024.jpeg 768w, https:\/\/knjiznice.nsk.hr\/lepoglava\/wp-content\/uploads\/sites\/22\/2025\/01\/IMG_2914-600x800.jpeg 600w, https:\/\/knjiznice.nsk.hr\/lepoglava\/wp-content\/uploads\/sites\/22\/2025\/01\/IMG_2914-1152x1536.jpeg 1152w, https:\/\/knjiznice.nsk.hr\/lepoglava\/wp-content\/uploads\/sites\/22\/2025\/01\/IMG_2914.jpeg 1200w\" sizes=\"(max-width: 225px) 100vw, 225px\" \/><\/a> <a href=\"http:\/\/knjiznice.nsk.hr\/lepoglava\/2025\/01\/27\/posjet-2-a-razreda-os-kamenica\/img_2915-2\/\" rel=\"attachment wp-att-2170\"><img loading=\"lazy\" class=\"alignnone size-medium wp-image-2170\" src=\"http:\/\/knjiznice.nsk.hr\/lepoglava\/wp-content\/uploads\/sites\/22\/2025\/01\/IMG_2915-300x225.jpeg\" alt=\"\" width=\"300\" height=\"225\" srcset=\"https:\/\/knjiznice.nsk.hr\/lepoglava\/wp-content\/uploads\/sites\/22\/2025\/01\/IMG_2915-300x225.jpeg 300w, https:\/\/knjiznice.nsk.hr\/lepoglava\/wp-content\/uploads\/sites\/22\/2025\/01\/IMG_2915-1024x768.jpeg 1024w, https:\/\/knjiznice.nsk.hr\/lepoglava\/wp-content\/uploads\/sites\/22\/2025\/01\/IMG_2915-768x576.jpeg 768w, https:\/\/knjiznice.nsk.hr\/lepoglava\/wp-content\/uploads\/sites\/22\/2025\/01\/IMG_2915-600x450.jpeg 600w, https:\/\/knjiznice.nsk.hr\/lepoglava\/wp-content\/uploads\/sites\/22\/2025\/01\/IMG_2915-1536x1152.jpeg 1536w, https:\/\/knjiznice.nsk.hr\/lepoglava\/wp-content\/uploads\/sites\/22\/2025\/01\/IMG_2915.jpeg 1600w\" sizes=\"(max-width: 300px) 100vw, 300px\" \/><\/a> <a href=\"http:\/\/knjiznice.nsk.hr\/lepoglava\/2025\/01\/27\/posjet-2-a-razreda-os-kamenica\/img_2916\/\" rel=\"attachment wp-att-2171\"><img loading=\"lazy\" class=\"alignnone size-medium wp-image-2171\" src=\"http:\/\/knjiznice.nsk.hr\/lepoglava\/wp-content\/uploads\/sites\/22\/2025\/01\/IMG_2916-300x225.jpeg\" alt=\"\" width=\"300\" height=\"225\" srcset=\"https:\/\/knjiznice.nsk.hr\/lepoglava\/wp-content\/uploads\/sites\/22\/2025\/01\/IMG_2916-300x225.jpeg 300w, https:\/\/knjiznice.nsk.hr\/lepoglava\/wp-content\/uploads\/sites\/22\/2025\/01\/IMG_2916-1024x768.jpeg 1024w, https:\/\/knjiznice.nsk.hr\/lepoglava\/wp-content\/uploads\/sites\/22\/2025\/01\/IMG_2916-768x576.jpeg 768w, https:\/\/knjiznice.nsk.hr\/lepoglava\/wp-content\/uploads\/sites\/22\/2025\/01\/IMG_2916-600x450.jpeg 600w, https:\/\/knjiznice.nsk.hr\/lepoglava\/wp-content\/uploads\/sites\/22\/2025\/01\/IMG_2916-1536x1152.jpeg 1536w, https:\/\/knjiznice.nsk.hr\/lepoglava\/wp-content\/uploads\/sites\/22\/2025\/01\/IMG_2916.jpeg 1600w\" sizes=\"(max-width: 300px) 100vw, 300px\" \/><\/a> <a href=\"http:\/\/knjiznice.nsk.hr\/lepoglava\/img_2919-2\/\"><img loading=\"lazy\" class=\"alignnone size-medium wp-image-2172\" src=\"http:\/\/knjiznice.nsk.hr\/lepoglava\/wp-content\/uploads\/sites\/22\/2025\/01\/IMG_2919-300x225.jpeg\" alt=\"\" width=\"300\" height=\"225\" srcset=\"https:\/\/knjiznice.nsk.hr\/lepoglava\/wp-content\/uploads\/sites\/22\/2025\/01\/IMG_2919-300x225.jpeg 300w, https:\/\/knjiznice.nsk.hr\/lepoglava\/wp-content\/uploads\/sites\/22\/2025\/01\/IMG_2919-1024x768.jpeg 1024w, https:\/\/knjiznice.nsk.hr\/lepoglava\/wp-content\/uploads\/sites\/22\/2025\/01\/IMG_2919-768x576.jpeg 768w, https:\/\/knjiznice.nsk.hr\/lepoglava\/wp-content\/uploads\/sites\/22\/2025\/01\/IMG_2919-600x450.jpeg 600w, https:\/\/knjiznice.nsk.hr\/lepoglava\/wp-content\/uploads\/sites\/22\/2025\/01\/IMG_2919-1536x1152.jpeg 1536w, https:\/\/knjiznice.nsk.hr\/lepoglava\/wp-content\/uploads\/sites\/22\/2025\/01\/IMG_2919.jpeg 1600w\" sizes=\"(max-width: 300px) 100vw, 300px\" \/><\/a> <a href=\"http:\/\/knjiznice.nsk.hr\/lepoglava\/img_2920\/\"><img loading=\"lazy\" class=\"alignnone size-medium wp-image-2168\" src=\"http:\/\/knjiznice.nsk.hr\/lepoglava\/wp-content\/uploads\/sites\/22\/2025\/01\/IMG_2920-300x225.jpeg\" alt=\"\" width=\"300\" height=\"225\" srcset=\"https:\/\/knjiznice.nsk.hr\/lepoglava\/wp-content\/uploads\/sites\/22\/2025\/01\/IMG_2920-300x225.jpeg 300w, https:\/\/knjiznice.nsk.hr\/lepoglava\/wp-content\/uploads\/sites\/22\/2025\/01\/IMG_2920-1024x768.jpeg 1024w, https:\/\/knjiznice.nsk.hr\/lepoglava\/wp-content\/uploads\/sites\/22\/2025\/01\/IMG_2920-768x576.jpeg 768w, https:\/\/knjiznice.nsk.hr\/lepoglava\/wp-content\/uploads\/sites\/22\/2025\/01\/IMG_2920-600x450.jpeg 600w, https:\/\/knjiznice.nsk.hr\/lepoglava\/wp-content\/uploads\/sites\/22\/2025\/01\/IMG_2920-1536x1152.jpeg 1536w, https:\/\/knjiznice.nsk.hr\/lepoglava\/wp-content\/uploads\/sites\/22\/2025\/01\/IMG_2920.jpeg 1600w\" sizes=\"(max-width: 300px) 100vw, 300px\" \/><\/a><\/p>\n","protected":false},"excerpt":{"rendered":"<p>Knji\u017enicu su danas posjetili u\u010denici 2.A razreda Osnovne \u0161kole Kamenica. Maleni broj\u010dano, ali veliki duhom i pozitivnom energijom rado su poslu\u0161ali informacije o na\u0161oj knji\u017enici, razgledali fond, odradili dio nastavnog dana okru\u017eeni brojnim knjigama pa \u010dak i pripremili pitanja za nas knji\u017eni\u010darke. Od danas \u010dlanovi knji\u017enice uljep\u0161ali su na\u0161e jutro, a nadamo se da su [&hellip;]<\/p>\n","protected":false},"author":18,"featured_media":0,"comment_status":"closed","ping_status":"closed","sticky":false,"template":"","format":"standard","meta":{"ngg_post_thumbnail":0},"categories":[1],"tags":[],"yoast_head":"<!-- This site is optimized with the Yoast SEO plugin v16.4 - https:\/\/yoast.com\/wordpress\/plugins\/seo\/ -->\n<meta name=\"robots\" content=\"index, follow, max-snippet:-1, max-image-preview:large, max-video-preview:-1\" \/>\n<link rel=\"canonical\" href=\"http:\/\/knjiznice.nsk.hr\/lepoglava\/2025\/01\/27\/posjet-2-a-razreda-os-kamenica\/\" \/>\n<meta property=\"og:locale\" content=\"hr_HR\" \/>\n<meta property=\"og:type\" content=\"article\" \/>\n<meta property=\"og:title\" content=\"Posjet 2.A razreda O\u0160 Kamenica - Gradska knji\u017enica Ivana Belostenca Lepoglava\" \/>\n<meta property=\"og:description\" content=\"Knji\u017enicu su danas posjetili u\u010denici 2.A razreda Osnovne \u0161kole Kamenica. Maleni broj\u010dano, ali veliki duhom i pozitivnom energijom rado su poslu\u0161ali informacije o na\u0161oj knji\u017enici, razgledali fond, odradili dio nastavnog dana okru\u017eeni brojnim knjigama pa \u010dak i pripremili pitanja za nas knji\u017eni\u010darke. Od danas \u010dlanovi knji\u017enice uljep\u0161ali su na\u0161e jutro, a nadamo se da su [&hellip;]\" \/>\n<meta property=\"og:url\" content=\"http:\/\/knjiznice.nsk.hr\/lepoglava\/2025\/01\/27\/posjet-2-a-razreda-os-kamenica\/\" \/>\n<meta property=\"og:site_name\" content=\"Gradska knji\u017enica Ivana Belostenca Lepoglava\" \/>\n<meta property=\"article:published_time\" content=\"2025-01-27T15:21:38+00:00\" \/>\n<meta property=\"og:image\" content=\"http:\/\/knjiznice.nsk.hr\/lepoglava\/wp-content\/uploads\/sites\/22\/2025\/01\/IMG_2914-225x300.jpeg\" \/>\n<meta name=\"twitter:label1\" content=\"Procijenjeno vrijeme \u010ditanja\" \/>\n\t<meta name=\"twitter:data1\" content=\"2 minute\" \/>\n<script type=\"application\/ld+json\" class=\"yoast-schema-graph\">{\"@context\":\"https:\/\/schema.org\",\"@graph\":[{\"@type\":\"WebSite\",\"@id\":\"http:\/\/knjiznice.nsk.hr\/lepoglava\/#website\",\"url\":\"http:\/\/knjiznice.nsk.hr\/lepoglava\/\",\"name\":\"Gradska knji\\u017enica Ivana Belostenca Lepoglava\",\"description\":\"\",\"potentialAction\":[{\"@type\":\"SearchAction\",\"target\":\"http:\/\/knjiznice.nsk.hr\/lepoglava\/?s={search_term_string}\",\"query-input\":\"required name=search_term_string\"}],\"inLanguage\":\"hr\"},{\"@type\":\"ImageObject\",\"@id\":\"http:\/\/knjiznice.nsk.hr\/lepoglava\/2025\/01\/27\/posjet-2-a-razreda-os-kamenica\/#primaryimage\",\"inLanguage\":\"hr\",\"url\":\"http:\/\/knjiznice.nsk.hr\/lepoglava\/wp-content\/uploads\/sites\/22\/2025\/01\/IMG_2914-225x300.jpeg\",\"contentUrl\":\"http:\/\/knjiznice.nsk.hr\/lepoglava\/wp-content\/uploads\/sites\/22\/2025\/01\/IMG_2914-225x300.jpeg\"},{\"@type\":\"WebPage\",\"@id\":\"http:\/\/knjiznice.nsk.hr\/lepoglava\/2025\/01\/27\/posjet-2-a-razreda-os-kamenica\/#webpage\",\"url\":\"http:\/\/knjiznice.nsk.hr\/lepoglava\/2025\/01\/27\/posjet-2-a-razreda-os-kamenica\/\",\"name\":\"Posjet 2.A razreda O\\u0160 Kamenica - Gradska knji\\u017enica Ivana Belostenca Lepoglava\",\"isPartOf\":{\"@id\":\"http:\/\/knjiznice.nsk.hr\/lepoglava\/#website\"},\"primaryImageOfPage\":{\"@id\":\"http:\/\/knjiznice.nsk.hr\/lepoglava\/2025\/01\/27\/posjet-2-a-razreda-os-kamenica\/#primaryimage\"},\"datePublished\":\"2025-01-27T15:21:38+00:00\",\"dateModified\":\"2025-01-27T15:21:38+00:00\",\"author\":{\"@id\":\"http:\/\/knjiznice.nsk.hr\/lepoglava\/#\/schema\/person\/14dc66f44641ce38deb763484749e42c\"},\"breadcrumb\":{\"@id\":\"http:\/\/knjiznice.nsk.hr\/lepoglava\/2025\/01\/27\/posjet-2-a-razreda-os-kamenica\/#breadcrumb\"},\"inLanguage\":\"hr\",\"potentialAction\":[{\"@type\":\"ReadAction\",\"target\":[\"http:\/\/knjiznice.nsk.hr\/lepoglava\/2025\/01\/27\/posjet-2-a-razreda-os-kamenica\/\"]}]},{\"@type\":\"BreadcrumbList\",\"@id\":\"http:\/\/knjiznice.nsk.hr\/lepoglava\/2025\/01\/27\/posjet-2-a-razreda-os-kamenica\/#breadcrumb\",\"itemListElement\":[{\"@type\":\"ListItem\",\"position\":1,\"item\":{\"@type\":\"WebPage\",\"@id\":\"http:\/\/knjiznice.nsk.hr\/lepoglava\/\",\"url\":\"http:\/\/knjiznice.nsk.hr\/lepoglava\/\",\"name\":\"Po\\u010detna stranica\"}},{\"@type\":\"ListItem\",\"position\":2,\"item\":{\"@id\":\"http:\/\/knjiznice.nsk.hr\/lepoglava\/2025\/01\/27\/posjet-2-a-razreda-os-kamenica\/#webpage\"}}]},{\"@type\":\"Person\",\"@id\":\"http:\/\/knjiznice.nsk.hr\/lepoglava\/#\/schema\/person\/14dc66f44641ce38deb763484749e42c\",\"name\":\"lepoglava\",\"image\":{\"@type\":\"ImageObject\",\"@id\":\"http:\/\/knjiznice.nsk.hr\/lepoglava\/#personlogo\",\"inLanguage\":\"hr\",\"url\":\"https:\/\/secure.gravatar.com\/avatar\/a086e8fce86c47181a4299685e5b101f?s=96&d=mm&r=g\",\"contentUrl\":\"https:\/\/secure.gravatar.com\/avatar\/a086e8fce86c47181a4299685e5b101f?s=96&d=mm&r=g\",\"caption\":\"lepoglava\"},\"url\":\"https:\/\/knjiznice.nsk.hr\/lepoglava\/\"}]}<\/script>\n<!-- \/ Yoast SEO plugin. -->","_links":{"self":[{"href":"https:\/\/knjiznice.nsk.hr\/lepoglava\/wp-json\/wp\/v2\/posts\/2173"}],"collection":[{"href":"https:\/\/knjiznice.nsk.hr\/lepoglava\/wp-json\/wp\/v2\/posts"}],"about":[{"href":"https:\/\/knjiznice.nsk.hr\/lepoglava\/wp-json\/wp\/v2\/types\/post"}],"author":[{"embeddable":true,"href":"https:\/\/knjiznice.nsk.hr\/lepoglava\/wp-json\/wp\/v2\/users\/18"}],"replies":[{"embeddable":true,"href":"https:\/\/knjiznice.nsk.hr\/lepoglava\/wp-json\/wp\/v2\/comments?post=2173"}],"version-history":[{"count":2,"href":"https:\/\/knjiznice.nsk.hr\/lepoglava\/wp-json\/wp\/v2\/posts\/2173\/revisions"}],"predecessor-version":[{"id":2176,"href":"https:\/\/knjiznice.nsk.hr\/lepoglava\/wp-json\/wp\/v2\/posts\/2173\/revisions\/2176"}],"wp:attachment":[{"href":"https:\/\/knjiznice.nsk.hr\/lepoglava\/wp-json\/wp\/v2\/media?parent=2173"}],"wp:term":[{"taxonomy":"category","embeddable":true,"href":"https:\/\/knjiznice.nsk.hr\/lepoglava\/wp-json\/wp\/v2\/categories?post=2173"},{"taxonomy":"post_tag","embeddable":true,"href":"https:\/\/knjiznice.nsk.hr\/lepoglava\/wp-json\/wp\/v2\/tags?post=2173"}],"curies":[{"name":"wp","href":"https:\/\/api.w.org\/{rel}","templated":true}]}}