{"id":1751,"date":"2024-04-18T11:04:47","date_gmt":"2024-04-18T11:04:47","guid":{"rendered":"http:\/\/knjiznice.nsk.hr\/lepoglava\/?p=1751"},"modified":"2024-04-18T11:48:09","modified_gmt":"2024-04-18T11:48:09","slug":"dan-hrvatske-knjige-i-noc-knjige","status":"publish","type":"post","link":"https:\/\/knjiznice.nsk.hr\/lepoglava\/2024\/04\/18\/dan-hrvatske-knjige-i-noc-knjige\/","title":{"rendered":"Dan hrvatske knjige i No\u0107 knjige"},"content":{"rendered":"<div class=\"\" dir=\"auto\">\n<div id=\":r8v:\" class=\"x1iorvi4 x1pi30zi x1l90r2v x1swvt13\" data-ad-comet-preview=\"message\" data-ad-preview=\"message\">\n<div class=\"x78zum5 xdt5ytf xz62fqu x16ldp7u\">\n<div class=\"xu06os2 x1ok221b\">\n<div class=\"xdj266r x11i5rnm xat24cr x1mh8g0r x1vvkbs x126k92a\">&nbsp;<\/div>\n<div class=\"x11i5rnm xat24cr x1mh8g0r x1vvkbs xtlvy1s x126k92a\">\n<div dir=\"auto\">\n<div class=\"xdj266r x11i5rnm xat24cr x1mh8g0r x1vvkbs x126k92a\">\n<div dir=\"auto\"><strong>Dan hrvatske knjige<\/strong> obilje\u017eava se <strong>22. travnja<\/strong> odlukom Sabora Republike Hrvatske iz 1996. godine, a u spomen na Marka Maruli\u0107a, koji je toga dana 1501. godine dovr\u0161io svoju Juditu.<\/div>\n<\/div>\n<div class=\"x11i5rnm xat24cr x1mh8g0r x1vvkbs xtlvy1s x126k92a\">\n<div dir=\"auto\">Na\u0161a \u0107e knji\u017enica Dan hrvatske knjige obilje\u017eiti 22. travnja gostovanjem autorice Marijane Brcko i Dje\u010djeg vrti\u0107a Lepoglava. \u010citanje pri\u010de <em>Usudi se poletjeti<\/em> po\u010dinje u 10 sati, a nakon toga slijedi radionica.<\/div>\n<\/div>\n<div class=\"x11i5rnm xat24cr x1mh8g0r x1vvkbs xtlvy1s x126k92a\">\n<div dir=\"auto\">&nbsp;<\/div>\n<div dir=\"auto\"><strong>Svjetski dan knjige i autorskih prava<\/strong> obilje\u017eava se 23. travnja te \u0107emo na taj dan otvoriti izlo\u017ebu dje\u010djih radova <em>Baloni na vru\u0107i zrak<\/em> nastalih na radionici Marijane Brcko i Dje\u010djeg vrti\u0107a Lepoglava.<\/div>\n<\/div>\n<div class=\"x11i5rnm xat24cr x1mh8g0r x1vvkbs xtlvy1s x126k92a\">\n<div dir=\"auto\">&nbsp;<\/div>\n<div dir=\"auto\"><a class=\"x1i10hfl xjbqb8w x1ejq31n xd10rxx x1sy0etr x17r0tee x972fbf xcfux6l x1qhh985 xm0m39n x9f619 x1ypdohk xt0psk2 xe8uvvx xdj266r x11i5rnm xat24cr x1mh8g0r xexx8yu x4uap5 x18d9i69 xkhd6sd x16tdsg8 x1hl2dhg xggy1nq x1a2a7pz xt0b8zv x1fey0fg xo1l8bm\" role=\"link\" href=\"https:\/\/www.facebook.com\/nocknjige.hr?__cft__[0]=AZWnSePlS_gcUj_QoPfIx1gk6Mw9JFMeqXKV_d6qsBZQMgsKxk4uK_y4rwlBrn2gGvdwEMRccH61rGq5wakKA4P3CyWC3uBluhxOeLZoqDQu9IQDl_PsOS12nlY08p92NpEfe6qbqc-_qqGwJpb2V27oBEYMeNHi_gHbSt8C5KoeVXv0SW167MZAT9iUGH0bcsE&amp;__tn__=-]K-R\"><span class=\"xt0psk2\">No\u0107 knjige<\/span><\/a>&nbsp;je manifestacija pokrenuta 2012. godine, kako bi se, bez zatvaranja o\u010diju pred \u010desto nelijepom svakodnevicom, barem na jedan dan govorilo o \u010daroliji stvaranja i radosti \u010ditanja knjiga. Cilj projekta je kroz jedinstvenu manifestaciju potaknuti kulturu \u010ditanja i uva\u017eavanja knjige kao civilizacijskog i kulturnog dosega te dati poticaj razgovoru o statusu i va\u017enosti knjige u suvremenom dru\u0161tvu.<\/div>\n<\/div>\n<div class=\"x11i5rnm xat24cr x1mh8g0r x1vvkbs xtlvy1s x126k92a\">\n<div dir=\"auto\">&nbsp;<\/div>\n<div dir=\"auto\">Kako bismo potaknuli kulturu \u010ditanja, 23. travnja, za vrijeme trajanja manifestacije <strong>No\u0107 knjige<\/strong> besplatan je upis za sve nove \u010dlanove.<\/div>\n<\/div>\n<\/div>\n<\/div>\n<\/div>\n<\/div>\n<\/div>\n<\/div>\n<p><a href=\"http:\/\/knjiznice.nsk.hr\/lepoglava\/plakat2-2\/\"><img loading=\"lazy\" class=\"alignnone size-medium wp-image-1750\" src=\"http:\/\/knjiznice.nsk.hr\/lepoglava\/wp-content\/uploads\/sites\/22\/2024\/04\/plakat2-286x300.jpg\" alt=\"\" width=\"286\" height=\"300\" srcset=\"https:\/\/knjiznice.nsk.hr\/lepoglava\/wp-content\/uploads\/sites\/22\/2024\/04\/plakat2-286x300.jpg 286w, https:\/\/knjiznice.nsk.hr\/lepoglava\/wp-content\/uploads\/sites\/22\/2024\/04\/plakat2-977x1024.jpg 977w, https:\/\/knjiznice.nsk.hr\/lepoglava\/wp-content\/uploads\/sites\/22\/2024\/04\/plakat2-768x805.jpg 768w, https:\/\/knjiznice.nsk.hr\/lepoglava\/wp-content\/uploads\/sites\/22\/2024\/04\/plakat2-600x629.jpg 600w, https:\/\/knjiznice.nsk.hr\/lepoglava\/wp-content\/uploads\/sites\/22\/2024\/04\/plakat2-1465x1536.jpg 1465w, https:\/\/knjiznice.nsk.hr\/lepoglava\/wp-content\/uploads\/sites\/22\/2024\/04\/plakat2.jpg 1831w\" sizes=\"(max-width: 286px) 100vw, 286px\" \/><\/a><\/p>\n","protected":false},"excerpt":{"rendered":"<p>&nbsp; Dan hrvatske knjige obilje\u017eava se 22. travnja odlukom Sabora Republike Hrvatske iz 1996. godine, a u spomen na Marka Maruli\u0107a, koji je toga dana 1501. godine dovr\u0161io svoju Juditu. Na\u0161a \u0107e knji\u017enica Dan hrvatske knjige obilje\u017eiti 22. travnja gostovanjem autorice Marijane Brcko i Dje\u010djeg vrti\u0107a Lepoglava. \u010citanje pri\u010de Usudi se poletjeti po\u010dinje u 10 [&hellip;]<\/p>\n","protected":false},"author":18,"featured_media":0,"comment_status":"closed","ping_status":"closed","sticky":false,"template":"","format":"standard","meta":{"ngg_post_thumbnail":0},"categories":[1],"tags":[],"yoast_head":"<!-- This site is optimized with the Yoast SEO plugin v16.4 - https:\/\/yoast.com\/wordpress\/plugins\/seo\/ -->\n<meta name=\"robots\" content=\"index, follow, max-snippet:-1, max-image-preview:large, max-video-preview:-1\" \/>\n<link rel=\"canonical\" href=\"https:\/\/knjiznice.nsk.hr\/lepoglava\/2024\/04\/18\/dan-hrvatske-knjige-i-noc-knjige\/\" \/>\n<meta property=\"og:locale\" content=\"hr_HR\" \/>\n<meta property=\"og:type\" content=\"article\" \/>\n<meta property=\"og:title\" content=\"Dan hrvatske knjige i No\u0107 knjige - Gradska knji\u017enica Ivana Belostenca Lepoglava\" \/>\n<meta property=\"og:description\" content=\"&nbsp; Dan hrvatske knjige obilje\u017eava se 22. travnja odlukom Sabora Republike Hrvatske iz 1996. godine, a u spomen na Marka Maruli\u0107a, koji je toga dana 1501. godine dovr\u0161io svoju Juditu. Na\u0161a \u0107e knji\u017enica Dan hrvatske knjige obilje\u017eiti 22. travnja gostovanjem autorice Marijane Brcko i Dje\u010djeg vrti\u0107a Lepoglava. \u010citanje pri\u010de Usudi se poletjeti po\u010dinje u 10 [&hellip;]\" \/>\n<meta property=\"og:url\" content=\"https:\/\/knjiznice.nsk.hr\/lepoglava\/2024\/04\/18\/dan-hrvatske-knjige-i-noc-knjige\/\" \/>\n<meta property=\"og:site_name\" content=\"Gradska knji\u017enica Ivana Belostenca Lepoglava\" \/>\n<meta property=\"article:published_time\" content=\"2024-04-18T11:04:47+00:00\" \/>\n<meta property=\"article:modified_time\" content=\"2024-04-18T11:48:09+00:00\" \/>\n<meta property=\"og:image\" content=\"http:\/\/knjiznice.nsk.hr\/lepoglava\/wp-content\/uploads\/sites\/22\/2024\/04\/plakat2-286x300.jpg\" \/>\n<meta name=\"twitter:label1\" content=\"Procijenjeno vrijeme \u010ditanja\" \/>\n\t<meta name=\"twitter:data1\" content=\"1 minuta\" \/>\n<script type=\"application\/ld+json\" class=\"yoast-schema-graph\">{\"@context\":\"https:\/\/schema.org\",\"@graph\":[{\"@type\":\"WebSite\",\"@id\":\"https:\/\/knjiznice.nsk.hr\/lepoglava\/#website\",\"url\":\"https:\/\/knjiznice.nsk.hr\/lepoglava\/\",\"name\":\"Gradska knji\\u017enica Ivana Belostenca Lepoglava\",\"description\":\"\",\"potentialAction\":[{\"@type\":\"SearchAction\",\"target\":\"https:\/\/knjiznice.nsk.hr\/lepoglava\/?s={search_term_string}\",\"query-input\":\"required name=search_term_string\"}],\"inLanguage\":\"hr\"},{\"@type\":\"ImageObject\",\"@id\":\"https:\/\/knjiznice.nsk.hr\/lepoglava\/2024\/04\/18\/dan-hrvatske-knjige-i-noc-knjige\/#primaryimage\",\"inLanguage\":\"hr\",\"url\":\"http:\/\/knjiznice.nsk.hr\/lepoglava\/wp-content\/uploads\/sites\/22\/2024\/04\/plakat2-286x300.jpg\",\"contentUrl\":\"http:\/\/knjiznice.nsk.hr\/lepoglava\/wp-content\/uploads\/sites\/22\/2024\/04\/plakat2-286x300.jpg\"},{\"@type\":\"WebPage\",\"@id\":\"https:\/\/knjiznice.nsk.hr\/lepoglava\/2024\/04\/18\/dan-hrvatske-knjige-i-noc-knjige\/#webpage\",\"url\":\"https:\/\/knjiznice.nsk.hr\/lepoglava\/2024\/04\/18\/dan-hrvatske-knjige-i-noc-knjige\/\",\"name\":\"Dan hrvatske knjige i No\\u0107 knjige - Gradska knji\\u017enica Ivana Belostenca Lepoglava\",\"isPartOf\":{\"@id\":\"https:\/\/knjiznice.nsk.hr\/lepoglava\/#website\"},\"primaryImageOfPage\":{\"@id\":\"https:\/\/knjiznice.nsk.hr\/lepoglava\/2024\/04\/18\/dan-hrvatske-knjige-i-noc-knjige\/#primaryimage\"},\"datePublished\":\"2024-04-18T11:04:47+00:00\",\"dateModified\":\"2024-04-18T11:48:09+00:00\",\"author\":{\"@id\":\"https:\/\/knjiznice.nsk.hr\/lepoglava\/#\/schema\/person\/14dc66f44641ce38deb763484749e42c\"},\"breadcrumb\":{\"@id\":\"https:\/\/knjiznice.nsk.hr\/lepoglava\/2024\/04\/18\/dan-hrvatske-knjige-i-noc-knjige\/#breadcrumb\"},\"inLanguage\":\"hr\",\"potentialAction\":[{\"@type\":\"ReadAction\",\"target\":[\"https:\/\/knjiznice.nsk.hr\/lepoglava\/2024\/04\/18\/dan-hrvatske-knjige-i-noc-knjige\/\"]}]},{\"@type\":\"BreadcrumbList\",\"@id\":\"https:\/\/knjiznice.nsk.hr\/lepoglava\/2024\/04\/18\/dan-hrvatske-knjige-i-noc-knjige\/#breadcrumb\",\"itemListElement\":[{\"@type\":\"ListItem\",\"position\":1,\"item\":{\"@type\":\"WebPage\",\"@id\":\"https:\/\/knjiznice.nsk.hr\/lepoglava\/\",\"url\":\"https:\/\/knjiznice.nsk.hr\/lepoglava\/\",\"name\":\"Po\\u010detna stranica\"}},{\"@type\":\"ListItem\",\"position\":2,\"item\":{\"@id\":\"https:\/\/knjiznice.nsk.hr\/lepoglava\/2024\/04\/18\/dan-hrvatske-knjige-i-noc-knjige\/#webpage\"}}]},{\"@type\":\"Person\",\"@id\":\"https:\/\/knjiznice.nsk.hr\/lepoglava\/#\/schema\/person\/14dc66f44641ce38deb763484749e42c\",\"name\":\"lepoglava\",\"image\":{\"@type\":\"ImageObject\",\"@id\":\"https:\/\/knjiznice.nsk.hr\/lepoglava\/#personlogo\",\"inLanguage\":\"hr\",\"url\":\"https:\/\/secure.gravatar.com\/avatar\/a086e8fce86c47181a4299685e5b101f?s=96&d=mm&r=g\",\"contentUrl\":\"https:\/\/secure.gravatar.com\/avatar\/a086e8fce86c47181a4299685e5b101f?s=96&d=mm&r=g\",\"caption\":\"lepoglava\"},\"url\":\"https:\/\/knjiznice.nsk.hr\/lepoglava\/\"}]}<\/script>\n<!-- \/ Yoast SEO plugin. -->","_links":{"self":[{"href":"https:\/\/knjiznice.nsk.hr\/lepoglava\/wp-json\/wp\/v2\/posts\/1751"}],"collection":[{"href":"https:\/\/knjiznice.nsk.hr\/lepoglava\/wp-json\/wp\/v2\/posts"}],"about":[{"href":"https:\/\/knjiznice.nsk.hr\/lepoglava\/wp-json\/wp\/v2\/types\/post"}],"author":[{"embeddable":true,"href":"https:\/\/knjiznice.nsk.hr\/lepoglava\/wp-json\/wp\/v2\/users\/18"}],"replies":[{"embeddable":true,"href":"https:\/\/knjiznice.nsk.hr\/lepoglava\/wp-json\/wp\/v2\/comments?post=1751"}],"version-history":[{"count":3,"href":"https:\/\/knjiznice.nsk.hr\/lepoglava\/wp-json\/wp\/v2\/posts\/1751\/revisions"}],"predecessor-version":[{"id":1754,"href":"https:\/\/knjiznice.nsk.hr\/lepoglava\/wp-json\/wp\/v2\/posts\/1751\/revisions\/1754"}],"wp:attachment":[{"href":"https:\/\/knjiznice.nsk.hr\/lepoglava\/wp-json\/wp\/v2\/media?parent=1751"}],"wp:term":[{"taxonomy":"category","embeddable":true,"href":"https:\/\/knjiznice.nsk.hr\/lepoglava\/wp-json\/wp\/v2\/categories?post=1751"},{"taxonomy":"post_tag","embeddable":true,"href":"https:\/\/knjiznice.nsk.hr\/lepoglava\/wp-json\/wp\/v2\/tags?post=1751"}],"curies":[{"name":"wp","href":"https:\/\/api.w.org\/{rel}","templated":true}]}}