{"id":1744,"date":"2024-04-15T12:06:39","date_gmt":"2024-04-15T12:06:39","guid":{"rendered":"http:\/\/knjiznice.nsk.hr\/lepoglava\/?p=1744"},"modified":"2024-04-15T12:06:39","modified_gmt":"2024-04-15T12:06:39","slug":"obiljezavamo-dan-hrvatske-knjige","status":"publish","type":"post","link":"https:\/\/knjiznice.nsk.hr\/lepoglava\/2024\/04\/15\/obiljezavamo-dan-hrvatske-knjige\/","title":{"rendered":"Obilje\u017eavamo Dan hrvatske knjige"},"content":{"rendered":"<p><strong>Dan hrvatske knjige<\/strong> (22. travnja) i <strong>Svjetski dan knjige i autorskih prava<\/strong> (23. travnja) obilje\u017eit \u0107emo jednim divnim gostovanjem. U posjet nam dolazi spisateljica Marijana Brcko te \u0107emo u suradnji s Dje\u010djim vrti\u0107em Lepoglava predstaviti i pro\u010ditati novu slikovnicu &#8220;Usudi se poletjeti&#8221;.<\/p>\n<p>Slikovnica je to o dje\u010daku i djevoj\u010dici te njihovim snovima o letenju.<\/p>\n<p>Jesu li dje\u010dak i djevoj\u010dica poletjeli i ostvarili svoj san, djeca \u0107e saznati nakon \u010ditanja, a nakon toga \u0107e na radionici izra\u0111ivati balone na vru\u0107i zrak od papira, motiv iz slikovnice. Vidimo se u ponedjeljak 22. travnja u 10 sati.<\/p>\n<p><a href=\"http:\/\/knjiznice.nsk.hr\/lepoglava\/image-123\/\"><img loading=\"lazy\" class=\"alignnone size-medium wp-image-1743\" src=\"http:\/\/knjiznice.nsk.hr\/lepoglava\/wp-content\/uploads\/sites\/22\/2024\/04\/Image-123-300x300.jpg\" alt=\"\" width=\"300\" height=\"300\" srcset=\"https:\/\/knjiznice.nsk.hr\/lepoglava\/wp-content\/uploads\/sites\/22\/2024\/04\/Image-123-300x300.jpg 300w, https:\/\/knjiznice.nsk.hr\/lepoglava\/wp-content\/uploads\/sites\/22\/2024\/04\/Image-123-1024x1024.jpg 1024w, https:\/\/knjiznice.nsk.hr\/lepoglava\/wp-content\/uploads\/sites\/22\/2024\/04\/Image-123-150x150.jpg 150w, https:\/\/knjiznice.nsk.hr\/lepoglava\/wp-content\/uploads\/sites\/22\/2024\/04\/Image-123-768x768.jpg 768w, https:\/\/knjiznice.nsk.hr\/lepoglava\/wp-content\/uploads\/sites\/22\/2024\/04\/Image-123-600x600.jpg 600w, https:\/\/knjiznice.nsk.hr\/lepoglava\/wp-content\/uploads\/sites\/22\/2024\/04\/Image-123.jpg 1280w\" sizes=\"(max-width: 300px) 100vw, 300px\" \/><\/a><\/p>\n","protected":false},"excerpt":{"rendered":"<p>Dan hrvatske knjige (22. travnja) i Svjetski dan knjige i autorskih prava (23. travnja) obilje\u017eit \u0107emo jednim divnim gostovanjem. U posjet nam dolazi spisateljica Marijana Brcko te \u0107emo u suradnji s Dje\u010djim vrti\u0107em Lepoglava predstaviti i pro\u010ditati novu slikovnicu &#8220;Usudi se poletjeti&#8221;. Slikovnica je to o dje\u010daku i djevoj\u010dici te njihovim snovima o letenju. Jesu [&hellip;]<\/p>\n","protected":false},"author":18,"featured_media":0,"comment_status":"closed","ping_status":"closed","sticky":false,"template":"","format":"standard","meta":{"ngg_post_thumbnail":0},"categories":[1],"tags":[],"yoast_head":"<!-- This site is optimized with the Yoast SEO plugin v16.4 - https:\/\/yoast.com\/wordpress\/plugins\/seo\/ -->\n<meta name=\"robots\" content=\"index, follow, max-snippet:-1, max-image-preview:large, max-video-preview:-1\" \/>\n<link rel=\"canonical\" href=\"https:\/\/knjiznice.nsk.hr\/lepoglava\/2024\/04\/15\/obiljezavamo-dan-hrvatske-knjige\/\" \/>\n<meta property=\"og:locale\" content=\"hr_HR\" \/>\n<meta property=\"og:type\" content=\"article\" \/>\n<meta property=\"og:title\" content=\"Obilje\u017eavamo Dan hrvatske knjige - Gradska knji\u017enica Ivana Belostenca Lepoglava\" \/>\n<meta property=\"og:description\" content=\"Dan hrvatske knjige (22. travnja) i Svjetski dan knjige i autorskih prava (23. travnja) obilje\u017eit \u0107emo jednim divnim gostovanjem. U posjet nam dolazi spisateljica Marijana Brcko te \u0107emo u suradnji s Dje\u010djim vrti\u0107em Lepoglava predstaviti i pro\u010ditati novu slikovnicu &#8220;Usudi se poletjeti&#8221;. Slikovnica je to o dje\u010daku i djevoj\u010dici te njihovim snovima o letenju. Jesu [&hellip;]\" \/>\n<meta property=\"og:url\" content=\"https:\/\/knjiznice.nsk.hr\/lepoglava\/2024\/04\/15\/obiljezavamo-dan-hrvatske-knjige\/\" \/>\n<meta property=\"og:site_name\" content=\"Gradska knji\u017enica Ivana Belostenca Lepoglava\" \/>\n<meta property=\"article:published_time\" content=\"2024-04-15T12:06:39+00:00\" \/>\n<meta property=\"og:image\" content=\"http:\/\/knjiznice.nsk.hr\/lepoglava\/wp-content\/uploads\/sites\/22\/2024\/04\/Image-123-300x300.jpg\" \/>\n<meta name=\"twitter:label1\" content=\"Procijenjeno vrijeme \u010ditanja\" \/>\n\t<meta name=\"twitter:data1\" content=\"1 minuta\" \/>\n<script type=\"application\/ld+json\" class=\"yoast-schema-graph\">{\"@context\":\"https:\/\/schema.org\",\"@graph\":[{\"@type\":\"WebSite\",\"@id\":\"https:\/\/knjiznice.nsk.hr\/lepoglava\/#website\",\"url\":\"https:\/\/knjiznice.nsk.hr\/lepoglava\/\",\"name\":\"Gradska knji\\u017enica Ivana Belostenca Lepoglava\",\"description\":\"\",\"potentialAction\":[{\"@type\":\"SearchAction\",\"target\":\"https:\/\/knjiznice.nsk.hr\/lepoglava\/?s={search_term_string}\",\"query-input\":\"required name=search_term_string\"}],\"inLanguage\":\"hr\"},{\"@type\":\"ImageObject\",\"@id\":\"https:\/\/knjiznice.nsk.hr\/lepoglava\/2024\/04\/15\/obiljezavamo-dan-hrvatske-knjige\/#primaryimage\",\"inLanguage\":\"hr\",\"url\":\"http:\/\/knjiznice.nsk.hr\/lepoglava\/wp-content\/uploads\/sites\/22\/2024\/04\/Image-123-300x300.jpg\",\"contentUrl\":\"http:\/\/knjiznice.nsk.hr\/lepoglava\/wp-content\/uploads\/sites\/22\/2024\/04\/Image-123-300x300.jpg\"},{\"@type\":\"WebPage\",\"@id\":\"https:\/\/knjiznice.nsk.hr\/lepoglava\/2024\/04\/15\/obiljezavamo-dan-hrvatske-knjige\/#webpage\",\"url\":\"https:\/\/knjiznice.nsk.hr\/lepoglava\/2024\/04\/15\/obiljezavamo-dan-hrvatske-knjige\/\",\"name\":\"Obilje\\u017eavamo Dan hrvatske knjige - Gradska knji\\u017enica Ivana Belostenca Lepoglava\",\"isPartOf\":{\"@id\":\"https:\/\/knjiznice.nsk.hr\/lepoglava\/#website\"},\"primaryImageOfPage\":{\"@id\":\"https:\/\/knjiznice.nsk.hr\/lepoglava\/2024\/04\/15\/obiljezavamo-dan-hrvatske-knjige\/#primaryimage\"},\"datePublished\":\"2024-04-15T12:06:39+00:00\",\"dateModified\":\"2024-04-15T12:06:39+00:00\",\"author\":{\"@id\":\"https:\/\/knjiznice.nsk.hr\/lepoglava\/#\/schema\/person\/14dc66f44641ce38deb763484749e42c\"},\"breadcrumb\":{\"@id\":\"https:\/\/knjiznice.nsk.hr\/lepoglava\/2024\/04\/15\/obiljezavamo-dan-hrvatske-knjige\/#breadcrumb\"},\"inLanguage\":\"hr\",\"potentialAction\":[{\"@type\":\"ReadAction\",\"target\":[\"https:\/\/knjiznice.nsk.hr\/lepoglava\/2024\/04\/15\/obiljezavamo-dan-hrvatske-knjige\/\"]}]},{\"@type\":\"BreadcrumbList\",\"@id\":\"https:\/\/knjiznice.nsk.hr\/lepoglava\/2024\/04\/15\/obiljezavamo-dan-hrvatske-knjige\/#breadcrumb\",\"itemListElement\":[{\"@type\":\"ListItem\",\"position\":1,\"item\":{\"@type\":\"WebPage\",\"@id\":\"https:\/\/knjiznice.nsk.hr\/lepoglava\/\",\"url\":\"https:\/\/knjiznice.nsk.hr\/lepoglava\/\",\"name\":\"Po\\u010detna stranica\"}},{\"@type\":\"ListItem\",\"position\":2,\"item\":{\"@id\":\"https:\/\/knjiznice.nsk.hr\/lepoglava\/2024\/04\/15\/obiljezavamo-dan-hrvatske-knjige\/#webpage\"}}]},{\"@type\":\"Person\",\"@id\":\"https:\/\/knjiznice.nsk.hr\/lepoglava\/#\/schema\/person\/14dc66f44641ce38deb763484749e42c\",\"name\":\"lepoglava\",\"image\":{\"@type\":\"ImageObject\",\"@id\":\"https:\/\/knjiznice.nsk.hr\/lepoglava\/#personlogo\",\"inLanguage\":\"hr\",\"url\":\"https:\/\/secure.gravatar.com\/avatar\/a086e8fce86c47181a4299685e5b101f?s=96&d=mm&r=g\",\"contentUrl\":\"https:\/\/secure.gravatar.com\/avatar\/a086e8fce86c47181a4299685e5b101f?s=96&d=mm&r=g\",\"caption\":\"lepoglava\"},\"url\":\"https:\/\/knjiznice.nsk.hr\/lepoglava\/\"}]}<\/script>\n<!-- \/ Yoast SEO plugin. -->","_links":{"self":[{"href":"https:\/\/knjiznice.nsk.hr\/lepoglava\/wp-json\/wp\/v2\/posts\/1744"}],"collection":[{"href":"https:\/\/knjiznice.nsk.hr\/lepoglava\/wp-json\/wp\/v2\/posts"}],"about":[{"href":"https:\/\/knjiznice.nsk.hr\/lepoglava\/wp-json\/wp\/v2\/types\/post"}],"author":[{"embeddable":true,"href":"https:\/\/knjiznice.nsk.hr\/lepoglava\/wp-json\/wp\/v2\/users\/18"}],"replies":[{"embeddable":true,"href":"https:\/\/knjiznice.nsk.hr\/lepoglava\/wp-json\/wp\/v2\/comments?post=1744"}],"version-history":[{"count":1,"href":"https:\/\/knjiznice.nsk.hr\/lepoglava\/wp-json\/wp\/v2\/posts\/1744\/revisions"}],"predecessor-version":[{"id":1745,"href":"https:\/\/knjiznice.nsk.hr\/lepoglava\/wp-json\/wp\/v2\/posts\/1744\/revisions\/1745"}],"wp:attachment":[{"href":"https:\/\/knjiznice.nsk.hr\/lepoglava\/wp-json\/wp\/v2\/media?parent=1744"}],"wp:term":[{"taxonomy":"category","embeddable":true,"href":"https:\/\/knjiznice.nsk.hr\/lepoglava\/wp-json\/wp\/v2\/categories?post=1744"},{"taxonomy":"post_tag","embeddable":true,"href":"https:\/\/knjiznice.nsk.hr\/lepoglava\/wp-json\/wp\/v2\/tags?post=1744"}],"curies":[{"name":"wp","href":"https:\/\/api.w.org\/{rel}","templated":true}]}}