{"id":1514,"date":"2024-02-22T11:31:36","date_gmt":"2024-02-22T11:31:36","guid":{"rendered":"http:\/\/knjiznice.nsk.hr\/lepoglava\/?p=1514"},"modified":"2024-02-22T13:45:46","modified_gmt":"2024-02-22T13:45:46","slug":"22-veljace-dan-hrvatske-glagoljice-i-glagoljastva","status":"publish","type":"post","link":"https:\/\/knjiznice.nsk.hr\/lepoglava\/2024\/02\/22\/22-veljace-dan-hrvatske-glagoljice-i-glagoljastva\/","title":{"rendered":"22. velja\u010de: Dan hrvatske glagoljice i glagolja\u0161tva"},"content":{"rendered":"<p style=\"text-align: justify;line-height: 150%\"><span style=\"font-size: 14.0pt;line-height: 150%\">Na temelju odluke Hrvatskoga sabora iz 2019. g., dana\u0161nji dan, 22. velja\u010de, obilje\u017eava se kao <b>Dan hrvatske glagoljice i glagolja\u0161tva<\/b>. Ovaj dan nas podsje\u0107a na po\u010detke na\u0161e pismenosti u misiji Svete Bra\u0107e, po\u010detke koje dijelimo sa svim ostalim slavenskim narodima, ali i na na\u0161u posebnost: da smo jedini me\u0111u Slavenima sa\u010duvali i ljubomorno tijekom mnogih stolje\u0107a \u010duvali \u201eKonstantinova pismena\u201c, glagoljicu.<\/span><\/p>\n<p style=\"text-align: justify;line-height: 150%\"><span style=\"font-size: 14.0pt;line-height: 150%\">Kako je op\u0107epoznato izbor dana\u0161njega datuma za spomen-dan na na\u0161u glagoljicu povezan je s kolofonom <em>Misala po zakonu rimskoga dvora<\/em>, hrvatskoga prvotiska, u kojemu je kao datum dovr\u0161etka njegova tiskanja nazna\u010den upravo 22. velja\u010de. U liturgijskome kalendaru rimskoga obreda taj dan se slavi blagdan Katedre sv. Petra. Izborom, dakle, tog datuma hrvatski glagolja\u0161i potvrdili su svoju nepokolebljivu vjernost Rimskoj crkvi. Napravili su to u najva\u017enijoj rimskoj liturgijskoj knjizi \u2013 misalu, prvome u svijetu koji nije tiskan tada\u0161njim slu\u017ebenim jezikom rimskoga obreda, latinskim. Time su hrvatski glagolja\u0161i jasno pokazali da se njihova nepokolebljiva vjernost o\u010dituje i u njihovoj posebnosti.<\/span><\/p>\n<p style=\"text-align: justify;line-height: 150%\"><span style=\"font-size: 14.0pt;line-height: 150%\">&nbsp;<\/span><\/p>\n<p><em>Ako pak upita\u0161 gr\u010dke knjigoznance: tko vam je stvorio pismo, ili tko knjige preveo, ili u koje doba? \u2013 rijetki \u0107e to znati. A upita\u0161 li slavenskoga knjigoznanca: tko vam je pismo sastavio, ili knjige preveo, to svi znaju, i, odgovaraju\u0107i, kazat \u0107e: Sveti Konstantin Filozof, nazvan \u0106iril, on nam je pismo izumio, i knjige preveo, i Metodije njegov brat. (\u2026) A ako upita\u0161 u koje vrijeme, i to znaju, i re\u0107i \u0107e da je to bilo u doba Mihajla, gr\u010dkoga cara, i Borisa, bugarskoga cara, i Rastica, moravskoga kneza, i Kocelja, blatanskog kneza, u godini od stvaranja svijeta 6363 [=863. g.].<\/em><\/p>\n<p style=\"text-align: right\" align=\"right\">Crnorizac Hrabar, O pismenima<\/p>\n<p style=\"text-align: right\" align=\"right\">(preveo: Josip Bratuli\u0107)<\/p>\n<p style=\"text-align: left\" align=\"right\"><a href=\"http:\/\/knjiznice.nsk.hr\/lepoglava\/img_0442\/\"><img loading=\"lazy\" class=\"alignnone size-medium wp-image-1513\" src=\"http:\/\/knjiznice.nsk.hr\/lepoglava\/wp-content\/uploads\/sites\/22\/2024\/02\/IMG_0442-205x300.jpg\" alt=\"\" width=\"205\" height=\"300\" srcset=\"https:\/\/knjiznice.nsk.hr\/lepoglava\/wp-content\/uploads\/sites\/22\/2024\/02\/IMG_0442-205x300.jpg 205w, https:\/\/knjiznice.nsk.hr\/lepoglava\/wp-content\/uploads\/sites\/22\/2024\/02\/IMG_0442.jpg 438w\" sizes=\"(max-width: 205px) 100vw, 205px\" \/><\/a> <a href=\"http:\/\/knjiznice.nsk.hr\/lepoglava\/img_0441\/\"><img loading=\"lazy\" class=\"alignnone size-medium wp-image-1512\" src=\"http:\/\/knjiznice.nsk.hr\/lepoglava\/wp-content\/uploads\/sites\/22\/2024\/02\/IMG_0441-225x300.jpg\" alt=\"\" width=\"225\" height=\"300\" srcset=\"https:\/\/knjiznice.nsk.hr\/lepoglava\/wp-content\/uploads\/sites\/22\/2024\/02\/IMG_0441-225x300.jpg 225w, https:\/\/knjiznice.nsk.hr\/lepoglava\/wp-content\/uploads\/sites\/22\/2024\/02\/IMG_0441-rotated.jpg 480w\" sizes=\"(max-width: 225px) 100vw, 225px\" \/><\/a> <a href=\"http:\/\/knjiznice.nsk.hr\/lepoglava\/img_0440\/\"><img loading=\"lazy\" class=\"alignnone size-medium wp-image-1511\" src=\"http:\/\/knjiznice.nsk.hr\/lepoglava\/wp-content\/uploads\/sites\/22\/2024\/02\/IMG_0440-300x227.jpg\" alt=\"\" width=\"300\" height=\"227\" srcset=\"https:\/\/knjiznice.nsk.hr\/lepoglava\/wp-content\/uploads\/sites\/22\/2024\/02\/IMG_0440-300x227.jpg 300w, https:\/\/knjiznice.nsk.hr\/lepoglava\/wp-content\/uploads\/sites\/22\/2024\/02\/IMG_0440-600x454.jpg 600w, https:\/\/knjiznice.nsk.hr\/lepoglava\/wp-content\/uploads\/sites\/22\/2024\/02\/IMG_0440.jpg 640w\" sizes=\"(max-width: 300px) 100vw, 300px\" \/><\/a> <a href=\"http:\/\/knjiznice.nsk.hr\/lepoglava\/img_0443\/\"><img loading=\"lazy\" class=\"alignnone size-medium wp-image-1517\" src=\"http:\/\/knjiznice.nsk.hr\/lepoglava\/wp-content\/uploads\/sites\/22\/2024\/02\/IMG_0443-225x300.jpg\" alt=\"\" width=\"225\" height=\"300\" srcset=\"https:\/\/knjiznice.nsk.hr\/lepoglava\/wp-content\/uploads\/sites\/22\/2024\/02\/IMG_0443-225x300.jpg 225w, https:\/\/knjiznice.nsk.hr\/lepoglava\/wp-content\/uploads\/sites\/22\/2024\/02\/IMG_0443-rotated.jpg 480w\" sizes=\"(max-width: 225px) 100vw, 225px\" \/><\/a><\/p>\n","protected":false},"excerpt":{"rendered":"<p>Na temelju odluke Hrvatskoga sabora iz 2019. g., dana\u0161nji dan, 22. velja\u010de, obilje\u017eava se kao Dan hrvatske glagoljice i glagolja\u0161tva. Ovaj dan nas podsje\u0107a na po\u010detke na\u0161e pismenosti u misiji Svete Bra\u0107e, po\u010detke koje dijelimo sa svim ostalim slavenskim narodima, ali i na na\u0161u posebnost: da smo jedini me\u0111u Slavenima sa\u010duvali i ljubomorno tijekom mnogih [&hellip;]<\/p>\n","protected":false},"author":18,"featured_media":0,"comment_status":"closed","ping_status":"closed","sticky":false,"template":"","format":"standard","meta":{"ngg_post_thumbnail":0},"categories":[1],"tags":[],"yoast_head":"<!-- This site is optimized with the Yoast SEO plugin v16.4 - https:\/\/yoast.com\/wordpress\/plugins\/seo\/ -->\n<meta name=\"robots\" content=\"index, follow, max-snippet:-1, max-image-preview:large, max-video-preview:-1\" \/>\n<link rel=\"canonical\" href=\"https:\/\/knjiznice.nsk.hr\/lepoglava\/2024\/02\/22\/22-veljace-dan-hrvatske-glagoljice-i-glagoljastva\/\" \/>\n<meta property=\"og:locale\" content=\"hr_HR\" \/>\n<meta property=\"og:type\" content=\"article\" \/>\n<meta property=\"og:title\" content=\"22. velja\u010de: Dan hrvatske glagoljice i glagolja\u0161tva - Gradska knji\u017enica Ivana Belostenca Lepoglava\" \/>\n<meta property=\"og:description\" content=\"Na temelju odluke Hrvatskoga sabora iz 2019. g., dana\u0161nji dan, 22. velja\u010de, obilje\u017eava se kao Dan hrvatske glagoljice i glagolja\u0161tva. Ovaj dan nas podsje\u0107a na po\u010detke na\u0161e pismenosti u misiji Svete Bra\u0107e, po\u010detke koje dijelimo sa svim ostalim slavenskim narodima, ali i na na\u0161u posebnost: da smo jedini me\u0111u Slavenima sa\u010duvali i ljubomorno tijekom mnogih [&hellip;]\" \/>\n<meta property=\"og:url\" content=\"https:\/\/knjiznice.nsk.hr\/lepoglava\/2024\/02\/22\/22-veljace-dan-hrvatske-glagoljice-i-glagoljastva\/\" \/>\n<meta property=\"og:site_name\" content=\"Gradska knji\u017enica Ivana Belostenca Lepoglava\" \/>\n<meta property=\"article:published_time\" content=\"2024-02-22T11:31:36+00:00\" \/>\n<meta property=\"article:modified_time\" content=\"2024-02-22T13:45:46+00:00\" \/>\n<meta property=\"og:image\" content=\"http:\/\/knjiznice.nsk.hr\/lepoglava\/wp-content\/uploads\/sites\/22\/2024\/02\/IMG_0442-205x300.jpg\" \/>\n<meta name=\"twitter:label1\" content=\"Procijenjeno vrijeme \u010ditanja\" \/>\n\t<meta name=\"twitter:data1\" content=\"2 minute\" \/>\n<script type=\"application\/ld+json\" class=\"yoast-schema-graph\">{\"@context\":\"https:\/\/schema.org\",\"@graph\":[{\"@type\":\"WebSite\",\"@id\":\"https:\/\/knjiznice.nsk.hr\/lepoglava\/#website\",\"url\":\"https:\/\/knjiznice.nsk.hr\/lepoglava\/\",\"name\":\"Gradska knji\\u017enica Ivana Belostenca Lepoglava\",\"description\":\"\",\"potentialAction\":[{\"@type\":\"SearchAction\",\"target\":\"https:\/\/knjiznice.nsk.hr\/lepoglava\/?s={search_term_string}\",\"query-input\":\"required name=search_term_string\"}],\"inLanguage\":\"hr\"},{\"@type\":\"ImageObject\",\"@id\":\"https:\/\/knjiznice.nsk.hr\/lepoglava\/2024\/02\/22\/22-veljace-dan-hrvatske-glagoljice-i-glagoljastva\/#primaryimage\",\"inLanguage\":\"hr\",\"url\":\"http:\/\/knjiznice.nsk.hr\/lepoglava\/wp-content\/uploads\/sites\/22\/2024\/02\/IMG_0442-205x300.jpg\",\"contentUrl\":\"http:\/\/knjiznice.nsk.hr\/lepoglava\/wp-content\/uploads\/sites\/22\/2024\/02\/IMG_0442-205x300.jpg\"},{\"@type\":\"WebPage\",\"@id\":\"https:\/\/knjiznice.nsk.hr\/lepoglava\/2024\/02\/22\/22-veljace-dan-hrvatske-glagoljice-i-glagoljastva\/#webpage\",\"url\":\"https:\/\/knjiznice.nsk.hr\/lepoglava\/2024\/02\/22\/22-veljace-dan-hrvatske-glagoljice-i-glagoljastva\/\",\"name\":\"22. velja\\u010de: Dan hrvatske glagoljice i glagolja\\u0161tva - Gradska knji\\u017enica Ivana Belostenca Lepoglava\",\"isPartOf\":{\"@id\":\"https:\/\/knjiznice.nsk.hr\/lepoglava\/#website\"},\"primaryImageOfPage\":{\"@id\":\"https:\/\/knjiznice.nsk.hr\/lepoglava\/2024\/02\/22\/22-veljace-dan-hrvatske-glagoljice-i-glagoljastva\/#primaryimage\"},\"datePublished\":\"2024-02-22T11:31:36+00:00\",\"dateModified\":\"2024-02-22T13:45:46+00:00\",\"author\":{\"@id\":\"https:\/\/knjiznice.nsk.hr\/lepoglava\/#\/schema\/person\/14dc66f44641ce38deb763484749e42c\"},\"breadcrumb\":{\"@id\":\"https:\/\/knjiznice.nsk.hr\/lepoglava\/2024\/02\/22\/22-veljace-dan-hrvatske-glagoljice-i-glagoljastva\/#breadcrumb\"},\"inLanguage\":\"hr\",\"potentialAction\":[{\"@type\":\"ReadAction\",\"target\":[\"https:\/\/knjiznice.nsk.hr\/lepoglava\/2024\/02\/22\/22-veljace-dan-hrvatske-glagoljice-i-glagoljastva\/\"]}]},{\"@type\":\"BreadcrumbList\",\"@id\":\"https:\/\/knjiznice.nsk.hr\/lepoglava\/2024\/02\/22\/22-veljace-dan-hrvatske-glagoljice-i-glagoljastva\/#breadcrumb\",\"itemListElement\":[{\"@type\":\"ListItem\",\"position\":1,\"item\":{\"@type\":\"WebPage\",\"@id\":\"https:\/\/knjiznice.nsk.hr\/lepoglava\/\",\"url\":\"https:\/\/knjiznice.nsk.hr\/lepoglava\/\",\"name\":\"Po\\u010detna stranica\"}},{\"@type\":\"ListItem\",\"position\":2,\"item\":{\"@id\":\"https:\/\/knjiznice.nsk.hr\/lepoglava\/2024\/02\/22\/22-veljace-dan-hrvatske-glagoljice-i-glagoljastva\/#webpage\"}}]},{\"@type\":\"Person\",\"@id\":\"https:\/\/knjiznice.nsk.hr\/lepoglava\/#\/schema\/person\/14dc66f44641ce38deb763484749e42c\",\"name\":\"lepoglava\",\"image\":{\"@type\":\"ImageObject\",\"@id\":\"https:\/\/knjiznice.nsk.hr\/lepoglava\/#personlogo\",\"inLanguage\":\"hr\",\"url\":\"https:\/\/secure.gravatar.com\/avatar\/a086e8fce86c47181a4299685e5b101f?s=96&d=mm&r=g\",\"contentUrl\":\"https:\/\/secure.gravatar.com\/avatar\/a086e8fce86c47181a4299685e5b101f?s=96&d=mm&r=g\",\"caption\":\"lepoglava\"},\"url\":\"https:\/\/knjiznice.nsk.hr\/lepoglava\/\"}]}<\/script>\n<!-- \/ Yoast SEO plugin. -->","_links":{"self":[{"href":"https:\/\/knjiznice.nsk.hr\/lepoglava\/wp-json\/wp\/v2\/posts\/1514"}],"collection":[{"href":"https:\/\/knjiznice.nsk.hr\/lepoglava\/wp-json\/wp\/v2\/posts"}],"about":[{"href":"https:\/\/knjiznice.nsk.hr\/lepoglava\/wp-json\/wp\/v2\/types\/post"}],"author":[{"embeddable":true,"href":"https:\/\/knjiznice.nsk.hr\/lepoglava\/wp-json\/wp\/v2\/users\/18"}],"replies":[{"embeddable":true,"href":"https:\/\/knjiznice.nsk.hr\/lepoglava\/wp-json\/wp\/v2\/comments?post=1514"}],"version-history":[{"count":2,"href":"https:\/\/knjiznice.nsk.hr\/lepoglava\/wp-json\/wp\/v2\/posts\/1514\/revisions"}],"predecessor-version":[{"id":1518,"href":"https:\/\/knjiznice.nsk.hr\/lepoglava\/wp-json\/wp\/v2\/posts\/1514\/revisions\/1518"}],"wp:attachment":[{"href":"https:\/\/knjiznice.nsk.hr\/lepoglava\/wp-json\/wp\/v2\/media?parent=1514"}],"wp:term":[{"taxonomy":"category","embeddable":true,"href":"https:\/\/knjiznice.nsk.hr\/lepoglava\/wp-json\/wp\/v2\/categories?post=1514"},{"taxonomy":"post_tag","embeddable":true,"href":"https:\/\/knjiznice.nsk.hr\/lepoglava\/wp-json\/wp\/v2\/tags?post=1514"}],"curies":[{"name":"wp","href":"https:\/\/api.w.org\/{rel}","templated":true}]}}