{"id":1392,"date":"2023-12-14T13:49:48","date_gmt":"2023-12-14T13:49:48","guid":{"rendered":"http:\/\/knjiznice.nsk.hr\/lepoglava\/?p=1392"},"modified":"2023-12-14T13:49:48","modified_gmt":"2023-12-14T13:49:48","slug":"otvaranje-izlozbe-slika","status":"publish","type":"post","link":"https:\/\/knjiznice.nsk.hr\/lepoglava\/2023\/12\/14\/otvaranje-izlozbe-slika\/","title":{"rendered":"Otvaranje izlo\u017ebe slika"},"content":{"rendered":"<p>Pozivamo sve zainteresirane na otvaranje izlo\u017ebe slika na\u0161e sugra\u0111anke, umjetnice Marijane Novak. \u010citaonica Gradske knji\u017enice, subota 16. prosinca s po\u010detkom u 18 sati.<\/p>\n<p><a href=\"http:\/\/knjiznice.nsk.hr\/lepoglava\/skeniranje_20231214\/\"><img loading=\"lazy\" class=\"alignnone size-medium wp-image-1391\" src=\"http:\/\/knjiznice.nsk.hr\/lepoglava\/wp-content\/uploads\/sites\/22\/2023\/12\/Skeniranje_20231214-300x300.jpg\" alt=\"\" width=\"300\" height=\"300\" srcset=\"https:\/\/knjiznice.nsk.hr\/lepoglava\/wp-content\/uploads\/sites\/22\/2023\/12\/Skeniranje_20231214-300x300.jpg 300w, https:\/\/knjiznice.nsk.hr\/lepoglava\/wp-content\/uploads\/sites\/22\/2023\/12\/Skeniranje_20231214-1024x1024.jpg 1024w, https:\/\/knjiznice.nsk.hr\/lepoglava\/wp-content\/uploads\/sites\/22\/2023\/12\/Skeniranje_20231214-150x150.jpg 150w, https:\/\/knjiznice.nsk.hr\/lepoglava\/wp-content\/uploads\/sites\/22\/2023\/12\/Skeniranje_20231214-768x768.jpg 768w, https:\/\/knjiznice.nsk.hr\/lepoglava\/wp-content\/uploads\/sites\/22\/2023\/12\/Skeniranje_20231214-600x600.jpg 600w, https:\/\/knjiznice.nsk.hr\/lepoglava\/wp-content\/uploads\/sites\/22\/2023\/12\/Skeniranje_20231214-1536x1536.jpg 1536w, https:\/\/knjiznice.nsk.hr\/lepoglava\/wp-content\/uploads\/sites\/22\/2023\/12\/Skeniranje_20231214.jpg 1811w\" sizes=\"(max-width: 300px) 100vw, 300px\" \/><\/a><\/p>\n","protected":false},"excerpt":{"rendered":"<p>Pozivamo sve zainteresirane na otvaranje izlo\u017ebe slika na\u0161e sugra\u0111anke, umjetnice Marijane Novak. \u010citaonica Gradske knji\u017enice, subota 16. prosinca s po\u010detkom u 18 sati.<\/p>\n","protected":false},"author":18,"featured_media":0,"comment_status":"closed","ping_status":"closed","sticky":false,"template":"","format":"standard","meta":{"ngg_post_thumbnail":0},"categories":[1],"tags":[],"yoast_head":"<!-- This site is optimized with the Yoast SEO plugin v16.4 - https:\/\/yoast.com\/wordpress\/plugins\/seo\/ -->\n<meta name=\"robots\" content=\"index, follow, max-snippet:-1, max-image-preview:large, max-video-preview:-1\" \/>\n<link rel=\"canonical\" href=\"https:\/\/knjiznice.nsk.hr\/lepoglava\/2023\/12\/14\/otvaranje-izlozbe-slika\/\" \/>\n<meta property=\"og:locale\" content=\"hr_HR\" \/>\n<meta property=\"og:type\" content=\"article\" \/>\n<meta property=\"og:title\" content=\"Otvaranje izlo\u017ebe slika - Gradska knji\u017enica Ivana Belostenca Lepoglava\" \/>\n<meta property=\"og:description\" content=\"Pozivamo sve zainteresirane na otvaranje izlo\u017ebe slika na\u0161e sugra\u0111anke, umjetnice Marijane Novak. \u010citaonica Gradske knji\u017enice, subota 16. prosinca s po\u010detkom u 18 sati.\" \/>\n<meta property=\"og:url\" content=\"https:\/\/knjiznice.nsk.hr\/lepoglava\/2023\/12\/14\/otvaranje-izlozbe-slika\/\" \/>\n<meta property=\"og:site_name\" content=\"Gradska knji\u017enica Ivana Belostenca Lepoglava\" \/>\n<meta property=\"article:published_time\" content=\"2023-12-14T13:49:48+00:00\" \/>\n<meta property=\"og:image\" content=\"http:\/\/knjiznice.nsk.hr\/lepoglava\/wp-content\/uploads\/sites\/22\/2023\/12\/Skeniranje_20231214-300x300.jpg\" \/>\n<meta name=\"twitter:label1\" content=\"Procijenjeno vrijeme \u010ditanja\" \/>\n\t<meta name=\"twitter:data1\" content=\"1 minuta\" \/>\n<script type=\"application\/ld+json\" class=\"yoast-schema-graph\">{\"@context\":\"https:\/\/schema.org\",\"@graph\":[{\"@type\":\"WebSite\",\"@id\":\"http:\/\/knjiznice.nsk.hr\/lepoglava\/#website\",\"url\":\"http:\/\/knjiznice.nsk.hr\/lepoglava\/\",\"name\":\"Gradska knji\\u017enica Ivana Belostenca Lepoglava\",\"description\":\"\",\"potentialAction\":[{\"@type\":\"SearchAction\",\"target\":\"http:\/\/knjiznice.nsk.hr\/lepoglava\/?s={search_term_string}\",\"query-input\":\"required name=search_term_string\"}],\"inLanguage\":\"hr\"},{\"@type\":\"ImageObject\",\"@id\":\"https:\/\/knjiznice.nsk.hr\/lepoglava\/2023\/12\/14\/otvaranje-izlozbe-slika\/#primaryimage\",\"inLanguage\":\"hr\",\"url\":\"http:\/\/knjiznice.nsk.hr\/lepoglava\/wp-content\/uploads\/sites\/22\/2023\/12\/Skeniranje_20231214-300x300.jpg\",\"contentUrl\":\"http:\/\/knjiznice.nsk.hr\/lepoglava\/wp-content\/uploads\/sites\/22\/2023\/12\/Skeniranje_20231214-300x300.jpg\"},{\"@type\":\"WebPage\",\"@id\":\"https:\/\/knjiznice.nsk.hr\/lepoglava\/2023\/12\/14\/otvaranje-izlozbe-slika\/#webpage\",\"url\":\"https:\/\/knjiznice.nsk.hr\/lepoglava\/2023\/12\/14\/otvaranje-izlozbe-slika\/\",\"name\":\"Otvaranje izlo\\u017ebe slika - Gradska knji\\u017enica Ivana Belostenca Lepoglava\",\"isPartOf\":{\"@id\":\"http:\/\/knjiznice.nsk.hr\/lepoglava\/#website\"},\"primaryImageOfPage\":{\"@id\":\"https:\/\/knjiznice.nsk.hr\/lepoglava\/2023\/12\/14\/otvaranje-izlozbe-slika\/#primaryimage\"},\"datePublished\":\"2023-12-14T13:49:48+00:00\",\"dateModified\":\"2023-12-14T13:49:48+00:00\",\"author\":{\"@id\":\"http:\/\/knjiznice.nsk.hr\/lepoglava\/#\/schema\/person\/14dc66f44641ce38deb763484749e42c\"},\"breadcrumb\":{\"@id\":\"https:\/\/knjiznice.nsk.hr\/lepoglava\/2023\/12\/14\/otvaranje-izlozbe-slika\/#breadcrumb\"},\"inLanguage\":\"hr\",\"potentialAction\":[{\"@type\":\"ReadAction\",\"target\":[\"https:\/\/knjiznice.nsk.hr\/lepoglava\/2023\/12\/14\/otvaranje-izlozbe-slika\/\"]}]},{\"@type\":\"BreadcrumbList\",\"@id\":\"https:\/\/knjiznice.nsk.hr\/lepoglava\/2023\/12\/14\/otvaranje-izlozbe-slika\/#breadcrumb\",\"itemListElement\":[{\"@type\":\"ListItem\",\"position\":1,\"item\":{\"@type\":\"WebPage\",\"@id\":\"http:\/\/knjiznice.nsk.hr\/lepoglava\/\",\"url\":\"http:\/\/knjiznice.nsk.hr\/lepoglava\/\",\"name\":\"Po\\u010detna stranica\"}},{\"@type\":\"ListItem\",\"position\":2,\"item\":{\"@id\":\"https:\/\/knjiznice.nsk.hr\/lepoglava\/2023\/12\/14\/otvaranje-izlozbe-slika\/#webpage\"}}]},{\"@type\":\"Person\",\"@id\":\"http:\/\/knjiznice.nsk.hr\/lepoglava\/#\/schema\/person\/14dc66f44641ce38deb763484749e42c\",\"name\":\"lepoglava\",\"image\":{\"@type\":\"ImageObject\",\"@id\":\"http:\/\/knjiznice.nsk.hr\/lepoglava\/#personlogo\",\"inLanguage\":\"hr\",\"url\":\"https:\/\/secure.gravatar.com\/avatar\/a086e8fce86c47181a4299685e5b101f?s=96&d=mm&r=g\",\"contentUrl\":\"https:\/\/secure.gravatar.com\/avatar\/a086e8fce86c47181a4299685e5b101f?s=96&d=mm&r=g\",\"caption\":\"lepoglava\"},\"url\":\"https:\/\/knjiznice.nsk.hr\/lepoglava\/\"}]}<\/script>\n<!-- \/ Yoast SEO plugin. -->","_links":{"self":[{"href":"https:\/\/knjiznice.nsk.hr\/lepoglava\/wp-json\/wp\/v2\/posts\/1392"}],"collection":[{"href":"https:\/\/knjiznice.nsk.hr\/lepoglava\/wp-json\/wp\/v2\/posts"}],"about":[{"href":"https:\/\/knjiznice.nsk.hr\/lepoglava\/wp-json\/wp\/v2\/types\/post"}],"author":[{"embeddable":true,"href":"https:\/\/knjiznice.nsk.hr\/lepoglava\/wp-json\/wp\/v2\/users\/18"}],"replies":[{"embeddable":true,"href":"https:\/\/knjiznice.nsk.hr\/lepoglava\/wp-json\/wp\/v2\/comments?post=1392"}],"version-history":[{"count":1,"href":"https:\/\/knjiznice.nsk.hr\/lepoglava\/wp-json\/wp\/v2\/posts\/1392\/revisions"}],"predecessor-version":[{"id":1393,"href":"https:\/\/knjiznice.nsk.hr\/lepoglava\/wp-json\/wp\/v2\/posts\/1392\/revisions\/1393"}],"wp:attachment":[{"href":"https:\/\/knjiznice.nsk.hr\/lepoglava\/wp-json\/wp\/v2\/media?parent=1392"}],"wp:term":[{"taxonomy":"category","embeddable":true,"href":"https:\/\/knjiznice.nsk.hr\/lepoglava\/wp-json\/wp\/v2\/categories?post=1392"},{"taxonomy":"post_tag","embeddable":true,"href":"https:\/\/knjiznice.nsk.hr\/lepoglava\/wp-json\/wp\/v2\/tags?post=1392"}],"curies":[{"name":"wp","href":"https:\/\/api.w.org\/{rel}","templated":true}]}}