{"id":1120,"date":"2023-06-29T13:55:48","date_gmt":"2023-06-29T13:55:48","guid":{"rendered":"http:\/\/knjiznice.nsk.hr\/lepoglava\/?p=1120"},"modified":"2023-06-29T13:55:48","modified_gmt":"2023-06-29T13:55:48","slug":"ljeto-u-knjiznici","status":"publish","type":"post","link":"https:\/\/knjiznice.nsk.hr\/lepoglava\/2023\/06\/29\/ljeto-u-knjiznici\/","title":{"rendered":"Ljeto u knji\u017enici"},"content":{"rendered":"<p>Pridru\u017eite nam se na ljetnim kreativnim radionicama. \u010cetvrtkom u 17 sati u sljede\u0107im terminima:<\/p>\n<p>13.07. &#8211; oslikavanje platnenih prega\u010da i torbi<\/p>\n<p>20.07. &#8211; izrada nakita i privjesaka<\/p>\n<p>27.07. &#8211; slikanje na platnu<\/p>\n<p>03.08. &#8211; origami<\/p>\n<p>10.08. &#8211; oslikavanje drvenih kutijica<\/p>\n<p>17.08. &#8211; izrada \u0161tapnih lutaka<\/p>\n<p>Veselimo se kreativnim dru\u017eenjima!<\/p>\n<p><a href=\"http:\/\/knjiznice.nsk.hr\/lepoglava\/srpanj\/\"><img loading=\"lazy\" class=\"alignnone size-medium wp-image-1119\" src=\"http:\/\/knjiznice.nsk.hr\/lepoglava\/wp-content\/uploads\/sites\/22\/2023\/06\/srpanj-300x300.jpg\" alt=\"\" width=\"300\" height=\"300\" srcset=\"https:\/\/knjiznice.nsk.hr\/lepoglava\/wp-content\/uploads\/sites\/22\/2023\/06\/srpanj-300x300.jpg 300w, https:\/\/knjiznice.nsk.hr\/lepoglava\/wp-content\/uploads\/sites\/22\/2023\/06\/srpanj-1024x1024.jpg 1024w, https:\/\/knjiznice.nsk.hr\/lepoglava\/wp-content\/uploads\/sites\/22\/2023\/06\/srpanj-150x150.jpg 150w, https:\/\/knjiznice.nsk.hr\/lepoglava\/wp-content\/uploads\/sites\/22\/2023\/06\/srpanj-768x768.jpg 768w, https:\/\/knjiznice.nsk.hr\/lepoglava\/wp-content\/uploads\/sites\/22\/2023\/06\/srpanj-600x600.jpg 600w, https:\/\/knjiznice.nsk.hr\/lepoglava\/wp-content\/uploads\/sites\/22\/2023\/06\/srpanj.jpg 1400w\" sizes=\"(max-width: 300px) 100vw, 300px\" \/><\/a> &nbsp;<a href=\"http:\/\/knjiznice.nsk.hr\/lepoglava\/kolovoz\/\"><img loading=\"lazy\" class=\"alignnone size-medium wp-image-1118\" src=\"http:\/\/knjiznice.nsk.hr\/lepoglava\/wp-content\/uploads\/sites\/22\/2023\/06\/kolovoz-300x300.jpg\" alt=\"\" width=\"300\" height=\"300\" srcset=\"https:\/\/knjiznice.nsk.hr\/lepoglava\/wp-content\/uploads\/sites\/22\/2023\/06\/kolovoz-300x300.jpg 300w, https:\/\/knjiznice.nsk.hr\/lepoglava\/wp-content\/uploads\/sites\/22\/2023\/06\/kolovoz-1024x1024.jpg 1024w, https:\/\/knjiznice.nsk.hr\/lepoglava\/wp-content\/uploads\/sites\/22\/2023\/06\/kolovoz-150x150.jpg 150w, https:\/\/knjiznice.nsk.hr\/lepoglava\/wp-content\/uploads\/sites\/22\/2023\/06\/kolovoz-768x768.jpg 768w, https:\/\/knjiznice.nsk.hr\/lepoglava\/wp-content\/uploads\/sites\/22\/2023\/06\/kolovoz-600x600.jpg 600w, https:\/\/knjiznice.nsk.hr\/lepoglava\/wp-content\/uploads\/sites\/22\/2023\/06\/kolovoz.jpg 1400w\" sizes=\"(max-width: 300px) 100vw, 300px\" \/><\/a><\/p>\n","protected":false},"excerpt":{"rendered":"<p>Pridru\u017eite nam se na ljetnim kreativnim radionicama. \u010cetvrtkom u 17 sati u sljede\u0107im terminima: 13.07. &#8211; oslikavanje platnenih prega\u010da i torbi 20.07. &#8211; izrada nakita i privjesaka 27.07. &#8211; slikanje na platnu 03.08. &#8211; origami 10.08. &#8211; oslikavanje drvenih kutijica 17.08. &#8211; izrada \u0161tapnih lutaka Veselimo se kreativnim dru\u017eenjima! &nbsp;<\/p>\n","protected":false},"author":18,"featured_media":0,"comment_status":"closed","ping_status":"closed","sticky":false,"template":"","format":"standard","meta":{"ngg_post_thumbnail":0},"categories":[1],"tags":[],"yoast_head":"<!-- This site is optimized with the Yoast SEO plugin v16.4 - https:\/\/yoast.com\/wordpress\/plugins\/seo\/ -->\n<meta name=\"robots\" content=\"index, follow, max-snippet:-1, max-image-preview:large, max-video-preview:-1\" \/>\n<link rel=\"canonical\" href=\"http:\/\/knjiznice.nsk.hr\/lepoglava\/2023\/06\/29\/ljeto-u-knjiznici\/\" \/>\n<meta property=\"og:locale\" content=\"hr_HR\" \/>\n<meta property=\"og:type\" content=\"article\" \/>\n<meta property=\"og:title\" content=\"Ljeto u knji\u017enici - Gradska knji\u017enica Ivana Belostenca Lepoglava\" \/>\n<meta property=\"og:description\" content=\"Pridru\u017eite nam se na ljetnim kreativnim radionicama. \u010cetvrtkom u 17 sati u sljede\u0107im terminima: 13.07. &#8211; oslikavanje platnenih prega\u010da i torbi 20.07. &#8211; izrada nakita i privjesaka 27.07. &#8211; slikanje na platnu 03.08. &#8211; origami 10.08. &#8211; oslikavanje drvenih kutijica 17.08. &#8211; izrada \u0161tapnih lutaka Veselimo se kreativnim dru\u017eenjima! &nbsp;\" \/>\n<meta property=\"og:url\" content=\"http:\/\/knjiznice.nsk.hr\/lepoglava\/2023\/06\/29\/ljeto-u-knjiznici\/\" \/>\n<meta property=\"og:site_name\" content=\"Gradska knji\u017enica Ivana Belostenca Lepoglava\" \/>\n<meta property=\"article:published_time\" content=\"2023-06-29T13:55:48+00:00\" \/>\n<meta property=\"og:image\" content=\"http:\/\/knjiznice.nsk.hr\/lepoglava\/wp-content\/uploads\/sites\/22\/2023\/06\/srpanj-300x300.jpg\" \/>\n<meta name=\"twitter:label1\" content=\"Procijenjeno vrijeme \u010ditanja\" \/>\n\t<meta name=\"twitter:data1\" content=\"1 minuta\" \/>\n<script type=\"application\/ld+json\" class=\"yoast-schema-graph\">{\"@context\":\"https:\/\/schema.org\",\"@graph\":[{\"@type\":\"WebSite\",\"@id\":\"http:\/\/knjiznice.nsk.hr\/lepoglava\/#website\",\"url\":\"http:\/\/knjiznice.nsk.hr\/lepoglava\/\",\"name\":\"Gradska knji\\u017enica Ivana Belostenca Lepoglava\",\"description\":\"\",\"potentialAction\":[{\"@type\":\"SearchAction\",\"target\":\"http:\/\/knjiznice.nsk.hr\/lepoglava\/?s={search_term_string}\",\"query-input\":\"required name=search_term_string\"}],\"inLanguage\":\"hr\"},{\"@type\":\"ImageObject\",\"@id\":\"http:\/\/knjiznice.nsk.hr\/lepoglava\/2023\/06\/29\/ljeto-u-knjiznici\/#primaryimage\",\"inLanguage\":\"hr\",\"url\":\"http:\/\/knjiznice.nsk.hr\/lepoglava\/wp-content\/uploads\/sites\/22\/2023\/06\/srpanj-300x300.jpg\",\"contentUrl\":\"http:\/\/knjiznice.nsk.hr\/lepoglava\/wp-content\/uploads\/sites\/22\/2023\/06\/srpanj-300x300.jpg\"},{\"@type\":\"WebPage\",\"@id\":\"http:\/\/knjiznice.nsk.hr\/lepoglava\/2023\/06\/29\/ljeto-u-knjiznici\/#webpage\",\"url\":\"http:\/\/knjiznice.nsk.hr\/lepoglava\/2023\/06\/29\/ljeto-u-knjiznici\/\",\"name\":\"Ljeto u knji\\u017enici - Gradska knji\\u017enica Ivana Belostenca Lepoglava\",\"isPartOf\":{\"@id\":\"http:\/\/knjiznice.nsk.hr\/lepoglava\/#website\"},\"primaryImageOfPage\":{\"@id\":\"http:\/\/knjiznice.nsk.hr\/lepoglava\/2023\/06\/29\/ljeto-u-knjiznici\/#primaryimage\"},\"datePublished\":\"2023-06-29T13:55:48+00:00\",\"dateModified\":\"2023-06-29T13:55:48+00:00\",\"author\":{\"@id\":\"http:\/\/knjiznice.nsk.hr\/lepoglava\/#\/schema\/person\/14dc66f44641ce38deb763484749e42c\"},\"breadcrumb\":{\"@id\":\"http:\/\/knjiznice.nsk.hr\/lepoglava\/2023\/06\/29\/ljeto-u-knjiznici\/#breadcrumb\"},\"inLanguage\":\"hr\",\"potentialAction\":[{\"@type\":\"ReadAction\",\"target\":[\"http:\/\/knjiznice.nsk.hr\/lepoglava\/2023\/06\/29\/ljeto-u-knjiznici\/\"]}]},{\"@type\":\"BreadcrumbList\",\"@id\":\"http:\/\/knjiznice.nsk.hr\/lepoglava\/2023\/06\/29\/ljeto-u-knjiznici\/#breadcrumb\",\"itemListElement\":[{\"@type\":\"ListItem\",\"position\":1,\"item\":{\"@type\":\"WebPage\",\"@id\":\"http:\/\/knjiznice.nsk.hr\/lepoglava\/\",\"url\":\"http:\/\/knjiznice.nsk.hr\/lepoglava\/\",\"name\":\"Po\\u010detna stranica\"}},{\"@type\":\"ListItem\",\"position\":2,\"item\":{\"@id\":\"http:\/\/knjiznice.nsk.hr\/lepoglava\/2023\/06\/29\/ljeto-u-knjiznici\/#webpage\"}}]},{\"@type\":\"Person\",\"@id\":\"http:\/\/knjiznice.nsk.hr\/lepoglava\/#\/schema\/person\/14dc66f44641ce38deb763484749e42c\",\"name\":\"lepoglava\",\"image\":{\"@type\":\"ImageObject\",\"@id\":\"http:\/\/knjiznice.nsk.hr\/lepoglava\/#personlogo\",\"inLanguage\":\"hr\",\"url\":\"https:\/\/secure.gravatar.com\/avatar\/a086e8fce86c47181a4299685e5b101f?s=96&d=mm&r=g\",\"contentUrl\":\"https:\/\/secure.gravatar.com\/avatar\/a086e8fce86c47181a4299685e5b101f?s=96&d=mm&r=g\",\"caption\":\"lepoglava\"},\"url\":\"https:\/\/knjiznice.nsk.hr\/lepoglava\/\"}]}<\/script>\n<!-- \/ Yoast SEO plugin. -->","_links":{"self":[{"href":"https:\/\/knjiznice.nsk.hr\/lepoglava\/wp-json\/wp\/v2\/posts\/1120"}],"collection":[{"href":"https:\/\/knjiznice.nsk.hr\/lepoglava\/wp-json\/wp\/v2\/posts"}],"about":[{"href":"https:\/\/knjiznice.nsk.hr\/lepoglava\/wp-json\/wp\/v2\/types\/post"}],"author":[{"embeddable":true,"href":"https:\/\/knjiznice.nsk.hr\/lepoglava\/wp-json\/wp\/v2\/users\/18"}],"replies":[{"embeddable":true,"href":"https:\/\/knjiznice.nsk.hr\/lepoglava\/wp-json\/wp\/v2\/comments?post=1120"}],"version-history":[{"count":1,"href":"https:\/\/knjiznice.nsk.hr\/lepoglava\/wp-json\/wp\/v2\/posts\/1120\/revisions"}],"predecessor-version":[{"id":1121,"href":"https:\/\/knjiznice.nsk.hr\/lepoglava\/wp-json\/wp\/v2\/posts\/1120\/revisions\/1121"}],"wp:attachment":[{"href":"https:\/\/knjiznice.nsk.hr\/lepoglava\/wp-json\/wp\/v2\/media?parent=1120"}],"wp:term":[{"taxonomy":"category","embeddable":true,"href":"https:\/\/knjiznice.nsk.hr\/lepoglava\/wp-json\/wp\/v2\/categories?post=1120"},{"taxonomy":"post_tag","embeddable":true,"href":"https:\/\/knjiznice.nsk.hr\/lepoglava\/wp-json\/wp\/v2\/tags?post=1120"}],"curies":[{"name":"wp","href":"https:\/\/api.w.org\/{rel}","templated":true}]}}