{"id":1077,"date":"2023-04-28T10:35:32","date_gmt":"2023-04-28T10:35:32","guid":{"rendered":"http:\/\/knjiznice.nsk.hr\/lepoglava\/?p=1077"},"modified":"2023-04-28T10:35:32","modified_gmt":"2023-04-28T10:35:32","slug":"svjetski-dan-slobode-tiska","status":"publish","type":"post","link":"https:\/\/knjiznice.nsk.hr\/lepoglava\/2023\/04\/28\/svjetski-dan-slobode-tiska\/","title":{"rendered":"Svjetski dan slobode tiska"},"content":{"rendered":"<p>Svjetski dan slobode tiska obilje\u017eava se svake godine <a href=\"https:\/\/hr.wikipedia.org\/wiki\/3._svibnja\">3. svibnja<\/a> od 1993. godine kad ga je proglasila Glavna skup\u0161tina <a href=\"https:\/\/hr.wikipedia.org\/wiki\/Ujedinjeni_narodi\">Ujedinjenih naroda<\/a>. Cilj obilje\u017eavanja tog Dana, koji okuplja medijske profesionalce, koji potom procjenjuju stanje slobode medija i raspravljaju o mogu\u0107nostima za rje\u0161avanje brojnih izazova, jest podizanje svijesti o va\u017enosti medijskih sloboda i njezinih temeljnih na\u010dela.<\/p>\n<p>Obilje\u017eava se na godi\u0161njicu <a href=\"https:\/\/hr.wikipedia.org\/w\/index.php?title=Windhoe%C5%A1ka_deklaracija&amp;action=edit&amp;redlink=1\">Windhoe\u0161ke deklaracije<\/a>, izjave o principima slobodnih medija koju su sastavila skupina afri\u010dkih novinara <a href=\"https:\/\/hr.wikipedia.org\/wiki\/1991.\">1991.<\/a> godine u <a href=\"https:\/\/hr.wikipedia.org\/wiki\/Windhoek\">Windhoeku<\/a>, u <a href=\"https:\/\/hr.wikipedia.org\/wiki\/Namibija\">Namibiji<\/a>, s jedinstvenom vizijom &#8211; za\u0161tititi temeljna prava slobodnog tiska.<\/p>\n<p>Izjava visokog predstavnika u ime EU-a:<\/p>\n<p>\u201eSloboda informiranja i sloboda govora svugdje se moraju promicati i \u0161tititi. To je svima u interesu. EU \u0107e se i dalje protiviti svakom ograni\u010davanju slobode izra\u017eavanja i cenzuri, na internetu ili izvan njega, jer se time kr\u0161i me\u0111unarodno pravo o ljudskim pravima. Sloboda medija temelj je demokratskih dru\u0161tava, koja mogu napredovati samo ako gra\u0111ani imaju pristup pouzdanim informacijama i mogu donositi informirane odluke. Sloboda medija zna\u010di sigurnost za sve.\u201c<\/p>\n<p><a href=\"http:\/\/knjiznice.nsk.hr\/lepoglava\/slika1\/\"><img loading=\"lazy\" class=\"alignnone size-medium wp-image-1076\" src=\"http:\/\/knjiznice.nsk.hr\/lepoglava\/wp-content\/uploads\/sites\/22\/2023\/04\/slika1-300x219.jpg\" alt=\"\" width=\"300\" height=\"219\" srcset=\"https:\/\/knjiznice.nsk.hr\/lepoglava\/wp-content\/uploads\/sites\/22\/2023\/04\/slika1-300x219.jpg 300w, https:\/\/knjiznice.nsk.hr\/lepoglava\/wp-content\/uploads\/sites\/22\/2023\/04\/slika1-600x438.jpg 600w, https:\/\/knjiznice.nsk.hr\/lepoglava\/wp-content\/uploads\/sites\/22\/2023\/04\/slika1.jpg 610w\" sizes=\"(max-width: 300px) 100vw, 300px\" \/><\/a><\/p>\n<p>Izvor fotografije: UNESCO<\/p>\n","protected":false},"excerpt":{"rendered":"<p>Svjetski dan slobode tiska obilje\u017eava se svake godine 3. svibnja od 1993. godine kad ga je proglasila Glavna skup\u0161tina Ujedinjenih naroda. Cilj obilje\u017eavanja tog Dana, koji okuplja medijske profesionalce, koji potom procjenjuju stanje slobode medija i raspravljaju o mogu\u0107nostima za rje\u0161avanje brojnih izazova, jest podizanje svijesti o va\u017enosti medijskih sloboda i njezinih temeljnih na\u010dela. Obilje\u017eava [&hellip;]<\/p>\n","protected":false},"author":18,"featured_media":0,"comment_status":"closed","ping_status":"closed","sticky":false,"template":"","format":"standard","meta":{"ngg_post_thumbnail":0},"categories":[1],"tags":[],"yoast_head":"<!-- This site is optimized with the Yoast SEO plugin v16.4 - https:\/\/yoast.com\/wordpress\/plugins\/seo\/ -->\n<meta name=\"robots\" content=\"index, follow, max-snippet:-1, max-image-preview:large, max-video-preview:-1\" \/>\n<link rel=\"canonical\" href=\"http:\/\/knjiznice.nsk.hr\/lepoglava\/2023\/04\/28\/svjetski-dan-slobode-tiska\/\" \/>\n<meta property=\"og:locale\" content=\"hr_HR\" \/>\n<meta property=\"og:type\" content=\"article\" \/>\n<meta property=\"og:title\" content=\"Svjetski dan slobode tiska - Gradska knji\u017enica Ivana Belostenca Lepoglava\" \/>\n<meta property=\"og:description\" content=\"Svjetski dan slobode tiska obilje\u017eava se svake godine 3. svibnja od 1993. godine kad ga je proglasila Glavna skup\u0161tina Ujedinjenih naroda. Cilj obilje\u017eavanja tog Dana, koji okuplja medijske profesionalce, koji potom procjenjuju stanje slobode medija i raspravljaju o mogu\u0107nostima za rje\u0161avanje brojnih izazova, jest podizanje svijesti o va\u017enosti medijskih sloboda i njezinih temeljnih na\u010dela. Obilje\u017eava [&hellip;]\" \/>\n<meta property=\"og:url\" content=\"http:\/\/knjiznice.nsk.hr\/lepoglava\/2023\/04\/28\/svjetski-dan-slobode-tiska\/\" \/>\n<meta property=\"og:site_name\" content=\"Gradska knji\u017enica Ivana Belostenca Lepoglava\" \/>\n<meta property=\"article:published_time\" content=\"2023-04-28T10:35:32+00:00\" \/>\n<meta property=\"og:image\" content=\"http:\/\/knjiznice.nsk.hr\/lepoglava\/wp-content\/uploads\/sites\/22\/2023\/04\/slika1-300x219.jpg\" \/>\n<meta name=\"twitter:label1\" content=\"Procijenjeno vrijeme \u010ditanja\" \/>\n\t<meta name=\"twitter:data1\" content=\"1 minuta\" \/>\n<script type=\"application\/ld+json\" class=\"yoast-schema-graph\">{\"@context\":\"https:\/\/schema.org\",\"@graph\":[{\"@type\":\"WebSite\",\"@id\":\"http:\/\/knjiznice.nsk.hr\/lepoglava\/#website\",\"url\":\"http:\/\/knjiznice.nsk.hr\/lepoglava\/\",\"name\":\"Gradska knji\\u017enica Ivana Belostenca Lepoglava\",\"description\":\"\",\"potentialAction\":[{\"@type\":\"SearchAction\",\"target\":\"http:\/\/knjiznice.nsk.hr\/lepoglava\/?s={search_term_string}\",\"query-input\":\"required name=search_term_string\"}],\"inLanguage\":\"hr\"},{\"@type\":\"ImageObject\",\"@id\":\"http:\/\/knjiznice.nsk.hr\/lepoglava\/2023\/04\/28\/svjetski-dan-slobode-tiska\/#primaryimage\",\"inLanguage\":\"hr\",\"url\":\"http:\/\/knjiznice.nsk.hr\/lepoglava\/wp-content\/uploads\/sites\/22\/2023\/04\/slika1-300x219.jpg\",\"contentUrl\":\"http:\/\/knjiznice.nsk.hr\/lepoglava\/wp-content\/uploads\/sites\/22\/2023\/04\/slika1-300x219.jpg\"},{\"@type\":\"WebPage\",\"@id\":\"http:\/\/knjiznice.nsk.hr\/lepoglava\/2023\/04\/28\/svjetski-dan-slobode-tiska\/#webpage\",\"url\":\"http:\/\/knjiznice.nsk.hr\/lepoglava\/2023\/04\/28\/svjetski-dan-slobode-tiska\/\",\"name\":\"Svjetski dan slobode tiska - Gradska knji\\u017enica Ivana Belostenca Lepoglava\",\"isPartOf\":{\"@id\":\"http:\/\/knjiznice.nsk.hr\/lepoglava\/#website\"},\"primaryImageOfPage\":{\"@id\":\"http:\/\/knjiznice.nsk.hr\/lepoglava\/2023\/04\/28\/svjetski-dan-slobode-tiska\/#primaryimage\"},\"datePublished\":\"2023-04-28T10:35:32+00:00\",\"dateModified\":\"2023-04-28T10:35:32+00:00\",\"author\":{\"@id\":\"http:\/\/knjiznice.nsk.hr\/lepoglava\/#\/schema\/person\/14dc66f44641ce38deb763484749e42c\"},\"breadcrumb\":{\"@id\":\"http:\/\/knjiznice.nsk.hr\/lepoglava\/2023\/04\/28\/svjetski-dan-slobode-tiska\/#breadcrumb\"},\"inLanguage\":\"hr\",\"potentialAction\":[{\"@type\":\"ReadAction\",\"target\":[\"http:\/\/knjiznice.nsk.hr\/lepoglava\/2023\/04\/28\/svjetski-dan-slobode-tiska\/\"]}]},{\"@type\":\"BreadcrumbList\",\"@id\":\"http:\/\/knjiznice.nsk.hr\/lepoglava\/2023\/04\/28\/svjetski-dan-slobode-tiska\/#breadcrumb\",\"itemListElement\":[{\"@type\":\"ListItem\",\"position\":1,\"item\":{\"@type\":\"WebPage\",\"@id\":\"http:\/\/knjiznice.nsk.hr\/lepoglava\/\",\"url\":\"http:\/\/knjiznice.nsk.hr\/lepoglava\/\",\"name\":\"Po\\u010detna stranica\"}},{\"@type\":\"ListItem\",\"position\":2,\"item\":{\"@id\":\"http:\/\/knjiznice.nsk.hr\/lepoglava\/2023\/04\/28\/svjetski-dan-slobode-tiska\/#webpage\"}}]},{\"@type\":\"Person\",\"@id\":\"http:\/\/knjiznice.nsk.hr\/lepoglava\/#\/schema\/person\/14dc66f44641ce38deb763484749e42c\",\"name\":\"lepoglava\",\"image\":{\"@type\":\"ImageObject\",\"@id\":\"http:\/\/knjiznice.nsk.hr\/lepoglava\/#personlogo\",\"inLanguage\":\"hr\",\"url\":\"https:\/\/secure.gravatar.com\/avatar\/a086e8fce86c47181a4299685e5b101f?s=96&d=mm&r=g\",\"contentUrl\":\"https:\/\/secure.gravatar.com\/avatar\/a086e8fce86c47181a4299685e5b101f?s=96&d=mm&r=g\",\"caption\":\"lepoglava\"},\"url\":\"https:\/\/knjiznice.nsk.hr\/lepoglava\/\"}]}<\/script>\n<!-- \/ Yoast SEO plugin. -->","_links":{"self":[{"href":"https:\/\/knjiznice.nsk.hr\/lepoglava\/wp-json\/wp\/v2\/posts\/1077"}],"collection":[{"href":"https:\/\/knjiznice.nsk.hr\/lepoglava\/wp-json\/wp\/v2\/posts"}],"about":[{"href":"https:\/\/knjiznice.nsk.hr\/lepoglava\/wp-json\/wp\/v2\/types\/post"}],"author":[{"embeddable":true,"href":"https:\/\/knjiznice.nsk.hr\/lepoglava\/wp-json\/wp\/v2\/users\/18"}],"replies":[{"embeddable":true,"href":"https:\/\/knjiznice.nsk.hr\/lepoglava\/wp-json\/wp\/v2\/comments?post=1077"}],"version-history":[{"count":1,"href":"https:\/\/knjiznice.nsk.hr\/lepoglava\/wp-json\/wp\/v2\/posts\/1077\/revisions"}],"predecessor-version":[{"id":1078,"href":"https:\/\/knjiznice.nsk.hr\/lepoglava\/wp-json\/wp\/v2\/posts\/1077\/revisions\/1078"}],"wp:attachment":[{"href":"https:\/\/knjiznice.nsk.hr\/lepoglava\/wp-json\/wp\/v2\/media?parent=1077"}],"wp:term":[{"taxonomy":"category","embeddable":true,"href":"https:\/\/knjiznice.nsk.hr\/lepoglava\/wp-json\/wp\/v2\/categories?post=1077"},{"taxonomy":"post_tag","embeddable":true,"href":"https:\/\/knjiznice.nsk.hr\/lepoglava\/wp-json\/wp\/v2\/tags?post=1077"}],"curies":[{"name":"wp","href":"https:\/\/api.w.org\/{rel}","templated":true}]}}