{"id":150,"date":"2019-04-29T16:32:45","date_gmt":"2019-04-29T14:32:45","guid":{"rendered":"http:\/\/knjiznice.nsk.hr\/kolan\/?p=150"},"modified":"2019-04-29T16:32:45","modified_gmt":"2019-04-29T14:32:45","slug":"fekp19-natjecaj-za-kratku-pricu-za-mlade-autore","status":"publish","type":"post","link":"https:\/\/knjiznice.nsk.hr\/kolan\/2019\/04\/29\/fekp19-natjecaj-za-kratku-pricu-za-mlade-autore\/","title":{"rendered":"FEKP19 \u2013 natje\u010daj za kratku pri\u010du za mlade autore"},"content":{"rendered":"<p>Rijeka 2020 \u2013 Europska prijestolnica kulture, Gradska knji\u017enica Rijeka i Festival europske kratke pri\u010de (FEKP) pokrenuli su novu kategoriju natje\u010daja za kratku pri\u010du \u2013 za mlade autore i autorice do 19 godina. <span class=\"_5mfr\"><span class=\"_6qdm\">\u270f\ufe0f<\/span><\/span><br \/>\nDetaljnije informacije mo\u017eete prona\u0107i na sljede\u0107oj poveznici:<span class=\"_5mfr\"><span class=\"_6qdm\">\u27a1\ufe0f<\/span><\/span>https:\/\/rijeka2020.eu\/fekp19-natjecaj-za-kratku-pricu-za-mlade-autore\/<br \/>\nNatje\u010daj je otvoren od 22. travnja do 22. svibnja u 23:59 sati.<br \/>\nPRIJAVI SE I SUDJELUJ! O\u010dekuju te vrijedne nagrade!<span class=\"_5mfr\"><span class=\"_6qdm\">\u263a\ufe0f<\/span><\/span><span class=\"_5mfr\"><span class=\"_6qdm\">\ud83c\udf81<\/span><\/span><span class=\"_5mfr\"><span class=\"_6qdm\">\ud83d\udecd<\/span><\/span><span class=\"_5mfr\"><span class=\"_6qdm\">\ud83c\udf8a<\/span><\/span><\/p>\n","protected":false},"excerpt":{"rendered":"<p>Rijeka 2020 \u2013 Europska prijestolnica kulture, Gradska knji\u017enica Rijeka i Festival europske kratke pri\u010de (FEKP) pokrenuli su novu kategoriju natje\u010daja za kratku pri\u010du \u2013 za mlade autore i autorice do 19 godina. \u270f\ufe0f Detaljnije informacije mo\u017eete prona\u0107i na sljede\u0107oj poveznici:\u27a1\ufe0fhttps:\/\/rijeka2020.eu\/fekp19-natjecaj-za-kratku-pricu-za-mlade-autore\/ Natje\u010daj je otvoren od 22. travnja do 22. svibnja u 23:59 sati. PRIJAVI SE I [&hellip;]<\/p>\n","protected":false},"author":80,"featured_media":0,"comment_status":"closed","ping_status":"closed","sticky":false,"template":"","format":"standard","meta":{"ngg_post_thumbnail":0},"categories":[1],"tags":[],"yoast_head":"<!-- This site is optimized with the Yoast SEO plugin v16.4 - https:\/\/yoast.com\/wordpress\/plugins\/seo\/ -->\n<meta name=\"robots\" content=\"index, follow, max-snippet:-1, max-image-preview:large, max-video-preview:-1\" \/>\n<link rel=\"canonical\" href=\"http:\/\/knjiznice.nsk.hr\/kolan\/2019\/04\/29\/fekp19-natjecaj-za-kratku-pricu-za-mlade-autore\/\" \/>\n<meta property=\"og:locale\" content=\"hr_HR\" \/>\n<meta property=\"og:type\" content=\"article\" \/>\n<meta property=\"og:title\" content=\"FEKP19 \u2013 natje\u010daj za kratku pri\u010du za mlade autore - Op\u0107inska knji\u017enica \u0160ime \u0160ugar Ivanov - Kolan\" \/>\n<meta property=\"og:description\" content=\"Rijeka 2020 \u2013 Europska prijestolnica kulture, Gradska knji\u017enica Rijeka i Festival europske kratke pri\u010de (FEKP) pokrenuli su novu kategoriju natje\u010daja za kratku pri\u010du \u2013 za mlade autore i autorice do 19 godina. \u270f\ufe0f Detaljnije informacije mo\u017eete prona\u0107i na sljede\u0107oj poveznici:\u27a1\ufe0fhttps:\/\/rijeka2020.eu\/fekp19-natjecaj-za-kratku-pricu-za-mlade-autore\/ Natje\u010daj je otvoren od 22. travnja do 22. svibnja u 23:59 sati. PRIJAVI SE I [&hellip;]\" \/>\n<meta property=\"og:url\" content=\"http:\/\/knjiznice.nsk.hr\/kolan\/2019\/04\/29\/fekp19-natjecaj-za-kratku-pricu-za-mlade-autore\/\" \/>\n<meta property=\"og:site_name\" content=\"Op\u0107inska knji\u017enica \u0160ime \u0160ugar Ivanov - Kolan\" \/>\n<meta property=\"article:published_time\" content=\"2019-04-29T14:32:45+00:00\" \/>\n<meta name=\"twitter:card\" content=\"summary_large_image\" \/>\n<script type=\"application\/ld+json\" class=\"yoast-schema-graph\">{\"@context\":\"https:\/\/schema.org\",\"@graph\":[{\"@type\":\"WebSite\",\"@id\":\"http:\/\/knjiznice.nsk.hr\/kolan\/#website\",\"url\":\"http:\/\/knjiznice.nsk.hr\/kolan\/\",\"name\":\"Op\\u0107inska knji\\u017enica \\u0160ime \\u0160ugar Ivanov - Kolan\",\"description\":\"\",\"potentialAction\":[{\"@type\":\"SearchAction\",\"target\":\"http:\/\/knjiznice.nsk.hr\/kolan\/?s={search_term_string}\",\"query-input\":\"required name=search_term_string\"}],\"inLanguage\":\"hr\"},{\"@type\":\"WebPage\",\"@id\":\"http:\/\/knjiznice.nsk.hr\/kolan\/2019\/04\/29\/fekp19-natjecaj-za-kratku-pricu-za-mlade-autore\/#webpage\",\"url\":\"http:\/\/knjiznice.nsk.hr\/kolan\/2019\/04\/29\/fekp19-natjecaj-za-kratku-pricu-za-mlade-autore\/\",\"name\":\"FEKP19 \\u2013 natje\\u010daj za kratku pri\\u010du za mlade autore - Op\\u0107inska knji\\u017enica \\u0160ime \\u0160ugar Ivanov - Kolan\",\"isPartOf\":{\"@id\":\"http:\/\/knjiznice.nsk.hr\/kolan\/#website\"},\"datePublished\":\"2019-04-29T14:32:45+00:00\",\"dateModified\":\"2019-04-29T14:32:45+00:00\",\"author\":{\"@id\":\"http:\/\/knjiznice.nsk.hr\/kolan\/#\/schema\/person\/383bf5d2b8ad02e323dbff5d3811db4f\"},\"breadcrumb\":{\"@id\":\"http:\/\/knjiznice.nsk.hr\/kolan\/2019\/04\/29\/fekp19-natjecaj-za-kratku-pricu-za-mlade-autore\/#breadcrumb\"},\"inLanguage\":\"hr\",\"potentialAction\":[{\"@type\":\"ReadAction\",\"target\":[\"http:\/\/knjiznice.nsk.hr\/kolan\/2019\/04\/29\/fekp19-natjecaj-za-kratku-pricu-za-mlade-autore\/\"]}]},{\"@type\":\"BreadcrumbList\",\"@id\":\"http:\/\/knjiznice.nsk.hr\/kolan\/2019\/04\/29\/fekp19-natjecaj-za-kratku-pricu-za-mlade-autore\/#breadcrumb\",\"itemListElement\":[{\"@type\":\"ListItem\",\"position\":1,\"item\":{\"@type\":\"WebPage\",\"@id\":\"http:\/\/knjiznice.nsk.hr\/kolan\/\",\"url\":\"http:\/\/knjiznice.nsk.hr\/kolan\/\",\"name\":\"Po\\u010detna stranica\"}},{\"@type\":\"ListItem\",\"position\":2,\"item\":{\"@id\":\"http:\/\/knjiznice.nsk.hr\/kolan\/2019\/04\/29\/fekp19-natjecaj-za-kratku-pricu-za-mlade-autore\/#webpage\"}}]},{\"@type\":\"Person\",\"@id\":\"http:\/\/knjiznice.nsk.hr\/kolan\/#\/schema\/person\/383bf5d2b8ad02e323dbff5d3811db4f\",\"name\":\"kolan\",\"image\":{\"@type\":\"ImageObject\",\"@id\":\"http:\/\/knjiznice.nsk.hr\/kolan\/#personlogo\",\"inLanguage\":\"hr\",\"url\":\"https:\/\/secure.gravatar.com\/avatar\/ea2599e9bee698149b50b8b24e89c47b?s=96&d=mm&r=g\",\"contentUrl\":\"https:\/\/secure.gravatar.com\/avatar\/ea2599e9bee698149b50b8b24e89c47b?s=96&d=mm&r=g\",\"caption\":\"kolan\"},\"description\":\"Op\\u0107inska knji\\u017enica \\\"\\u0160ime \\u0160ugar Ivanov\\\" Kolan\",\"url\":\"https:\/\/knjiznice.nsk.hr\/kolan\/\"}]}<\/script>\n<!-- \/ Yoast SEO plugin. -->","_links":{"self":[{"href":"https:\/\/knjiznice.nsk.hr\/kolan\/wp-json\/wp\/v2\/posts\/150"}],"collection":[{"href":"https:\/\/knjiznice.nsk.hr\/kolan\/wp-json\/wp\/v2\/posts"}],"about":[{"href":"https:\/\/knjiznice.nsk.hr\/kolan\/wp-json\/wp\/v2\/types\/post"}],"author":[{"embeddable":true,"href":"https:\/\/knjiznice.nsk.hr\/kolan\/wp-json\/wp\/v2\/users\/80"}],"replies":[{"embeddable":true,"href":"https:\/\/knjiznice.nsk.hr\/kolan\/wp-json\/wp\/v2\/comments?post=150"}],"version-history":[{"count":1,"href":"https:\/\/knjiznice.nsk.hr\/kolan\/wp-json\/wp\/v2\/posts\/150\/revisions"}],"predecessor-version":[{"id":151,"href":"https:\/\/knjiznice.nsk.hr\/kolan\/wp-json\/wp\/v2\/posts\/150\/revisions\/151"}],"wp:attachment":[{"href":"https:\/\/knjiznice.nsk.hr\/kolan\/wp-json\/wp\/v2\/media?parent=150"}],"wp:term":[{"taxonomy":"category","embeddable":true,"href":"https:\/\/knjiznice.nsk.hr\/kolan\/wp-json\/wp\/v2\/categories?post=150"},{"taxonomy":"post_tag","embeddable":true,"href":"https:\/\/knjiznice.nsk.hr\/kolan\/wp-json\/wp\/v2\/tags?post=150"}],"curies":[{"name":"wp","href":"https:\/\/api.w.org\/{rel}","templated":true}]}}