{"id":101,"date":"2019-01-29T13:49:57","date_gmt":"2019-01-29T12:49:57","guid":{"rendered":"http:\/\/knjiznice.nsk.hr\/kolan\/?p=101"},"modified":"2019-01-29T13:49:57","modified_gmt":"2019-01-29T12:49:57","slug":"medunarodni-dan-darivanja-knjiga-14-02-2019","status":"publish","type":"post","link":"https:\/\/knjiznice.nsk.hr\/kolan\/2019\/01\/29\/medunarodni-dan-darivanja-knjiga-14-02-2019\/","title":{"rendered":"ME\u0110UNARODNI DAN DARIVANJA KNJIGA 14.02.2019."},"content":{"rendered":"<p>Op\u0107inska knji\u017enica &#8220;\u0160ime \u0160ugar Ivanov&#8221; poziva Vas da se priklju\u010dite akciji &#8220;\u010citam, dam, sretan sam &#8211; svoju knjigu daruj i tu\u0111e srce obraduj!&#8221;<span class=\"_5mfr\"><span class=\"_6qdm\">\ud83e\udd70<\/span><\/span><br \/>\nPozivaju se djeca i odrasli da slikovnice i knjige, koje su pro\u010ditali ili prerasli daruju i donesu u Op\u0107insku knji\u017enicu. Ovom akcijom darivanja \u017eelimo uljep\u0161ati boravak djeci u bolnicama, domovima zdravlja i drugim ustanovama u kojima se okuplja mnogo djece.<br \/>\nAkcija traje do 14.02.2019.<span class=\"_5mfr\"><span class=\"_6qdm\">\ud83d\ude0a<\/span><\/span><\/p>\n","protected":false},"excerpt":{"rendered":"<p>Op\u0107inska knji\u017enica &#8220;\u0160ime \u0160ugar Ivanov&#8221; poziva Vas da se priklju\u010dite akciji &#8220;\u010citam, dam, sretan sam &#8211; svoju knjigu daruj i tu\u0111e srce obraduj!&#8221;\ud83e\udd70 Pozivaju se djeca i odrasli da slikovnice i knjige, koje su pro\u010ditali ili prerasli daruju i donesu u Op\u0107insku knji\u017enicu. Ovom akcijom darivanja \u017eelimo uljep\u0161ati boravak djeci u bolnicama, domovima zdravlja i [&hellip;]<\/p>\n","protected":false},"author":80,"featured_media":0,"comment_status":"closed","ping_status":"closed","sticky":false,"template":"","format":"standard","meta":{"ngg_post_thumbnail":0},"categories":[1],"tags":[],"yoast_head":"<!-- This site is optimized with the Yoast SEO plugin v16.4 - https:\/\/yoast.com\/wordpress\/plugins\/seo\/ -->\n<meta name=\"robots\" content=\"index, follow, max-snippet:-1, max-image-preview:large, max-video-preview:-1\" \/>\n<link rel=\"canonical\" href=\"http:\/\/knjiznice.nsk.hr\/kolan\/2019\/01\/29\/medunarodni-dan-darivanja-knjiga-14-02-2019\/\" \/>\n<meta property=\"og:locale\" content=\"hr_HR\" \/>\n<meta property=\"og:type\" content=\"article\" \/>\n<meta property=\"og:title\" content=\"ME\u0110UNARODNI DAN DARIVANJA KNJIGA 14.02.2019. - Op\u0107inska knji\u017enica \u0160ime \u0160ugar Ivanov - Kolan\" \/>\n<meta property=\"og:description\" content=\"Op\u0107inska knji\u017enica &#8220;\u0160ime \u0160ugar Ivanov&#8221; poziva Vas da se priklju\u010dite akciji &#8220;\u010citam, dam, sretan sam &#8211; svoju knjigu daruj i tu\u0111e srce obraduj!&#8221;\ud83e\udd70 Pozivaju se djeca i odrasli da slikovnice i knjige, koje su pro\u010ditali ili prerasli daruju i donesu u Op\u0107insku knji\u017enicu. Ovom akcijom darivanja \u017eelimo uljep\u0161ati boravak djeci u bolnicama, domovima zdravlja i [&hellip;]\" \/>\n<meta property=\"og:url\" content=\"http:\/\/knjiznice.nsk.hr\/kolan\/2019\/01\/29\/medunarodni-dan-darivanja-knjiga-14-02-2019\/\" \/>\n<meta property=\"og:site_name\" content=\"Op\u0107inska knji\u017enica \u0160ime \u0160ugar Ivanov - Kolan\" \/>\n<meta property=\"article:published_time\" content=\"2019-01-29T12:49:57+00:00\" \/>\n<meta name=\"twitter:card\" content=\"summary_large_image\" \/>\n<script type=\"application\/ld+json\" class=\"yoast-schema-graph\">{\"@context\":\"https:\/\/schema.org\",\"@graph\":[{\"@type\":\"WebSite\",\"@id\":\"http:\/\/knjiznice.nsk.hr\/kolan\/#website\",\"url\":\"http:\/\/knjiznice.nsk.hr\/kolan\/\",\"name\":\"Op\\u0107inska knji\\u017enica \\u0160ime \\u0160ugar Ivanov - Kolan\",\"description\":\"\",\"potentialAction\":[{\"@type\":\"SearchAction\",\"target\":\"http:\/\/knjiznice.nsk.hr\/kolan\/?s={search_term_string}\",\"query-input\":\"required name=search_term_string\"}],\"inLanguage\":\"hr\"},{\"@type\":\"WebPage\",\"@id\":\"http:\/\/knjiznice.nsk.hr\/kolan\/2019\/01\/29\/medunarodni-dan-darivanja-knjiga-14-02-2019\/#webpage\",\"url\":\"http:\/\/knjiznice.nsk.hr\/kolan\/2019\/01\/29\/medunarodni-dan-darivanja-knjiga-14-02-2019\/\",\"name\":\"ME\\u0110UNARODNI DAN DARIVANJA KNJIGA 14.02.2019. - Op\\u0107inska knji\\u017enica \\u0160ime \\u0160ugar Ivanov - Kolan\",\"isPartOf\":{\"@id\":\"http:\/\/knjiznice.nsk.hr\/kolan\/#website\"},\"datePublished\":\"2019-01-29T12:49:57+00:00\",\"dateModified\":\"2019-01-29T12:49:57+00:00\",\"author\":{\"@id\":\"http:\/\/knjiznice.nsk.hr\/kolan\/#\/schema\/person\/383bf5d2b8ad02e323dbff5d3811db4f\"},\"breadcrumb\":{\"@id\":\"http:\/\/knjiznice.nsk.hr\/kolan\/2019\/01\/29\/medunarodni-dan-darivanja-knjiga-14-02-2019\/#breadcrumb\"},\"inLanguage\":\"hr\",\"potentialAction\":[{\"@type\":\"ReadAction\",\"target\":[\"http:\/\/knjiznice.nsk.hr\/kolan\/2019\/01\/29\/medunarodni-dan-darivanja-knjiga-14-02-2019\/\"]}]},{\"@type\":\"BreadcrumbList\",\"@id\":\"http:\/\/knjiznice.nsk.hr\/kolan\/2019\/01\/29\/medunarodni-dan-darivanja-knjiga-14-02-2019\/#breadcrumb\",\"itemListElement\":[{\"@type\":\"ListItem\",\"position\":1,\"item\":{\"@type\":\"WebPage\",\"@id\":\"http:\/\/knjiznice.nsk.hr\/kolan\/\",\"url\":\"http:\/\/knjiznice.nsk.hr\/kolan\/\",\"name\":\"Po\\u010detna stranica\"}},{\"@type\":\"ListItem\",\"position\":2,\"item\":{\"@id\":\"http:\/\/knjiznice.nsk.hr\/kolan\/2019\/01\/29\/medunarodni-dan-darivanja-knjiga-14-02-2019\/#webpage\"}}]},{\"@type\":\"Person\",\"@id\":\"http:\/\/knjiznice.nsk.hr\/kolan\/#\/schema\/person\/383bf5d2b8ad02e323dbff5d3811db4f\",\"name\":\"kolan\",\"image\":{\"@type\":\"ImageObject\",\"@id\":\"http:\/\/knjiznice.nsk.hr\/kolan\/#personlogo\",\"inLanguage\":\"hr\",\"url\":\"https:\/\/secure.gravatar.com\/avatar\/ea2599e9bee698149b50b8b24e89c47b?s=96&d=mm&r=g\",\"contentUrl\":\"https:\/\/secure.gravatar.com\/avatar\/ea2599e9bee698149b50b8b24e89c47b?s=96&d=mm&r=g\",\"caption\":\"kolan\"},\"description\":\"Op\\u0107inska knji\\u017enica \\\"\\u0160ime \\u0160ugar Ivanov\\\" Kolan\",\"url\":\"https:\/\/knjiznice.nsk.hr\/kolan\/\"}]}<\/script>\n<!-- \/ Yoast SEO plugin. -->","_links":{"self":[{"href":"https:\/\/knjiznice.nsk.hr\/kolan\/wp-json\/wp\/v2\/posts\/101"}],"collection":[{"href":"https:\/\/knjiznice.nsk.hr\/kolan\/wp-json\/wp\/v2\/posts"}],"about":[{"href":"https:\/\/knjiznice.nsk.hr\/kolan\/wp-json\/wp\/v2\/types\/post"}],"author":[{"embeddable":true,"href":"https:\/\/knjiznice.nsk.hr\/kolan\/wp-json\/wp\/v2\/users\/80"}],"replies":[{"embeddable":true,"href":"https:\/\/knjiznice.nsk.hr\/kolan\/wp-json\/wp\/v2\/comments?post=101"}],"version-history":[{"count":1,"href":"https:\/\/knjiznice.nsk.hr\/kolan\/wp-json\/wp\/v2\/posts\/101\/revisions"}],"predecessor-version":[{"id":102,"href":"https:\/\/knjiznice.nsk.hr\/kolan\/wp-json\/wp\/v2\/posts\/101\/revisions\/102"}],"wp:attachment":[{"href":"https:\/\/knjiznice.nsk.hr\/kolan\/wp-json\/wp\/v2\/media?parent=101"}],"wp:term":[{"taxonomy":"category","embeddable":true,"href":"https:\/\/knjiznice.nsk.hr\/kolan\/wp-json\/wp\/v2\/categories?post=101"},{"taxonomy":"post_tag","embeddable":true,"href":"https:\/\/knjiznice.nsk.hr\/kolan\/wp-json\/wp\/v2\/tags?post=101"}],"curies":[{"name":"wp","href":"https:\/\/api.w.org\/{rel}","templated":true}]}}