{"id":426,"date":"2018-05-28T12:25:34","date_gmt":"2018-05-28T12:25:34","guid":{"rendered":"http:\/\/knjiznice.nsk.hr\/ivanec\/?p=426"},"modified":"2018-05-28T12:25:34","modified_gmt":"2018-05-28T12:25:34","slug":"bozicni-blagdani-radno-vrijeme","status":"publish","type":"post","link":"https:\/\/knjiznice.nsk.hr\/ivanec\/2018\/05\/28\/bozicni-blagdani-radno-vrijeme\/","title":{"rendered":"Bo\u017ei\u0107ni blagdani &#8211; radno vrijeme"},"content":{"rendered":"<p align=\"CENTER\"><span style=\"font-family: Times New Roman, serif\"><span style=\"font-size: xx-large\"><b>OBAVIJEST O RADNOM VREMENU KNJI\u017dNICE<\/b><\/span><\/span><\/p>\n<p align=\"CENTER\"><span style=\"font-family: Times New Roman, serif\"><span style=\"font-size: xx-large\"><b>TIJEKOM BLAGDANA<\/b><\/span><\/span><\/p>\n<p align=\"CENTER\"><span style=\"font-family: Times New Roman, serif\"><span style=\"font-size: xx-large\"><b>DANA 23.12.2017., 30.12.2017. I 6.01.2018. KNJI\u017dNICA NE\u0106E <\/b><\/span><\/span><\/p>\n<p align=\"CENTER\"><span style=\"font-family: Times New Roman, serif\"><span style=\"font-size: xx-large\"><b>RADITI ZA KORISNIKE.<\/b><\/span><\/span><\/p>\n<p align=\"CENTER\"><a name=\"_GoBack\"><\/a><span style=\"font-family: Times New Roman, serif\"><span style=\"font-size: xx-large\"><b>ZA POVRAT KNJIGA MO\u017dETE KORISTITI TREZOR.<\/b><\/span><\/span><\/p>\n<p align=\"CENTER\"><span style=\"font-family: Times New Roman, serif\"><span style=\"font-size: xx-large\"><b>SRETNI BLAGDANI I SVAKO DOBRO U NOVOJ 2018.<\/b><\/span><\/span><\/p>\n","protected":false},"excerpt":{"rendered":"<p>OBAVIJEST O RADNOM VREMENU KNJI\u017dNICE TIJEKOM BLAGDANA DANA 23.12.2017., 30.12.2017. I 6.01.2018. KNJI\u017dNICA NE\u0106E RADITI ZA KORISNIKE. ZA POVRAT KNJIGA MO\u017dETE KORISTITI TREZOR. SRETNI BLAGDANI I SVAKO DOBRO U NOVOJ 2018.<\/p>\n","protected":false},"author":23,"featured_media":0,"comment_status":"closed","ping_status":"closed","sticky":false,"template":"","format":"standard","meta":{"ngg_post_thumbnail":0},"categories":[1],"tags":[],"yoast_head":"<!-- This site is optimized with the Yoast SEO plugin v16.4 - https:\/\/yoast.com\/wordpress\/plugins\/seo\/ -->\n<meta name=\"robots\" content=\"index, follow, max-snippet:-1, max-image-preview:large, max-video-preview:-1\" \/>\n<link rel=\"canonical\" href=\"https:\/\/knjiznice.nsk.hr\/ivanec\/2018\/05\/28\/bozicni-blagdani-radno-vrijeme\/\" \/>\n<meta property=\"og:locale\" content=\"hr_HR\" \/>\n<meta property=\"og:type\" content=\"article\" \/>\n<meta property=\"og:title\" content=\"Bo\u017ei\u0107ni blagdani - radno vrijeme - Gradska knji\u017enica i \u010ditaonica &quot;Gustav Krklec&quot; Ivanec\" \/>\n<meta property=\"og:description\" content=\"OBAVIJEST O RADNOM VREMENU KNJI\u017dNICE TIJEKOM BLAGDANA DANA 23.12.2017., 30.12.2017. I 6.01.2018. KNJI\u017dNICA NE\u0106E RADITI ZA KORISNIKE. ZA POVRAT KNJIGA MO\u017dETE KORISTITI TREZOR. SRETNI BLAGDANI I SVAKO DOBRO U NOVOJ 2018.\" \/>\n<meta property=\"og:url\" content=\"https:\/\/knjiznice.nsk.hr\/ivanec\/2018\/05\/28\/bozicni-blagdani-radno-vrijeme\/\" \/>\n<meta property=\"og:site_name\" content=\"Gradska knji\u017enica i \u010ditaonica &quot;Gustav Krklec&quot; Ivanec\" \/>\n<meta property=\"article:published_time\" content=\"2018-05-28T12:25:34+00:00\" \/>\n<script type=\"application\/ld+json\" class=\"yoast-schema-graph\">{\"@context\":\"https:\/\/schema.org\",\"@graph\":[{\"@type\":\"WebSite\",\"@id\":\"http:\/\/knjiznice.nsk.hr\/ivanec\/#website\",\"url\":\"http:\/\/knjiznice.nsk.hr\/ivanec\/\",\"name\":\"Gradska knji\\u017enica i \\u010ditaonica &quot;Gustav Krklec&quot; Ivanec\",\"description\":\"Djeca koja \\u010ditaju postaju ljudi koji misle.\",\"potentialAction\":[{\"@type\":\"SearchAction\",\"target\":\"http:\/\/knjiznice.nsk.hr\/ivanec\/?s={search_term_string}\",\"query-input\":\"required name=search_term_string\"}],\"inLanguage\":\"hr\"},{\"@type\":\"WebPage\",\"@id\":\"https:\/\/knjiznice.nsk.hr\/ivanec\/2018\/05\/28\/bozicni-blagdani-radno-vrijeme\/#webpage\",\"url\":\"https:\/\/knjiznice.nsk.hr\/ivanec\/2018\/05\/28\/bozicni-blagdani-radno-vrijeme\/\",\"name\":\"Bo\\u017ei\\u0107ni blagdani - radno vrijeme - Gradska knji\\u017enica i \\u010ditaonica &quot;Gustav Krklec&quot; Ivanec\",\"isPartOf\":{\"@id\":\"http:\/\/knjiznice.nsk.hr\/ivanec\/#website\"},\"datePublished\":\"2018-05-28T12:25:34+00:00\",\"dateModified\":\"2018-05-28T12:25:34+00:00\",\"author\":{\"@id\":\"http:\/\/knjiznice.nsk.hr\/ivanec\/#\/schema\/person\/ecbb5b0c3a999e35a26d0dd923fe370e\"},\"breadcrumb\":{\"@id\":\"https:\/\/knjiznice.nsk.hr\/ivanec\/2018\/05\/28\/bozicni-blagdani-radno-vrijeme\/#breadcrumb\"},\"inLanguage\":\"hr\",\"potentialAction\":[{\"@type\":\"ReadAction\",\"target\":[\"https:\/\/knjiznice.nsk.hr\/ivanec\/2018\/05\/28\/bozicni-blagdani-radno-vrijeme\/\"]}]},{\"@type\":\"BreadcrumbList\",\"@id\":\"https:\/\/knjiznice.nsk.hr\/ivanec\/2018\/05\/28\/bozicni-blagdani-radno-vrijeme\/#breadcrumb\",\"itemListElement\":[{\"@type\":\"ListItem\",\"position\":1,\"item\":{\"@type\":\"WebPage\",\"@id\":\"http:\/\/knjiznice.nsk.hr\/ivanec\/\",\"url\":\"http:\/\/knjiznice.nsk.hr\/ivanec\/\",\"name\":\"Po\\u010detna stranica\"}},{\"@type\":\"ListItem\",\"position\":2,\"item\":{\"@id\":\"https:\/\/knjiznice.nsk.hr\/ivanec\/2018\/05\/28\/bozicni-blagdani-radno-vrijeme\/#webpage\"}}]},{\"@type\":\"Person\",\"@id\":\"http:\/\/knjiznice.nsk.hr\/ivanec\/#\/schema\/person\/ecbb5b0c3a999e35a26d0dd923fe370e\",\"name\":\"ivanec\",\"image\":{\"@type\":\"ImageObject\",\"@id\":\"http:\/\/knjiznice.nsk.hr\/ivanec\/#personlogo\",\"inLanguage\":\"hr\",\"url\":\"https:\/\/secure.gravatar.com\/avatar\/d5fc957cc8dec40235cc889596c874f3?s=96&d=mm&r=g\",\"contentUrl\":\"https:\/\/secure.gravatar.com\/avatar\/d5fc957cc8dec40235cc889596c874f3?s=96&d=mm&r=g\",\"caption\":\"ivanec\"},\"url\":\"https:\/\/knjiznice.nsk.hr\/ivanec\/\"}]}<\/script>\n<!-- \/ Yoast SEO plugin. -->","_links":{"self":[{"href":"https:\/\/knjiznice.nsk.hr\/ivanec\/wp-json\/wp\/v2\/posts\/426"}],"collection":[{"href":"https:\/\/knjiznice.nsk.hr\/ivanec\/wp-json\/wp\/v2\/posts"}],"about":[{"href":"https:\/\/knjiznice.nsk.hr\/ivanec\/wp-json\/wp\/v2\/types\/post"}],"author":[{"embeddable":true,"href":"https:\/\/knjiznice.nsk.hr\/ivanec\/wp-json\/wp\/v2\/users\/23"}],"replies":[{"embeddable":true,"href":"https:\/\/knjiznice.nsk.hr\/ivanec\/wp-json\/wp\/v2\/comments?post=426"}],"version-history":[{"count":1,"href":"https:\/\/knjiznice.nsk.hr\/ivanec\/wp-json\/wp\/v2\/posts\/426\/revisions"}],"predecessor-version":[{"id":427,"href":"https:\/\/knjiznice.nsk.hr\/ivanec\/wp-json\/wp\/v2\/posts\/426\/revisions\/427"}],"wp:attachment":[{"href":"https:\/\/knjiznice.nsk.hr\/ivanec\/wp-json\/wp\/v2\/media?parent=426"}],"wp:term":[{"taxonomy":"category","embeddable":true,"href":"https:\/\/knjiznice.nsk.hr\/ivanec\/wp-json\/wp\/v2\/categories?post=426"},{"taxonomy":"post_tag","embeddable":true,"href":"https:\/\/knjiznice.nsk.hr\/ivanec\/wp-json\/wp\/v2\/tags?post=426"}],"curies":[{"name":"wp","href":"https:\/\/api.w.org\/{rel}","templated":true}]}}