{"id":2607,"date":"2026-04-27T12:20:30","date_gmt":"2026-04-27T12:20:30","guid":{"rendered":"https:\/\/knjiznice.nsk.hr\/ivanec\/?p=2607"},"modified":"2026-04-27T12:25:08","modified_gmt":"2026-04-27T12:25:08","slug":"noc-knjige-2026","status":"publish","type":"post","link":"https:\/\/knjiznice.nsk.hr\/ivanec\/2026\/04\/27\/noc-knjige-2026\/","title":{"rendered":"NO\u0106 KNJIGE 2026."},"content":{"rendered":"<div class=\"xdj266r x14z9mp xat24cr x1lziwak x1vvkbs x126k92a\">\n<div dir=\"auto\">NO\u0106 KNJIGE 2026. U IVANCU&nbsp;<\/div>\n<div dir=\"auto\">&nbsp;<\/div>\n<\/div>\n<div class=\"x14z9mp xat24cr x1lziwak x1vvkbs xtlvy1s x126k92a\">\n<div dir=\"auto\">U organizaciji Gradske knji\u017enice Ivanec, u sklopu Let\u2019s travel projekta i uz gostovanje <strong>prof. Ivane Vr\u010dek<\/strong>, obilje\u017eili smo No\u0107 knjige inspirativnim putopisnim predavanjem pod nazivom \u201e<em>\u010cetiri grada, \u010detiri karaktera: arhitektura, kultura i tradicija pubova\u201c.<\/em><\/div>\n<div dir=\"auto\">&nbsp;<\/div>\n<div dir=\"auto\">Pred prepunim amfiteatrom Srednje \u0161kole Ivanec, prof. Ivana Vr\u010dek povela nas je na nezaboravno putovanje kroz <em>Amsterdam, Kopenhagen, Dublin i London<\/em> \u2013 kroz pri\u010de, arhitekturu, kulturu i autenti\u010dnu atmosferu gradova.<\/div>\n<div dir=\"auto\">&nbsp;<\/div>\n<div dir=\"auto\">Ve\u010der je otvorila ravnateljica Gradske knji\u017enice Ivanec, prof. Marina Grudeni\u0107, uz zahvalu publici i Srednjoj \u0161koli Ivanec na toplom gostoprimstvu.<\/div>\n<\/div>\n<div class=\"x14z9mp xat24cr x1lziwak x1vvkbs xtlvy1s x126k92a\">\n<div dir=\"auto\">Posebno hvala prof. Ivani Vr\u010dek na jo\u0161 jednom iznimnom gostovanju i dijeljenju bogatih putni\u010dkih iskustava koja nas uvijek iznova inspiriraju i podsje\u0107aju da svako putovanje po\u010dinje \u2013 knjigom !<\/div>\n<\/div>\n<div class=\"x14z9mp xat24cr x1lziwak x1vvkbs xtlvy1s x126k92a\">\n<div dir=\"auto\">Ve\u010der je bila iznimno inspirativna i motiviraju\u0107a, a dru\u017eenje je nastavljeno uz domjenak i degustaciju u ugodnoj atmosferi zajedni\u0161tva.<\/div>\n<div dir=\"auto\">Hvala svima koji su bili dio ove ve\u010deri \u2013 vidimo se na sljede\u0107em putovanju!&nbsp;<\/div>\n<\/div>\n<div dir=\"auto\">&nbsp;<\/div>\n<div dir=\"auto\">\n\n<div class=\"ngg-galleryoverview ngg-slideshow\"\n\t id=\"ngg-slideshow-d4fe588704614c49e50b0de8da8cf925-17444311310\"\n     data-gallery-id=\"d4fe588704614c49e50b0de8da8cf925\"\n     style=\"max-width: 600px; max-height: 400px;\">\n\n \t<div id=\"ngg-image-0\" class=\"ngg-gallery-slideshow-image\" style=\"height:400px\">\n\n        <a href=\"https:\/\/knjiznice.nsk.hr\/ivanec\/wp-content\/uploads\/sites\/27\/nggallery\/ivana-vrcek-1\/682046874_966174179129444_2606431151742125334_n.jpg\"\n           title=\"\"\n           data-src=\"https:\/\/knjiznice.nsk.hr\/ivanec\/wp-content\/uploads\/sites\/27\/nggallery\/ivana-vrcek-1\/682046874_966174179129444_2606431151742125334_n.jpg\"\n           data-thumbnail=\"https:\/\/knjiznice.nsk.hr\/ivanec\/wp-content\/uploads\/sites\/27\/nggallery\/ivana-vrcek-1\/thumbs\/thumbs_682046874_966174179129444_2606431151742125334_n.jpg\"\n           data-image-id=\"120\"\n           data-title=\"682046874_966174179129444_2606431151742125334_n\"\n           data-description=\"\"\n           class=\"ngg-fancybox\" rel=\"d4fe588704614c49e50b0de8da8cf925\">\n\n            <img data-image-id='120'\n                 title=\"\"\n                 alt=\"682046874_966174179129444_2606431151742125334_n\"\n                 src=\"https:\/\/knjiznice.nsk.hr\/ivanec\/wp-content\/uploads\/sites\/27\/nggallery\/ivana-vrcek-1\/682046874_966174179129444_2606431151742125334_n.jpg\"\n                 style=\"max-height: 380px;\"\/>\n        <\/a>\n\n        <\/div> \n<div id=\"ngg-image-1\" class=\"ngg-gallery-slideshow-image\" style=\"height:400px\">\n\n        <a href=\"https:\/\/knjiznice.nsk.hr\/ivanec\/wp-content\/uploads\/sites\/27\/nggallery\/ivana-vrcek-1\/680011296_966174285796100_270756286684486031_n.jpg\"\n           title=\"\"\n           data-src=\"https:\/\/knjiznice.nsk.hr\/ivanec\/wp-content\/uploads\/sites\/27\/nggallery\/ivana-vrcek-1\/680011296_966174285796100_270756286684486031_n.jpg\"\n           data-thumbnail=\"https:\/\/knjiznice.nsk.hr\/ivanec\/wp-content\/uploads\/sites\/27\/nggallery\/ivana-vrcek-1\/thumbs\/thumbs_680011296_966174285796100_270756286684486031_n.jpg\"\n           data-image-id=\"121\"\n           data-title=\"680011296_966174285796100_270756286684486031_n\"\n           data-description=\"\"\n           class=\"ngg-fancybox\" rel=\"d4fe588704614c49e50b0de8da8cf925\">\n\n            <img data-image-id='121'\n                 title=\"\"\n                 alt=\"680011296_966174285796100_270756286684486031_n\"\n                 src=\"https:\/\/knjiznice.nsk.hr\/ivanec\/wp-content\/uploads\/sites\/27\/nggallery\/ivana-vrcek-1\/680011296_966174285796100_270756286684486031_n.jpg\"\n                 style=\"max-height: 380px;\"\/>\n        <\/a>\n\n        <\/div> \n<div id=\"ngg-image-2\" class=\"ngg-gallery-slideshow-image\" style=\"height:400px\">\n\n        <a href=\"https:\/\/knjiznice.nsk.hr\/ivanec\/wp-content\/uploads\/sites\/27\/nggallery\/ivana-vrcek-1\/683011504_966174219129440_3039370860710327947_n.jpg\"\n           title=\"\"\n           data-src=\"https:\/\/knjiznice.nsk.hr\/ivanec\/wp-content\/uploads\/sites\/27\/nggallery\/ivana-vrcek-1\/683011504_966174219129440_3039370860710327947_n.jpg\"\n           data-thumbnail=\"https:\/\/knjiznice.nsk.hr\/ivanec\/wp-content\/uploads\/sites\/27\/nggallery\/ivana-vrcek-1\/thumbs\/thumbs_683011504_966174219129440_3039370860710327947_n.jpg\"\n           data-image-id=\"122\"\n           data-title=\"683011504_966174219129440_3039370860710327947_n\"\n           data-description=\"\"\n           class=\"ngg-fancybox\" rel=\"d4fe588704614c49e50b0de8da8cf925\">\n\n            <img data-image-id='122'\n                 title=\"\"\n                 alt=\"683011504_966174219129440_3039370860710327947_n\"\n                 src=\"https:\/\/knjiznice.nsk.hr\/ivanec\/wp-content\/uploads\/sites\/27\/nggallery\/ivana-vrcek-1\/683011504_966174219129440_3039370860710327947_n.jpg\"\n                 style=\"max-height: 380px;\"\/>\n        <\/a>\n\n        <\/div> \n<\/div>\n\n\n\t\t<!-- Thumbnails Link -->\n\t<div class=\"slideshowlink\" style=\"max-width: 600px;\">\n        <a href='https:\/\/knjiznice.nsk.hr\/ivanec\/2026\/04\/27\/noc-knjige-2026\/nggallery\/thumbnails'>[Show thumbnails]<\/a>\n\t<\/div>\n\n<\/div>\n","protected":false},"excerpt":{"rendered":"<p>NO\u0106 KNJIGE 2026. U IVANCU&nbsp; &nbsp; U organizaciji Gradske knji\u017enice Ivanec, u sklopu Let\u2019s travel projekta i uz gostovanje prof. Ivane Vr\u010dek, obilje\u017eili smo No\u0107 knjige inspirativnim putopisnim predavanjem pod nazivom \u201e\u010cetiri grada, \u010detiri karaktera: arhitektura, kultura i tradicija pubova\u201c. &nbsp; Pred prepunim amfiteatrom Srednje \u0161kole Ivanec, prof. Ivana Vr\u010dek povela nas je na nezaboravno [&hellip;]<\/p>\n","protected":false},"author":23,"featured_media":0,"comment_status":"closed","ping_status":"closed","sticky":false,"template":"","format":"standard","meta":{"ngg_post_thumbnail":0},"categories":[1],"tags":[],"yoast_head":"<!-- This site is optimized with the Yoast SEO plugin v16.4 - https:\/\/yoast.com\/wordpress\/plugins\/seo\/ -->\n<meta name=\"robots\" content=\"index, follow, max-snippet:-1, max-image-preview:large, max-video-preview:-1\" \/>\n<link rel=\"canonical\" href=\"http:\/\/knjiznice.nsk.hr\/ivanec\/2026\/04\/27\/noc-knjige-2026\/\" \/>\n<meta property=\"og:locale\" content=\"hr_HR\" \/>\n<meta property=\"og:type\" content=\"article\" \/>\n<meta property=\"og:title\" content=\"NO\u0106 KNJIGE 2026. - Gradska knji\u017enica i \u010ditaonica &quot;Gustav Krklec&quot; Ivanec\" \/>\n<meta property=\"og:description\" content=\"NO\u0106 KNJIGE 2026. U IVANCU&nbsp; &nbsp; U organizaciji Gradske knji\u017enice Ivanec, u sklopu Let\u2019s travel projekta i uz gostovanje prof. Ivane Vr\u010dek, obilje\u017eili smo No\u0107 knjige inspirativnim putopisnim predavanjem pod nazivom \u201e\u010cetiri grada, \u010detiri karaktera: arhitektura, kultura i tradicija pubova\u201c. &nbsp; Pred prepunim amfiteatrom Srednje \u0161kole Ivanec, prof. Ivana Vr\u010dek povela nas je na nezaboravno [&hellip;]\" \/>\n<meta property=\"og:url\" content=\"http:\/\/knjiznice.nsk.hr\/ivanec\/2026\/04\/27\/noc-knjige-2026\/\" \/>\n<meta property=\"og:site_name\" content=\"Gradska knji\u017enica i \u010ditaonica &quot;Gustav Krklec&quot; Ivanec\" \/>\n<meta property=\"article:published_time\" content=\"2026-04-27T12:20:30+00:00\" \/>\n<meta property=\"article:modified_time\" content=\"2026-04-27T12:25:08+00:00\" \/>\n<meta name=\"twitter:label1\" content=\"Procijenjeno vrijeme \u010ditanja\" \/>\n\t<meta name=\"twitter:data1\" content=\"1 minuta\" \/>\n<script type=\"application\/ld+json\" class=\"yoast-schema-graph\">{\"@context\":\"https:\/\/schema.org\",\"@graph\":[{\"@type\":\"WebSite\",\"@id\":\"https:\/\/knjiznice.nsk.hr\/ivanec\/#website\",\"url\":\"https:\/\/knjiznice.nsk.hr\/ivanec\/\",\"name\":\"Gradska knji\\u017enica i \\u010ditaonica &quot;Gustav Krklec&quot; Ivanec\",\"description\":\"Djeca koja \\u010ditaju postaju ljudi koji misle.\",\"potentialAction\":[{\"@type\":\"SearchAction\",\"target\":\"https:\/\/knjiznice.nsk.hr\/ivanec\/?s={search_term_string}\",\"query-input\":\"required name=search_term_string\"}],\"inLanguage\":\"hr\"},{\"@type\":\"WebPage\",\"@id\":\"http:\/\/knjiznice.nsk.hr\/ivanec\/2026\/04\/27\/noc-knjige-2026\/#webpage\",\"url\":\"http:\/\/knjiznice.nsk.hr\/ivanec\/2026\/04\/27\/noc-knjige-2026\/\",\"name\":\"NO\\u0106 KNJIGE 2026. - Gradska knji\\u017enica i \\u010ditaonica &quot;Gustav Krklec&quot; Ivanec\",\"isPartOf\":{\"@id\":\"https:\/\/knjiznice.nsk.hr\/ivanec\/#website\"},\"datePublished\":\"2026-04-27T12:20:30+00:00\",\"dateModified\":\"2026-04-27T12:25:08+00:00\",\"author\":{\"@id\":\"https:\/\/knjiznice.nsk.hr\/ivanec\/#\/schema\/person\/ecbb5b0c3a999e35a26d0dd923fe370e\"},\"breadcrumb\":{\"@id\":\"http:\/\/knjiznice.nsk.hr\/ivanec\/2026\/04\/27\/noc-knjige-2026\/#breadcrumb\"},\"inLanguage\":\"hr\",\"potentialAction\":[{\"@type\":\"ReadAction\",\"target\":[\"http:\/\/knjiznice.nsk.hr\/ivanec\/2026\/04\/27\/noc-knjige-2026\/\"]}]},{\"@type\":\"BreadcrumbList\",\"@id\":\"http:\/\/knjiznice.nsk.hr\/ivanec\/2026\/04\/27\/noc-knjige-2026\/#breadcrumb\",\"itemListElement\":[{\"@type\":\"ListItem\",\"position\":1,\"item\":{\"@type\":\"WebPage\",\"@id\":\"https:\/\/knjiznice.nsk.hr\/ivanec\/\",\"url\":\"https:\/\/knjiznice.nsk.hr\/ivanec\/\",\"name\":\"Po\\u010detna stranica\"}},{\"@type\":\"ListItem\",\"position\":2,\"item\":{\"@id\":\"http:\/\/knjiznice.nsk.hr\/ivanec\/2026\/04\/27\/noc-knjige-2026\/#webpage\"}}]},{\"@type\":\"Person\",\"@id\":\"https:\/\/knjiznice.nsk.hr\/ivanec\/#\/schema\/person\/ecbb5b0c3a999e35a26d0dd923fe370e\",\"name\":\"ivanec\",\"image\":{\"@type\":\"ImageObject\",\"@id\":\"https:\/\/knjiznice.nsk.hr\/ivanec\/#personlogo\",\"inLanguage\":\"hr\",\"url\":\"https:\/\/secure.gravatar.com\/avatar\/d5fc957cc8dec40235cc889596c874f3?s=96&d=mm&r=g\",\"contentUrl\":\"https:\/\/secure.gravatar.com\/avatar\/d5fc957cc8dec40235cc889596c874f3?s=96&d=mm&r=g\",\"caption\":\"ivanec\"},\"url\":\"https:\/\/knjiznice.nsk.hr\/ivanec\/\"}]}<\/script>\n<!-- \/ Yoast SEO plugin. -->","_links":{"self":[{"href":"https:\/\/knjiznice.nsk.hr\/ivanec\/wp-json\/wp\/v2\/posts\/2607"}],"collection":[{"href":"https:\/\/knjiznice.nsk.hr\/ivanec\/wp-json\/wp\/v2\/posts"}],"about":[{"href":"https:\/\/knjiznice.nsk.hr\/ivanec\/wp-json\/wp\/v2\/types\/post"}],"author":[{"embeddable":true,"href":"https:\/\/knjiznice.nsk.hr\/ivanec\/wp-json\/wp\/v2\/users\/23"}],"replies":[{"embeddable":true,"href":"https:\/\/knjiznice.nsk.hr\/ivanec\/wp-json\/wp\/v2\/comments?post=2607"}],"version-history":[{"count":4,"href":"https:\/\/knjiznice.nsk.hr\/ivanec\/wp-json\/wp\/v2\/posts\/2607\/revisions"}],"predecessor-version":[{"id":2626,"href":"https:\/\/knjiznice.nsk.hr\/ivanec\/wp-json\/wp\/v2\/posts\/2607\/revisions\/2626"}],"wp:attachment":[{"href":"https:\/\/knjiznice.nsk.hr\/ivanec\/wp-json\/wp\/v2\/media?parent=2607"}],"wp:term":[{"taxonomy":"category","embeddable":true,"href":"https:\/\/knjiznice.nsk.hr\/ivanec\/wp-json\/wp\/v2\/categories?post=2607"},{"taxonomy":"post_tag","embeddable":true,"href":"https:\/\/knjiznice.nsk.hr\/ivanec\/wp-json\/wp\/v2\/tags?post=2607"}],"curies":[{"name":"wp","href":"https:\/\/api.w.org\/{rel}","templated":true}]}}