{"id":2500,"date":"2026-02-02T17:17:39","date_gmt":"2026-02-02T17:17:39","guid":{"rendered":"http:\/\/knjiznice.nsk.hr\/ivanec\/?p=2500"},"modified":"2026-02-12T14:55:03","modified_gmt":"2026-02-12T14:55:03","slug":"zeljka-jagetic-novi-horizonti-virtualna-izlozba","status":"publish","type":"post","link":"https:\/\/knjiznice.nsk.hr\/ivanec\/2026\/02\/02\/zeljka-jagetic-novi-horizonti-virtualna-izlozba\/","title":{"rendered":"\u017dELJKA JAGETI\u0106 &#8220;NOVI HORIZONTI&#8221; &#8211; VIRTUALNA IZLO\u017dBA"},"content":{"rendered":"<p>&nbsp;<\/p>\n<p>\u017dELJKA JAGETI\u0106 &#8220;NOVI HORIZONTI&#8221;<\/p>\n<p>Peta virtualna izlo\u017eba u Gradskoj knji\u017enici Ivanec!<\/p>\n<p>Na\u0161a knji\u017enica ponovno donosi umjetnost u digitalni svijet! &nbsp;<\/p>\n<p>&nbsp;18.11. otvorili smo izlo\u017ebu \u017deljke Jageti\u0107 \u2013 \u201eNovi horizonti\u201c, a zbog velikog interesa sada je dostupna i u virtualnom obliku. Sada je mogu\u0107e u\u017eivati u njenim radovima bilo kada i bilo gdje! <span class=\"html-span xexx8yu xyri2b x18d9i69 x1c1uobl x1hl2dhg x16tdsg8 x1vvkbs x3nfvp2 x1j61x8r x1fcty0u xdj266r xat24cr xm2jcoa x1mpyi22 xxymvpz xlup9mm x1kky2od\">&nbsp;Virtualna izlo\u017eba daje umjetnosti potpuno novu dimenziju \u2013 istra\u017eite kreativni svijet \u017deljke Jageti\u0107 iz udobnosti svog doma. <\/span><\/p>\n<p><a href=\"http:\/\/knjiznice.nsk.hr\/ivanec\/wp-content\/uploads\/sites\/27\/2026\/02\/Snimka-zaslona-2026-02-02-181519.png\"><img loading=\"lazy\" class=\"wp-image-2501 aligncenter\" src=\"http:\/\/knjiznice.nsk.hr\/ivanec\/wp-content\/uploads\/sites\/27\/2026\/02\/Snimka-zaslona-2026-02-02-181519-216x300.png\" alt=\"\" width=\"312\" height=\"433\" srcset=\"https:\/\/knjiznice.nsk.hr\/ivanec\/wp-content\/uploads\/sites\/27\/2026\/02\/Snimka-zaslona-2026-02-02-181519-216x300.png 216w, https:\/\/knjiznice.nsk.hr\/ivanec\/wp-content\/uploads\/sites\/27\/2026\/02\/Snimka-zaslona-2026-02-02-181519-600x834.png 600w, https:\/\/knjiznice.nsk.hr\/ivanec\/wp-content\/uploads\/sites\/27\/2026\/02\/Snimka-zaslona-2026-02-02-181519.png 666w\" sizes=\"(max-width: 312px) 100vw, 312px\" \/><\/a><\/p>\n<p style=\"text-align: center\"><a href=\"https:\/\/shorturl.at\/Mk13s\"><strong>POVEZNICA<\/strong><\/a><\/p>\n","protected":false},"excerpt":{"rendered":"<p>&nbsp; \u017dELJKA JAGETI\u0106 &#8220;NOVI HORIZONTI&#8221; Peta virtualna izlo\u017eba u Gradskoj knji\u017enici Ivanec! Na\u0161a knji\u017enica ponovno donosi umjetnost u digitalni svijet! &nbsp; &nbsp;18.11. otvorili smo izlo\u017ebu \u017deljke Jageti\u0107 \u2013 \u201eNovi horizonti\u201c, a zbog velikog interesa sada je dostupna i u virtualnom obliku. Sada je mogu\u0107e u\u017eivati u njenim radovima bilo kada i bilo gdje! &nbsp;Virtualna izlo\u017eba [&hellip;]<\/p>\n","protected":false},"author":23,"featured_media":0,"comment_status":"closed","ping_status":"closed","sticky":false,"template":"","format":"standard","meta":{"ngg_post_thumbnail":0},"categories":[1],"tags":[],"yoast_head":"<!-- This site is optimized with the Yoast SEO plugin v16.4 - https:\/\/yoast.com\/wordpress\/plugins\/seo\/ -->\n<meta name=\"robots\" content=\"index, follow, max-snippet:-1, max-image-preview:large, max-video-preview:-1\" \/>\n<link rel=\"canonical\" href=\"https:\/\/knjiznice.nsk.hr\/ivanec\/2026\/02\/02\/zeljka-jagetic-novi-horizonti-virtualna-izlozba\/\" \/>\n<meta property=\"og:locale\" content=\"hr_HR\" \/>\n<meta property=\"og:type\" content=\"article\" \/>\n<meta property=\"og:title\" content=\"\u017dELJKA JAGETI\u0106 &quot;NOVI HORIZONTI&quot; - VIRTUALNA IZLO\u017dBA - Gradska knji\u017enica i \u010ditaonica &quot;Gustav Krklec&quot; Ivanec\" \/>\n<meta property=\"og:description\" content=\"&nbsp; \u017dELJKA JAGETI\u0106 &#8220;NOVI HORIZONTI&#8221; Peta virtualna izlo\u017eba u Gradskoj knji\u017enici Ivanec! Na\u0161a knji\u017enica ponovno donosi umjetnost u digitalni svijet! &nbsp; &nbsp;18.11. otvorili smo izlo\u017ebu \u017deljke Jageti\u0107 \u2013 \u201eNovi horizonti\u201c, a zbog velikog interesa sada je dostupna i u virtualnom obliku. Sada je mogu\u0107e u\u017eivati u njenim radovima bilo kada i bilo gdje! &nbsp;Virtualna izlo\u017eba [&hellip;]\" \/>\n<meta property=\"og:url\" content=\"https:\/\/knjiznice.nsk.hr\/ivanec\/2026\/02\/02\/zeljka-jagetic-novi-horizonti-virtualna-izlozba\/\" \/>\n<meta property=\"og:site_name\" content=\"Gradska knji\u017enica i \u010ditaonica &quot;Gustav Krklec&quot; Ivanec\" \/>\n<meta property=\"article:published_time\" content=\"2026-02-02T17:17:39+00:00\" \/>\n<meta property=\"article:modified_time\" content=\"2026-02-12T14:55:03+00:00\" \/>\n<meta property=\"og:image\" content=\"http:\/\/knjiznice.nsk.hr\/ivanec\/wp-content\/uploads\/sites\/27\/2026\/02\/Snimka-zaslona-2026-02-02-181519-216x300.png\" \/>\n<meta name=\"twitter:label1\" content=\"Procijenjeno vrijeme \u010ditanja\" \/>\n\t<meta name=\"twitter:data1\" content=\"1 minuta\" \/>\n<script type=\"application\/ld+json\" class=\"yoast-schema-graph\">{\"@context\":\"https:\/\/schema.org\",\"@graph\":[{\"@type\":\"WebSite\",\"@id\":\"http:\/\/knjiznice.nsk.hr\/ivanec\/#website\",\"url\":\"http:\/\/knjiznice.nsk.hr\/ivanec\/\",\"name\":\"Gradska knji\\u017enica i \\u010ditaonica &quot;Gustav Krklec&quot; Ivanec\",\"description\":\"Djeca koja \\u010ditaju postaju ljudi koji misle.\",\"potentialAction\":[{\"@type\":\"SearchAction\",\"target\":\"http:\/\/knjiznice.nsk.hr\/ivanec\/?s={search_term_string}\",\"query-input\":\"required name=search_term_string\"}],\"inLanguage\":\"hr\"},{\"@type\":\"ImageObject\",\"@id\":\"https:\/\/knjiznice.nsk.hr\/ivanec\/2026\/02\/02\/zeljka-jagetic-novi-horizonti-virtualna-izlozba\/#primaryimage\",\"inLanguage\":\"hr\",\"url\":\"http:\/\/knjiznice.nsk.hr\/ivanec\/wp-content\/uploads\/sites\/27\/2026\/02\/Snimka-zaslona-2026-02-02-181519-216x300.png\",\"contentUrl\":\"http:\/\/knjiznice.nsk.hr\/ivanec\/wp-content\/uploads\/sites\/27\/2026\/02\/Snimka-zaslona-2026-02-02-181519-216x300.png\"},{\"@type\":\"WebPage\",\"@id\":\"https:\/\/knjiznice.nsk.hr\/ivanec\/2026\/02\/02\/zeljka-jagetic-novi-horizonti-virtualna-izlozba\/#webpage\",\"url\":\"https:\/\/knjiznice.nsk.hr\/ivanec\/2026\/02\/02\/zeljka-jagetic-novi-horizonti-virtualna-izlozba\/\",\"name\":\"\\u017dELJKA JAGETI\\u0106 \\\"NOVI HORIZONTI\\\" - VIRTUALNA IZLO\\u017dBA - Gradska knji\\u017enica i \\u010ditaonica &quot;Gustav Krklec&quot; Ivanec\",\"isPartOf\":{\"@id\":\"http:\/\/knjiznice.nsk.hr\/ivanec\/#website\"},\"primaryImageOfPage\":{\"@id\":\"https:\/\/knjiznice.nsk.hr\/ivanec\/2026\/02\/02\/zeljka-jagetic-novi-horizonti-virtualna-izlozba\/#primaryimage\"},\"datePublished\":\"2026-02-02T17:17:39+00:00\",\"dateModified\":\"2026-02-12T14:55:03+00:00\",\"author\":{\"@id\":\"http:\/\/knjiznice.nsk.hr\/ivanec\/#\/schema\/person\/ecbb5b0c3a999e35a26d0dd923fe370e\"},\"breadcrumb\":{\"@id\":\"https:\/\/knjiznice.nsk.hr\/ivanec\/2026\/02\/02\/zeljka-jagetic-novi-horizonti-virtualna-izlozba\/#breadcrumb\"},\"inLanguage\":\"hr\",\"potentialAction\":[{\"@type\":\"ReadAction\",\"target\":[\"https:\/\/knjiznice.nsk.hr\/ivanec\/2026\/02\/02\/zeljka-jagetic-novi-horizonti-virtualna-izlozba\/\"]}]},{\"@type\":\"BreadcrumbList\",\"@id\":\"https:\/\/knjiznice.nsk.hr\/ivanec\/2026\/02\/02\/zeljka-jagetic-novi-horizonti-virtualna-izlozba\/#breadcrumb\",\"itemListElement\":[{\"@type\":\"ListItem\",\"position\":1,\"item\":{\"@type\":\"WebPage\",\"@id\":\"http:\/\/knjiznice.nsk.hr\/ivanec\/\",\"url\":\"http:\/\/knjiznice.nsk.hr\/ivanec\/\",\"name\":\"Po\\u010detna stranica\"}},{\"@type\":\"ListItem\",\"position\":2,\"item\":{\"@id\":\"https:\/\/knjiznice.nsk.hr\/ivanec\/2026\/02\/02\/zeljka-jagetic-novi-horizonti-virtualna-izlozba\/#webpage\"}}]},{\"@type\":\"Person\",\"@id\":\"http:\/\/knjiznice.nsk.hr\/ivanec\/#\/schema\/person\/ecbb5b0c3a999e35a26d0dd923fe370e\",\"name\":\"ivanec\",\"image\":{\"@type\":\"ImageObject\",\"@id\":\"http:\/\/knjiznice.nsk.hr\/ivanec\/#personlogo\",\"inLanguage\":\"hr\",\"url\":\"https:\/\/secure.gravatar.com\/avatar\/d5fc957cc8dec40235cc889596c874f3?s=96&d=mm&r=g\",\"contentUrl\":\"https:\/\/secure.gravatar.com\/avatar\/d5fc957cc8dec40235cc889596c874f3?s=96&d=mm&r=g\",\"caption\":\"ivanec\"},\"url\":\"https:\/\/knjiznice.nsk.hr\/ivanec\/\"}]}<\/script>\n<!-- \/ Yoast SEO plugin. -->","_links":{"self":[{"href":"https:\/\/knjiznice.nsk.hr\/ivanec\/wp-json\/wp\/v2\/posts\/2500"}],"collection":[{"href":"https:\/\/knjiznice.nsk.hr\/ivanec\/wp-json\/wp\/v2\/posts"}],"about":[{"href":"https:\/\/knjiznice.nsk.hr\/ivanec\/wp-json\/wp\/v2\/types\/post"}],"author":[{"embeddable":true,"href":"https:\/\/knjiznice.nsk.hr\/ivanec\/wp-json\/wp\/v2\/users\/23"}],"replies":[{"embeddable":true,"href":"https:\/\/knjiznice.nsk.hr\/ivanec\/wp-json\/wp\/v2\/comments?post=2500"}],"version-history":[{"count":2,"href":"https:\/\/knjiznice.nsk.hr\/ivanec\/wp-json\/wp\/v2\/posts\/2500\/revisions"}],"predecessor-version":[{"id":2514,"href":"https:\/\/knjiznice.nsk.hr\/ivanec\/wp-json\/wp\/v2\/posts\/2500\/revisions\/2514"}],"wp:attachment":[{"href":"https:\/\/knjiznice.nsk.hr\/ivanec\/wp-json\/wp\/v2\/media?parent=2500"}],"wp:term":[{"taxonomy":"category","embeddable":true,"href":"https:\/\/knjiznice.nsk.hr\/ivanec\/wp-json\/wp\/v2\/categories?post=2500"},{"taxonomy":"post_tag","embeddable":true,"href":"https:\/\/knjiznice.nsk.hr\/ivanec\/wp-json\/wp\/v2\/tags?post=2500"}],"curies":[{"name":"wp","href":"https:\/\/api.w.org\/{rel}","templated":true}]}}