{"id":246,"date":"2016-02-23T10:04:27","date_gmt":"2016-02-23T10:04:27","guid":{"rendered":"http:\/\/knjiznice.nsk.hr\/ivanec\/?p=246"},"modified":"2016-02-23T10:10:16","modified_gmt":"2016-02-23T10:10:16","slug":"obavijest-o-promjeni-radnog-vremena","status":"publish","type":"post","link":"https:\/\/knjiznice.nsk.hr\/ivanec\/2016\/02\/23\/obavijest-o-promjeni-radnog-vremena\/","title":{"rendered":"Obavijest o promjeni radnog vremena"},"content":{"rendered":"<p><strong>ZBOG REVIZIJE KNJI\u017dNI\u010cNOG FONDA KNJI\u017dNICA \u0106E BITI ZATVORENA ZA KORISNIKE OD 7. DO 20. O\u017dUJKA 2016. GODINE<\/strong><\/p>\n<p><a href=\"http:\/\/knjiznice.nsk.hr\/ivanec\/wp-content\/uploads\/sites\/27\/2016\/02\/Revizija.jpg\" rel=\"attachment wp-att-248\"><img loading=\"lazy\" class=\" wp-image-248 aligncenter\" src=\"http:\/\/knjiznice.nsk.hr\/ivanec\/wp-content\/uploads\/sites\/27\/2016\/02\/Revizija-300x152.jpg\" alt=\"Revizija\" width=\"409\" height=\"207\" srcset=\"https:\/\/knjiznice.nsk.hr\/ivanec\/wp-content\/uploads\/sites\/27\/2016\/02\/Revizija-300x152.jpg 300w, https:\/\/knjiznice.nsk.hr\/ivanec\/wp-content\/uploads\/sites\/27\/2016\/02\/Revizija-768x390.jpg 768w, https:\/\/knjiznice.nsk.hr\/ivanec\/wp-content\/uploads\/sites\/27\/2016\/02\/Revizija-1024x520.jpg 1024w, https:\/\/knjiznice.nsk.hr\/ivanec\/wp-content\/uploads\/sites\/27\/2016\/02\/Revizija-600x305.jpg 600w\" sizes=\"(max-width: 409px) 100vw, 409px\" \/><\/a><\/p>\n<p>Ove godine Knji\u017enica i \u010ditaonica &#8220;Gustav Krklec&#8221; Ivanec obvezna je provesti redoviti postupak revizije i otpisa knji\u017eni\u010dne gra\u0111e prema Pravilniku o reviziji i otpisu knji\u017eni\u010dne gra\u0111e od 21. velja\u010de 2002. godine. S obzirom da je pred nama specifi\u010dan i zahtjevan posao (dnevno \u0107e postupkom revizije biti obuhva\u0107eno do 4000 knjiga), Knji\u017enica obavje\u0161tava svoje \u010dlanove da \u0107e biti zatvorena za korisnike u razdoblju od 07.03.2016. do 20.03.2016. godine. U tom periodu ne\u0107e se odvijati pri\u010daonice \u010detvrtkom. Molimo \u010dlanove Knji\u017enice da na vrijeme nabave potrebnu literaturu jer za vrijeme trajanja revizije to ne\u0107e biti mogu\u0107e. Molimo sve na\u0161e \u010dlanove i korisnike za razumijevanje i ujedno pozivamo sve zainteresirane volontere da nam se priklju\u010de i svojim radom doprinesu br\u017eem i kvalitetnijem postupku.<\/p>\n","protected":false},"excerpt":{"rendered":"<p>ZBOG REVIZIJE KNJI\u017dNI\u010cNOG FONDA KNJI\u017dNICA \u0106E BITI ZATVORENA ZA KORISNIKE OD 7. DO 20. O\u017dUJKA 2016. GODINE Ove godine Knji\u017enica i \u010ditaonica &#8220;Gustav Krklec&#8221; Ivanec obvezna je provesti redoviti postupak revizije i otpisa knji\u017eni\u010dne gra\u0111e prema Pravilniku o reviziji i otpisu knji\u017eni\u010dne gra\u0111e od 21. velja\u010de 2002. godine. S obzirom da je pred nama specifi\u010dan [&hellip;]<\/p>\n","protected":false},"author":23,"featured_media":0,"comment_status":"closed","ping_status":"closed","sticky":false,"template":"","format":"standard","meta":{"ngg_post_thumbnail":0},"categories":[1],"tags":[],"yoast_head":"<!-- This site is optimized with the Yoast SEO plugin v16.4 - https:\/\/yoast.com\/wordpress\/plugins\/seo\/ -->\n<meta name=\"robots\" content=\"index, follow, max-snippet:-1, max-image-preview:large, max-video-preview:-1\" \/>\n<link rel=\"canonical\" href=\"https:\/\/knjiznice.nsk.hr\/ivanec\/2016\/02\/23\/obavijest-o-promjeni-radnog-vremena\/\" \/>\n<meta property=\"og:locale\" content=\"hr_HR\" \/>\n<meta property=\"og:type\" content=\"article\" \/>\n<meta property=\"og:title\" content=\"Obavijest o promjeni radnog vremena - Gradska knji\u017enica i \u010ditaonica &quot;Gustav Krklec&quot; Ivanec\" \/>\n<meta property=\"og:description\" content=\"ZBOG REVIZIJE KNJI\u017dNI\u010cNOG FONDA KNJI\u017dNICA \u0106E BITI ZATVORENA ZA KORISNIKE OD 7. DO 20. O\u017dUJKA 2016. GODINE Ove godine Knji\u017enica i \u010ditaonica &#8220;Gustav Krklec&#8221; Ivanec obvezna je provesti redoviti postupak revizije i otpisa knji\u017eni\u010dne gra\u0111e prema Pravilniku o reviziji i otpisu knji\u017eni\u010dne gra\u0111e od 21. velja\u010de 2002. godine. S obzirom da je pred nama specifi\u010dan [&hellip;]\" \/>\n<meta property=\"og:url\" content=\"https:\/\/knjiznice.nsk.hr\/ivanec\/2016\/02\/23\/obavijest-o-promjeni-radnog-vremena\/\" \/>\n<meta property=\"og:site_name\" content=\"Gradska knji\u017enica i \u010ditaonica &quot;Gustav Krklec&quot; Ivanec\" \/>\n<meta property=\"article:published_time\" content=\"2016-02-23T10:04:27+00:00\" \/>\n<meta property=\"article:modified_time\" content=\"2016-02-23T10:10:16+00:00\" \/>\n<meta property=\"og:image\" content=\"http:\/\/knjiznice.nsk.hr\/ivanec\/wp-content\/uploads\/sites\/27\/2016\/02\/Revizija-300x152.jpg\" \/>\n<meta name=\"twitter:label1\" content=\"Procijenjeno vrijeme \u010ditanja\" \/>\n\t<meta name=\"twitter:data1\" content=\"1 minuta\" \/>\n<script type=\"application\/ld+json\" class=\"yoast-schema-graph\">{\"@context\":\"https:\/\/schema.org\",\"@graph\":[{\"@type\":\"WebSite\",\"@id\":\"http:\/\/knjiznice.nsk.hr\/ivanec\/#website\",\"url\":\"http:\/\/knjiznice.nsk.hr\/ivanec\/\",\"name\":\"Gradska knji\\u017enica i \\u010ditaonica &quot;Gustav Krklec&quot; Ivanec\",\"description\":\"Djeca koja \\u010ditaju postaju ljudi koji misle.\",\"potentialAction\":[{\"@type\":\"SearchAction\",\"target\":\"http:\/\/knjiznice.nsk.hr\/ivanec\/?s={search_term_string}\",\"query-input\":\"required name=search_term_string\"}],\"inLanguage\":\"hr\"},{\"@type\":\"ImageObject\",\"@id\":\"https:\/\/knjiznice.nsk.hr\/ivanec\/2016\/02\/23\/obavijest-o-promjeni-radnog-vremena\/#primaryimage\",\"inLanguage\":\"hr\",\"url\":\"http:\/\/knjiznice.nsk.hr\/ivanec\/wp-content\/uploads\/sites\/27\/2016\/02\/Revizija-300x152.jpg\",\"contentUrl\":\"http:\/\/knjiznice.nsk.hr\/ivanec\/wp-content\/uploads\/sites\/27\/2016\/02\/Revizija-300x152.jpg\"},{\"@type\":\"WebPage\",\"@id\":\"https:\/\/knjiznice.nsk.hr\/ivanec\/2016\/02\/23\/obavijest-o-promjeni-radnog-vremena\/#webpage\",\"url\":\"https:\/\/knjiznice.nsk.hr\/ivanec\/2016\/02\/23\/obavijest-o-promjeni-radnog-vremena\/\",\"name\":\"Obavijest o promjeni radnog vremena - Gradska knji\\u017enica i \\u010ditaonica &quot;Gustav Krklec&quot; Ivanec\",\"isPartOf\":{\"@id\":\"http:\/\/knjiznice.nsk.hr\/ivanec\/#website\"},\"primaryImageOfPage\":{\"@id\":\"https:\/\/knjiznice.nsk.hr\/ivanec\/2016\/02\/23\/obavijest-o-promjeni-radnog-vremena\/#primaryimage\"},\"datePublished\":\"2016-02-23T10:04:27+00:00\",\"dateModified\":\"2016-02-23T10:10:16+00:00\",\"author\":{\"@id\":\"http:\/\/knjiznice.nsk.hr\/ivanec\/#\/schema\/person\/ecbb5b0c3a999e35a26d0dd923fe370e\"},\"breadcrumb\":{\"@id\":\"https:\/\/knjiznice.nsk.hr\/ivanec\/2016\/02\/23\/obavijest-o-promjeni-radnog-vremena\/#breadcrumb\"},\"inLanguage\":\"hr\",\"potentialAction\":[{\"@type\":\"ReadAction\",\"target\":[\"https:\/\/knjiznice.nsk.hr\/ivanec\/2016\/02\/23\/obavijest-o-promjeni-radnog-vremena\/\"]}]},{\"@type\":\"BreadcrumbList\",\"@id\":\"https:\/\/knjiznice.nsk.hr\/ivanec\/2016\/02\/23\/obavijest-o-promjeni-radnog-vremena\/#breadcrumb\",\"itemListElement\":[{\"@type\":\"ListItem\",\"position\":1,\"item\":{\"@type\":\"WebPage\",\"@id\":\"http:\/\/knjiznice.nsk.hr\/ivanec\/\",\"url\":\"http:\/\/knjiznice.nsk.hr\/ivanec\/\",\"name\":\"Po\\u010detna stranica\"}},{\"@type\":\"ListItem\",\"position\":2,\"item\":{\"@id\":\"https:\/\/knjiznice.nsk.hr\/ivanec\/2016\/02\/23\/obavijest-o-promjeni-radnog-vremena\/#webpage\"}}]},{\"@type\":\"Person\",\"@id\":\"http:\/\/knjiznice.nsk.hr\/ivanec\/#\/schema\/person\/ecbb5b0c3a999e35a26d0dd923fe370e\",\"name\":\"ivanec\",\"image\":{\"@type\":\"ImageObject\",\"@id\":\"http:\/\/knjiznice.nsk.hr\/ivanec\/#personlogo\",\"inLanguage\":\"hr\",\"url\":\"https:\/\/secure.gravatar.com\/avatar\/d5fc957cc8dec40235cc889596c874f3?s=96&d=mm&r=g\",\"contentUrl\":\"https:\/\/secure.gravatar.com\/avatar\/d5fc957cc8dec40235cc889596c874f3?s=96&d=mm&r=g\",\"caption\":\"ivanec\"},\"url\":\"https:\/\/knjiznice.nsk.hr\/ivanec\/\"}]}<\/script>\n<!-- \/ Yoast SEO plugin. -->","_links":{"self":[{"href":"https:\/\/knjiznice.nsk.hr\/ivanec\/wp-json\/wp\/v2\/posts\/246"}],"collection":[{"href":"https:\/\/knjiznice.nsk.hr\/ivanec\/wp-json\/wp\/v2\/posts"}],"about":[{"href":"https:\/\/knjiznice.nsk.hr\/ivanec\/wp-json\/wp\/v2\/types\/post"}],"author":[{"embeddable":true,"href":"https:\/\/knjiznice.nsk.hr\/ivanec\/wp-json\/wp\/v2\/users\/23"}],"replies":[{"embeddable":true,"href":"https:\/\/knjiznice.nsk.hr\/ivanec\/wp-json\/wp\/v2\/comments?post=246"}],"version-history":[{"count":2,"href":"https:\/\/knjiznice.nsk.hr\/ivanec\/wp-json\/wp\/v2\/posts\/246\/revisions"}],"predecessor-version":[{"id":249,"href":"https:\/\/knjiznice.nsk.hr\/ivanec\/wp-json\/wp\/v2\/posts\/246\/revisions\/249"}],"wp:attachment":[{"href":"https:\/\/knjiznice.nsk.hr\/ivanec\/wp-json\/wp\/v2\/media?parent=246"}],"wp:term":[{"taxonomy":"category","embeddable":true,"href":"https:\/\/knjiznice.nsk.hr\/ivanec\/wp-json\/wp\/v2\/categories?post=246"},{"taxonomy":"post_tag","embeddable":true,"href":"https:\/\/knjiznice.nsk.hr\/ivanec\/wp-json\/wp\/v2\/tags?post=246"}],"curies":[{"name":"wp","href":"https:\/\/api.w.org\/{rel}","templated":true}]}}