{"id":2386,"date":"2025-11-19T08:50:41","date_gmt":"2025-11-19T08:50:41","guid":{"rendered":"http:\/\/knjiznice.nsk.hr\/ivanec\/?p=2386"},"modified":"2025-11-19T08:50:41","modified_gmt":"2025-11-19T08:50:41","slug":"zavrsna-priredba-draga-domaca-riec-2025","status":"publish","type":"post","link":"https:\/\/knjiznice.nsk.hr\/ivanec\/2025\/11\/19\/zavrsna-priredba-draga-domaca-riec-2025\/","title":{"rendered":"ZAVR\u0160NA PRIREDBA \u2013 DRAGA DOMA\u010cA RIE\u010c 2025."},"content":{"rendered":"<p><a href=\"http:\/\/knjiznice.nsk.hr\/ivanec\/wp-content\/uploads\/sites\/27\/2025\/11\/ddr2025.png\"><img loading=\"lazy\" class=\"wp-image-2387 aligncenter\" src=\"http:\/\/knjiznice.nsk.hr\/ivanec\/wp-content\/uploads\/sites\/27\/2025\/11\/ddr2025-213x300.png\" alt=\"\" width=\"378\" height=\"532\" srcset=\"https:\/\/knjiznice.nsk.hr\/ivanec\/wp-content\/uploads\/sites\/27\/2025\/11\/ddr2025-213x300.png 213w, https:\/\/knjiznice.nsk.hr\/ivanec\/wp-content\/uploads\/sites\/27\/2025\/11\/ddr2025-600x846.png 600w, https:\/\/knjiznice.nsk.hr\/ivanec\/wp-content\/uploads\/sites\/27\/2025\/11\/ddr2025.png 668w\" sizes=\"(max-width: 378px) 100vw, 378px\" \/><\/a><\/p>\n","protected":false},"excerpt":{"rendered":"","protected":false},"author":23,"featured_media":0,"comment_status":"closed","ping_status":"closed","sticky":false,"template":"","format":"standard","meta":{"ngg_post_thumbnail":0},"categories":[1],"tags":[],"yoast_head":"<!-- This site is optimized with the Yoast SEO plugin v16.4 - https:\/\/yoast.com\/wordpress\/plugins\/seo\/ -->\n<meta name=\"robots\" content=\"index, follow, max-snippet:-1, max-image-preview:large, max-video-preview:-1\" \/>\n<link rel=\"canonical\" href=\"https:\/\/knjiznice.nsk.hr\/ivanec\/2025\/11\/19\/zavrsna-priredba-draga-domaca-riec-2025\/\" \/>\n<meta property=\"og:locale\" content=\"hr_HR\" \/>\n<meta property=\"og:type\" content=\"article\" \/>\n<meta property=\"og:title\" content=\"ZAVR\u0160NA PRIREDBA \u2013 DRAGA DOMA\u010cA RIE\u010c 2025. - Gradska knji\u017enica i \u010ditaonica &quot;Gustav Krklec&quot; Ivanec\" \/>\n<meta property=\"og:url\" content=\"https:\/\/knjiznice.nsk.hr\/ivanec\/2025\/11\/19\/zavrsna-priredba-draga-domaca-riec-2025\/\" \/>\n<meta property=\"og:site_name\" content=\"Gradska knji\u017enica i \u010ditaonica &quot;Gustav Krklec&quot; Ivanec\" \/>\n<meta property=\"article:published_time\" content=\"2025-11-19T08:50:41+00:00\" \/>\n<meta property=\"og:image\" content=\"http:\/\/knjiznice.nsk.hr\/ivanec\/wp-content\/uploads\/sites\/27\/2025\/11\/ddr2025-213x300.png\" \/>\n<meta name=\"twitter:label1\" content=\"Procijenjeno vrijeme \u010ditanja\" \/>\n\t<meta name=\"twitter:data1\" content=\"1 minuta\" \/>\n<script type=\"application\/ld+json\" class=\"yoast-schema-graph\">{\"@context\":\"https:\/\/schema.org\",\"@graph\":[{\"@type\":\"WebSite\",\"@id\":\"http:\/\/knjiznice.nsk.hr\/ivanec\/#website\",\"url\":\"http:\/\/knjiznice.nsk.hr\/ivanec\/\",\"name\":\"Gradska knji\\u017enica i \\u010ditaonica &quot;Gustav Krklec&quot; Ivanec\",\"description\":\"Djeca koja \\u010ditaju postaju ljudi koji misle.\",\"potentialAction\":[{\"@type\":\"SearchAction\",\"target\":\"http:\/\/knjiznice.nsk.hr\/ivanec\/?s={search_term_string}\",\"query-input\":\"required name=search_term_string\"}],\"inLanguage\":\"hr\"},{\"@type\":\"ImageObject\",\"@id\":\"https:\/\/knjiznice.nsk.hr\/ivanec\/2025\/11\/19\/zavrsna-priredba-draga-domaca-riec-2025\/#primaryimage\",\"inLanguage\":\"hr\",\"url\":\"http:\/\/knjiznice.nsk.hr\/ivanec\/wp-content\/uploads\/sites\/27\/2025\/11\/ddr2025-213x300.png\",\"contentUrl\":\"http:\/\/knjiznice.nsk.hr\/ivanec\/wp-content\/uploads\/sites\/27\/2025\/11\/ddr2025-213x300.png\"},{\"@type\":\"WebPage\",\"@id\":\"https:\/\/knjiznice.nsk.hr\/ivanec\/2025\/11\/19\/zavrsna-priredba-draga-domaca-riec-2025\/#webpage\",\"url\":\"https:\/\/knjiznice.nsk.hr\/ivanec\/2025\/11\/19\/zavrsna-priredba-draga-domaca-riec-2025\/\",\"name\":\"ZAVR\\u0160NA PRIREDBA \\u2013 DRAGA DOMA\\u010cA RIE\\u010c 2025. - Gradska knji\\u017enica i \\u010ditaonica &quot;Gustav Krklec&quot; Ivanec\",\"isPartOf\":{\"@id\":\"http:\/\/knjiznice.nsk.hr\/ivanec\/#website\"},\"primaryImageOfPage\":{\"@id\":\"https:\/\/knjiznice.nsk.hr\/ivanec\/2025\/11\/19\/zavrsna-priredba-draga-domaca-riec-2025\/#primaryimage\"},\"datePublished\":\"2025-11-19T08:50:41+00:00\",\"dateModified\":\"2025-11-19T08:50:41+00:00\",\"author\":{\"@id\":\"http:\/\/knjiznice.nsk.hr\/ivanec\/#\/schema\/person\/ecbb5b0c3a999e35a26d0dd923fe370e\"},\"breadcrumb\":{\"@id\":\"https:\/\/knjiznice.nsk.hr\/ivanec\/2025\/11\/19\/zavrsna-priredba-draga-domaca-riec-2025\/#breadcrumb\"},\"inLanguage\":\"hr\",\"potentialAction\":[{\"@type\":\"ReadAction\",\"target\":[\"https:\/\/knjiznice.nsk.hr\/ivanec\/2025\/11\/19\/zavrsna-priredba-draga-domaca-riec-2025\/\"]}]},{\"@type\":\"BreadcrumbList\",\"@id\":\"https:\/\/knjiznice.nsk.hr\/ivanec\/2025\/11\/19\/zavrsna-priredba-draga-domaca-riec-2025\/#breadcrumb\",\"itemListElement\":[{\"@type\":\"ListItem\",\"position\":1,\"item\":{\"@type\":\"WebPage\",\"@id\":\"http:\/\/knjiznice.nsk.hr\/ivanec\/\",\"url\":\"http:\/\/knjiznice.nsk.hr\/ivanec\/\",\"name\":\"Po\\u010detna stranica\"}},{\"@type\":\"ListItem\",\"position\":2,\"item\":{\"@id\":\"https:\/\/knjiznice.nsk.hr\/ivanec\/2025\/11\/19\/zavrsna-priredba-draga-domaca-riec-2025\/#webpage\"}}]},{\"@type\":\"Person\",\"@id\":\"http:\/\/knjiznice.nsk.hr\/ivanec\/#\/schema\/person\/ecbb5b0c3a999e35a26d0dd923fe370e\",\"name\":\"ivanec\",\"image\":{\"@type\":\"ImageObject\",\"@id\":\"http:\/\/knjiznice.nsk.hr\/ivanec\/#personlogo\",\"inLanguage\":\"hr\",\"url\":\"https:\/\/secure.gravatar.com\/avatar\/d5fc957cc8dec40235cc889596c874f3?s=96&d=mm&r=g\",\"contentUrl\":\"https:\/\/secure.gravatar.com\/avatar\/d5fc957cc8dec40235cc889596c874f3?s=96&d=mm&r=g\",\"caption\":\"ivanec\"},\"url\":\"https:\/\/knjiznice.nsk.hr\/ivanec\/\"}]}<\/script>\n<!-- \/ Yoast SEO plugin. -->","_links":{"self":[{"href":"https:\/\/knjiznice.nsk.hr\/ivanec\/wp-json\/wp\/v2\/posts\/2386"}],"collection":[{"href":"https:\/\/knjiznice.nsk.hr\/ivanec\/wp-json\/wp\/v2\/posts"}],"about":[{"href":"https:\/\/knjiznice.nsk.hr\/ivanec\/wp-json\/wp\/v2\/types\/post"}],"author":[{"embeddable":true,"href":"https:\/\/knjiznice.nsk.hr\/ivanec\/wp-json\/wp\/v2\/users\/23"}],"replies":[{"embeddable":true,"href":"https:\/\/knjiznice.nsk.hr\/ivanec\/wp-json\/wp\/v2\/comments?post=2386"}],"version-history":[{"count":1,"href":"https:\/\/knjiznice.nsk.hr\/ivanec\/wp-json\/wp\/v2\/posts\/2386\/revisions"}],"predecessor-version":[{"id":2388,"href":"https:\/\/knjiznice.nsk.hr\/ivanec\/wp-json\/wp\/v2\/posts\/2386\/revisions\/2388"}],"wp:attachment":[{"href":"https:\/\/knjiznice.nsk.hr\/ivanec\/wp-json\/wp\/v2\/media?parent=2386"}],"wp:term":[{"taxonomy":"category","embeddable":true,"href":"https:\/\/knjiznice.nsk.hr\/ivanec\/wp-json\/wp\/v2\/categories?post=2386"},{"taxonomy":"post_tag","embeddable":true,"href":"https:\/\/knjiznice.nsk.hr\/ivanec\/wp-json\/wp\/v2\/tags?post=2386"}],"curies":[{"name":"wp","href":"https:\/\/api.w.org\/{rel}","templated":true}]}}