{"id":2363,"date":"2025-11-10T14:10:25","date_gmt":"2025-11-10T14:10:25","guid":{"rendered":"http:\/\/knjiznice.nsk.hr\/ivanec\/?p=2363"},"modified":"2025-11-10T14:20:48","modified_gmt":"2025-11-10T14:20:48","slug":"putovanje-kroz-afriku-u-ivancu","status":"publish","type":"post","link":"https:\/\/knjiznice.nsk.hr\/ivanec\/2025\/11\/10\/putovanje-kroz-afriku-u-ivancu\/","title":{"rendered":"PUTOVANJE KROZ AFRIKU U IVANCU!"},"content":{"rendered":"<p>U \u010detvrtak 6.11.2025. u amfiteatru Srednje \u0161kole Ivanec u\u017eivali smo u jo\u0161 jednom nezaboravnom putopisnom predavanju u organizaciji Gradske knji\u017enice Ivanec!<\/p>\n<p>Hvala na\u0161oj ve\u0107 dobro poznatoj ekipi <strong><em>Ivani, Romariju, Zoranu, Dini, Stjepanu i Mateji<\/em> <\/strong>koji su nas ponovno poveli na avanturu \u2013 ovaj put kroz Afriku.<\/p>\n<p><strong>Ivana i Zoran<\/strong> pripremili su fenomenalne prezentacije, a neke fotografije i snimke ostavile su nas bez daha. Zahvalni smo na iznimnoj i toploj energiji koju su na\u0161i predava\u010di donijeli sa sobom. \u017delimo im jo\u0161 puno novih avantura i osvojenih destinacija. Publiku je odu\u0161evila i izlo\u017eba<strong> \u201eTragovima Afrike\u201c<\/strong> autora <strong>Dine Branilovi\u0107a&nbsp;<\/strong> \u2014 \u010darobne radove inspirirane afri\u010dkim pejza\u017eima i \u017eivotinjama mo\u017eete razgledati i u prostoru Gradske knji\u017enice Ivanec sve do sredine prosinca!<\/p>\n<p>Posebnu zahvalu upu\u0107ujemo na\u0161im doma\u0107inima \u2013 Srednjoj \u0161koli Ivanec, ravnateljici Lidiji Kozini i knji\u017eni\u010darki Iskri Petak \u2013 na toplom gostoprimstvu i izvrsnoj suradnji.&nbsp;<\/p>\n<p>Iz Gradske knji\u017enice Ivanec poru\u010duju da putopisna predavanja ne\u0107e stati \u2013 nova su ve\u0107 u pripremi za sljede\u0107u godinu, no za sada ostaju mala tajna.&nbsp;<\/p>\n\n\n<div class=\"ngg-galleryoverview ngg-slideshow\"\n\t id=\"ngg-slideshow-e1db3f6932241525681a928c1dac2404-5908237290\"\n     data-gallery-id=\"e1db3f6932241525681a928c1dac2404\"\n     style=\"max-width: 600px; max-height: 400px;\">\n\n \t<div id=\"ngg-image-0\" class=\"ngg-gallery-slideshow-image\" style=\"height:400px\">\n\n        <a href=\"https:\/\/knjiznice.nsk.hr\/ivanec\/wp-content\/uploads\/sites\/27\/nggallery\/afrika\/Snimka-zaslona-2025-11-10-150302.png\"\n           title=\"\"\n           data-src=\"https:\/\/knjiznice.nsk.hr\/ivanec\/wp-content\/uploads\/sites\/27\/nggallery\/afrika\/Snimka-zaslona-2025-11-10-150302.png\"\n           data-thumbnail=\"https:\/\/knjiznice.nsk.hr\/ivanec\/wp-content\/uploads\/sites\/27\/nggallery\/afrika\/thumbs\/thumbs_Snimka-zaslona-2025-11-10-150302.png\"\n           data-image-id=\"91\"\n           data-title=\"Snimka-zaslona-2025-11-10-150302\"\n           data-description=\"\"\n           class=\"ngg-fancybox\" rel=\"e1db3f6932241525681a928c1dac2404\">\n\n            <img data-image-id='91'\n                 title=\"\"\n                 alt=\"Snimka-zaslona-2025-11-10-150302\"\n                 src=\"https:\/\/knjiznice.nsk.hr\/ivanec\/wp-content\/uploads\/sites\/27\/nggallery\/afrika\/Snimka-zaslona-2025-11-10-150302.png\"\n                 style=\"max-height: 380px;\"\/>\n        <\/a>\n\n        <\/div> \n<div id=\"ngg-image-1\" class=\"ngg-gallery-slideshow-image\" style=\"height:400px\">\n\n        <a href=\"https:\/\/knjiznice.nsk.hr\/ivanec\/wp-content\/uploads\/sites\/27\/nggallery\/afrika\/Snimka-zaslona-2025-11-10-150238.png\"\n           title=\"\"\n           data-src=\"https:\/\/knjiznice.nsk.hr\/ivanec\/wp-content\/uploads\/sites\/27\/nggallery\/afrika\/Snimka-zaslona-2025-11-10-150238.png\"\n           data-thumbnail=\"https:\/\/knjiznice.nsk.hr\/ivanec\/wp-content\/uploads\/sites\/27\/nggallery\/afrika\/thumbs\/thumbs_Snimka-zaslona-2025-11-10-150238.png\"\n           data-image-id=\"92\"\n           data-title=\"Snimka-zaslona-2025-11-10-150238\"\n           data-description=\"\"\n           class=\"ngg-fancybox\" rel=\"e1db3f6932241525681a928c1dac2404\">\n\n            <img data-image-id='92'\n                 title=\"\"\n                 alt=\"Snimka-zaslona-2025-11-10-150238\"\n                 src=\"https:\/\/knjiznice.nsk.hr\/ivanec\/wp-content\/uploads\/sites\/27\/nggallery\/afrika\/Snimka-zaslona-2025-11-10-150238.png\"\n                 style=\"max-height: 380px;\"\/>\n        <\/a>\n\n        <\/div> \n<div id=\"ngg-image-2\" class=\"ngg-gallery-slideshow-image\" style=\"height:400px\">\n\n        <a href=\"https:\/\/knjiznice.nsk.hr\/ivanec\/wp-content\/uploads\/sites\/27\/nggallery\/afrika\/Snimka-zaslona-2025-11-10-150251.png\"\n           title=\"\"\n           data-src=\"https:\/\/knjiznice.nsk.hr\/ivanec\/wp-content\/uploads\/sites\/27\/nggallery\/afrika\/Snimka-zaslona-2025-11-10-150251.png\"\n           data-thumbnail=\"https:\/\/knjiznice.nsk.hr\/ivanec\/wp-content\/uploads\/sites\/27\/nggallery\/afrika\/thumbs\/thumbs_Snimka-zaslona-2025-11-10-150251.png\"\n           data-image-id=\"93\"\n           data-title=\"Snimka-zaslona-2025-11-10-150251\"\n           data-description=\"\"\n           class=\"ngg-fancybox\" rel=\"e1db3f6932241525681a928c1dac2404\">\n\n            <img data-image-id='93'\n                 title=\"\"\n                 alt=\"Snimka-zaslona-2025-11-10-150251\"\n                 src=\"https:\/\/knjiznice.nsk.hr\/ivanec\/wp-content\/uploads\/sites\/27\/nggallery\/afrika\/Snimka-zaslona-2025-11-10-150251.png\"\n                 style=\"max-height: 380px;\"\/>\n        <\/a>\n\n        <\/div> \n<div id=\"ngg-image-3\" class=\"ngg-gallery-slideshow-image\" style=\"height:400px\">\n\n        <a href=\"https:\/\/knjiznice.nsk.hr\/ivanec\/wp-content\/uploads\/sites\/27\/nggallery\/afrika\/Snimka-zaslona-2025-11-10-150324.png\"\n           title=\"\"\n           data-src=\"https:\/\/knjiznice.nsk.hr\/ivanec\/wp-content\/uploads\/sites\/27\/nggallery\/afrika\/Snimka-zaslona-2025-11-10-150324.png\"\n           data-thumbnail=\"https:\/\/knjiznice.nsk.hr\/ivanec\/wp-content\/uploads\/sites\/27\/nggallery\/afrika\/thumbs\/thumbs_Snimka-zaslona-2025-11-10-150324.png\"\n           data-image-id=\"94\"\n           data-title=\"Snimka-zaslona-2025-11-10-150324\"\n           data-description=\"\"\n           class=\"ngg-fancybox\" rel=\"e1db3f6932241525681a928c1dac2404\">\n\n            <img data-image-id='94'\n                 title=\"\"\n                 alt=\"Snimka-zaslona-2025-11-10-150324\"\n                 src=\"https:\/\/knjiznice.nsk.hr\/ivanec\/wp-content\/uploads\/sites\/27\/nggallery\/afrika\/Snimka-zaslona-2025-11-10-150324.png\"\n                 style=\"max-height: 380px;\"\/>\n        <\/a>\n\n        <\/div> \n<\/div>\n\n\n\t\t<!-- Thumbnails Link -->\n\t<div class=\"slideshowlink\" style=\"max-width: 600px;\">\n        <a href='https:\/\/knjiznice.nsk.hr\/ivanec\/2025\/11\/10\/putovanje-kroz-afriku-u-ivancu\/nggallery\/thumbnails'>[Show thumbnails]<\/a>\n\t<\/div>\n\n\n","protected":false},"excerpt":{"rendered":"<p>U \u010detvrtak 6.11.2025. u amfiteatru Srednje \u0161kole Ivanec u\u017eivali smo u jo\u0161 jednom nezaboravnom putopisnom predavanju u organizaciji Gradske knji\u017enice Ivanec! Hvala na\u0161oj ve\u0107 dobro poznatoj ekipi Ivani, Romariju, Zoranu, Dini, Stjepanu i Mateji koji su nas ponovno poveli na avanturu \u2013 ovaj put kroz Afriku. Ivana i Zoran pripremili su fenomenalne prezentacije, a neke [&hellip;]<\/p>\n","protected":false},"author":23,"featured_media":0,"comment_status":"closed","ping_status":"closed","sticky":false,"template":"","format":"standard","meta":{"ngg_post_thumbnail":0},"categories":[1],"tags":[],"yoast_head":"<!-- This site is optimized with the Yoast SEO plugin v16.4 - https:\/\/yoast.com\/wordpress\/plugins\/seo\/ -->\n<meta name=\"robots\" content=\"index, follow, max-snippet:-1, max-image-preview:large, max-video-preview:-1\" \/>\n<link rel=\"canonical\" href=\"https:\/\/knjiznice.nsk.hr\/ivanec\/2025\/11\/10\/putovanje-kroz-afriku-u-ivancu\/\" \/>\n<meta property=\"og:locale\" content=\"hr_HR\" \/>\n<meta property=\"og:type\" content=\"article\" \/>\n<meta property=\"og:title\" content=\"PUTOVANJE KROZ AFRIKU U IVANCU! - Gradska knji\u017enica i \u010ditaonica &quot;Gustav Krklec&quot; Ivanec\" \/>\n<meta property=\"og:description\" content=\"U \u010detvrtak 6.11.2025. u amfiteatru Srednje \u0161kole Ivanec u\u017eivali smo u jo\u0161 jednom nezaboravnom putopisnom predavanju u organizaciji Gradske knji\u017enice Ivanec! Hvala na\u0161oj ve\u0107 dobro poznatoj ekipi Ivani, Romariju, Zoranu, Dini, Stjepanu i Mateji koji su nas ponovno poveli na avanturu \u2013 ovaj put kroz Afriku. Ivana i Zoran pripremili su fenomenalne prezentacije, a neke [&hellip;]\" \/>\n<meta property=\"og:url\" content=\"https:\/\/knjiznice.nsk.hr\/ivanec\/2025\/11\/10\/putovanje-kroz-afriku-u-ivancu\/\" \/>\n<meta property=\"og:site_name\" content=\"Gradska knji\u017enica i \u010ditaonica &quot;Gustav Krklec&quot; Ivanec\" \/>\n<meta property=\"article:published_time\" content=\"2025-11-10T14:10:25+00:00\" \/>\n<meta property=\"article:modified_time\" content=\"2025-11-10T14:20:48+00:00\" \/>\n<meta name=\"twitter:label1\" content=\"Procijenjeno vrijeme \u010ditanja\" \/>\n\t<meta name=\"twitter:data1\" content=\"1 minuta\" \/>\n<script type=\"application\/ld+json\" class=\"yoast-schema-graph\">{\"@context\":\"https:\/\/schema.org\",\"@graph\":[{\"@type\":\"WebSite\",\"@id\":\"http:\/\/knjiznice.nsk.hr\/ivanec\/#website\",\"url\":\"http:\/\/knjiznice.nsk.hr\/ivanec\/\",\"name\":\"Gradska knji\\u017enica i \\u010ditaonica &quot;Gustav Krklec&quot; Ivanec\",\"description\":\"Djeca koja \\u010ditaju postaju ljudi koji misle.\",\"potentialAction\":[{\"@type\":\"SearchAction\",\"target\":\"http:\/\/knjiznice.nsk.hr\/ivanec\/?s={search_term_string}\",\"query-input\":\"required name=search_term_string\"}],\"inLanguage\":\"hr\"},{\"@type\":\"WebPage\",\"@id\":\"https:\/\/knjiznice.nsk.hr\/ivanec\/2025\/11\/10\/putovanje-kroz-afriku-u-ivancu\/#webpage\",\"url\":\"https:\/\/knjiznice.nsk.hr\/ivanec\/2025\/11\/10\/putovanje-kroz-afriku-u-ivancu\/\",\"name\":\"PUTOVANJE KROZ AFRIKU U IVANCU! - Gradska knji\\u017enica i \\u010ditaonica &quot;Gustav Krklec&quot; Ivanec\",\"isPartOf\":{\"@id\":\"http:\/\/knjiznice.nsk.hr\/ivanec\/#website\"},\"datePublished\":\"2025-11-10T14:10:25+00:00\",\"dateModified\":\"2025-11-10T14:20:48+00:00\",\"author\":{\"@id\":\"http:\/\/knjiznice.nsk.hr\/ivanec\/#\/schema\/person\/ecbb5b0c3a999e35a26d0dd923fe370e\"},\"breadcrumb\":{\"@id\":\"https:\/\/knjiznice.nsk.hr\/ivanec\/2025\/11\/10\/putovanje-kroz-afriku-u-ivancu\/#breadcrumb\"},\"inLanguage\":\"hr\",\"potentialAction\":[{\"@type\":\"ReadAction\",\"target\":[\"https:\/\/knjiznice.nsk.hr\/ivanec\/2025\/11\/10\/putovanje-kroz-afriku-u-ivancu\/\"]}]},{\"@type\":\"BreadcrumbList\",\"@id\":\"https:\/\/knjiznice.nsk.hr\/ivanec\/2025\/11\/10\/putovanje-kroz-afriku-u-ivancu\/#breadcrumb\",\"itemListElement\":[{\"@type\":\"ListItem\",\"position\":1,\"item\":{\"@type\":\"WebPage\",\"@id\":\"http:\/\/knjiznice.nsk.hr\/ivanec\/\",\"url\":\"http:\/\/knjiznice.nsk.hr\/ivanec\/\",\"name\":\"Po\\u010detna stranica\"}},{\"@type\":\"ListItem\",\"position\":2,\"item\":{\"@id\":\"https:\/\/knjiznice.nsk.hr\/ivanec\/2025\/11\/10\/putovanje-kroz-afriku-u-ivancu\/#webpage\"}}]},{\"@type\":\"Person\",\"@id\":\"http:\/\/knjiznice.nsk.hr\/ivanec\/#\/schema\/person\/ecbb5b0c3a999e35a26d0dd923fe370e\",\"name\":\"ivanec\",\"image\":{\"@type\":\"ImageObject\",\"@id\":\"http:\/\/knjiznice.nsk.hr\/ivanec\/#personlogo\",\"inLanguage\":\"hr\",\"url\":\"https:\/\/secure.gravatar.com\/avatar\/d5fc957cc8dec40235cc889596c874f3?s=96&d=mm&r=g\",\"contentUrl\":\"https:\/\/secure.gravatar.com\/avatar\/d5fc957cc8dec40235cc889596c874f3?s=96&d=mm&r=g\",\"caption\":\"ivanec\"},\"url\":\"https:\/\/knjiznice.nsk.hr\/ivanec\/\"}]}<\/script>\n<!-- \/ Yoast SEO plugin. -->","_links":{"self":[{"href":"https:\/\/knjiznice.nsk.hr\/ivanec\/wp-json\/wp\/v2\/posts\/2363"}],"collection":[{"href":"https:\/\/knjiznice.nsk.hr\/ivanec\/wp-json\/wp\/v2\/posts"}],"about":[{"href":"https:\/\/knjiznice.nsk.hr\/ivanec\/wp-json\/wp\/v2\/types\/post"}],"author":[{"embeddable":true,"href":"https:\/\/knjiznice.nsk.hr\/ivanec\/wp-json\/wp\/v2\/users\/23"}],"replies":[{"embeddable":true,"href":"https:\/\/knjiznice.nsk.hr\/ivanec\/wp-json\/wp\/v2\/comments?post=2363"}],"version-history":[{"count":7,"href":"https:\/\/knjiznice.nsk.hr\/ivanec\/wp-json\/wp\/v2\/posts\/2363\/revisions"}],"predecessor-version":[{"id":2379,"href":"https:\/\/knjiznice.nsk.hr\/ivanec\/wp-json\/wp\/v2\/posts\/2363\/revisions\/2379"}],"wp:attachment":[{"href":"https:\/\/knjiznice.nsk.hr\/ivanec\/wp-json\/wp\/v2\/media?parent=2363"}],"wp:term":[{"taxonomy":"category","embeddable":true,"href":"https:\/\/knjiznice.nsk.hr\/ivanec\/wp-json\/wp\/v2\/categories?post=2363"},{"taxonomy":"post_tag","embeddable":true,"href":"https:\/\/knjiznice.nsk.hr\/ivanec\/wp-json\/wp\/v2\/tags?post=2363"}],"curies":[{"name":"wp","href":"https:\/\/api.w.org\/{rel}","templated":true}]}}