{"id":2096,"date":"2025-02-21T08:53:36","date_gmt":"2025-02-21T08:53:36","guid":{"rendered":"http:\/\/knjiznice.nsk.hr\/ivanec\/?p=2096"},"modified":"2025-02-21T10:36:26","modified_gmt":"2025-02-21T10:36:26","slug":"izlozba-fotografija-costa-rica-by-domagoj-sever","status":"publish","type":"post","link":"https:\/\/knjiznice.nsk.hr\/ivanec\/2025\/02\/21\/izlozba-fotografija-costa-rica-by-domagoj-sever\/","title":{"rendered":"IZLO\u017dBA FOTOGRAFIJA &#8220;COSTA RICA by DOMAGOJ SEVER&#8221;"},"content":{"rendered":"<p data-start=\"0\" data-end=\"72\"><strong data-start=\"0\" data-end=\"70\">&nbsp;Izlo\u017eba fotografija &#8220;COSTA RICA&#8221; u Gradskoj knji\u017enici Ivanec&nbsp;<\/strong><\/p>\n<p data-start=\"74\" data-end=\"263\">Gradska knji\u017enica Ivanec s ponosom vas poziva na izlo\u017ebu fotografija <strong data-start=\"143\" data-end=\"159\">&#8220;Costa Rica&#8221;<\/strong>, autora <strong data-start=\"168\" data-end=\"187\">Domagoja Severa<\/strong>, koja \u0107e biti dostupna za razgledavanje od <strong data-start=\"231\" data-end=\"260\">24. velja\u010de do 24. o\u017eujka<\/strong>.<\/p>\n<p data-start=\"74\" data-end=\"263\">Domagoj Sever, strastveni putnik i talentirani fotograf, svojim objektivom bilje\u017ei ljepote svijeta, a ovoga puta donosi nam o\u010daravaju\u0107e prizore netaknute prirode, egzoti\u010dne flore i faune te \u017eivopisnih pejza\u017ea Kostarike. Njegove fotografije ne prikazuju samo destinacije, ve\u0107 pri\u010daju pri\u010de o dalekim krajevima, ljudima i njihovim kulturama.<\/p>\n<p data-start=\"641\" data-end=\"899\">&#x1f4cd; <strong data-start=\"644\" data-end=\"653\">Gdje?<\/strong> Gradska knji\u017enica Ivanec<br data-start=\"678\" data-end=\"681\">&#x1f5d3; <strong data-start=\"684\" data-end=\"693\">Kada?<\/strong> 24. velja\u010de \u2013 24. o\u017eujka<br data-start=\"718\" data-end=\"721\" data-is-only-node=\"\">&#x23f0; <strong data-start=\"723\" data-end=\"735\">Vrijeme?<\/strong> Svakim radnim danom tijekom radnog vremena knji\u017enice<br data-start=\"788\" data-end=\"791\">&#x1f310;<strong data-start=\"794\" data-end=\"834\">Virtualna izlo\u017eba dostupna online!<\/strong> Skenirajte QR kod na plakatu i u\u017eivajte u digitalnoj galeriji!<\/p>\n<p data-start=\"901\" data-end=\"978\" data-is-last-node=\"\" data-is-only-node=\"\">Ne propustite priliku do\u017eivjeti Kostariku kroz objektiv Domagoja Severa!&nbsp;<\/p>\n<p data-start=\"901\" data-end=\"978\" data-is-last-node=\"\" data-is-only-node=\"\">&nbsp;<\/p>\n<p><img loading=\"lazy\" class=\"wp-image-2097 aligncenter\" src=\"http:\/\/knjiznice.nsk.hr\/ivanec\/wp-content\/uploads\/sites\/27\/2025\/02\/Snimka-zaslona-2025-02-21-095114-212x300.png\" alt=\"\" width=\"360\" height=\"509\" srcset=\"https:\/\/knjiznice.nsk.hr\/ivanec\/wp-content\/uploads\/sites\/27\/2025\/02\/Snimka-zaslona-2025-02-21-095114-212x300.png 212w, https:\/\/knjiznice.nsk.hr\/ivanec\/wp-content\/uploads\/sites\/27\/2025\/02\/Snimka-zaslona-2025-02-21-095114-600x849.png 600w, https:\/\/knjiznice.nsk.hr\/ivanec\/wp-content\/uploads\/sites\/27\/2025\/02\/Snimka-zaslona-2025-02-21-095114.png 666w\" sizes=\"(max-width: 360px) 100vw, 360px\" \/><\/p>\n","protected":false},"excerpt":{"rendered":"<p>&nbsp;Izlo\u017eba fotografija &#8220;COSTA RICA&#8221; u Gradskoj knji\u017enici Ivanec&nbsp; Gradska knji\u017enica Ivanec s ponosom vas poziva na izlo\u017ebu fotografija &#8220;Costa Rica&#8221;, autora Domagoja Severa, koja \u0107e biti dostupna za razgledavanje od 24. velja\u010de do 24. o\u017eujka. Domagoj Sever, strastveni putnik i talentirani fotograf, svojim objektivom bilje\u017ei ljepote svijeta, a ovoga puta donosi nam o\u010daravaju\u0107e prizore netaknute [&hellip;]<\/p>\n","protected":false},"author":23,"featured_media":0,"comment_status":"closed","ping_status":"closed","sticky":false,"template":"","format":"standard","meta":{"ngg_post_thumbnail":0},"categories":[1],"tags":[],"yoast_head":"<!-- This site is optimized with the Yoast SEO plugin v16.4 - https:\/\/yoast.com\/wordpress\/plugins\/seo\/ -->\n<meta name=\"robots\" content=\"index, follow, max-snippet:-1, max-image-preview:large, max-video-preview:-1\" \/>\n<link rel=\"canonical\" href=\"https:\/\/knjiznice.nsk.hr\/ivanec\/2025\/02\/21\/izlozba-fotografija-costa-rica-by-domagoj-sever\/\" \/>\n<meta property=\"og:locale\" content=\"hr_HR\" \/>\n<meta property=\"og:type\" content=\"article\" \/>\n<meta property=\"og:title\" content=\"IZLO\u017dBA FOTOGRAFIJA &quot;COSTA RICA by DOMAGOJ SEVER&quot; - Gradska knji\u017enica i \u010ditaonica &quot;Gustav Krklec&quot; Ivanec\" \/>\n<meta property=\"og:description\" content=\"&nbsp;Izlo\u017eba fotografija &#8220;COSTA RICA&#8221; u Gradskoj knji\u017enici Ivanec&nbsp; Gradska knji\u017enica Ivanec s ponosom vas poziva na izlo\u017ebu fotografija &#8220;Costa Rica&#8221;, autora Domagoja Severa, koja \u0107e biti dostupna za razgledavanje od 24. velja\u010de do 24. o\u017eujka. Domagoj Sever, strastveni putnik i talentirani fotograf, svojim objektivom bilje\u017ei ljepote svijeta, a ovoga puta donosi nam o\u010daravaju\u0107e prizore netaknute [&hellip;]\" \/>\n<meta property=\"og:url\" content=\"https:\/\/knjiznice.nsk.hr\/ivanec\/2025\/02\/21\/izlozba-fotografija-costa-rica-by-domagoj-sever\/\" \/>\n<meta property=\"og:site_name\" content=\"Gradska knji\u017enica i \u010ditaonica &quot;Gustav Krklec&quot; Ivanec\" \/>\n<meta property=\"article:published_time\" content=\"2025-02-21T08:53:36+00:00\" \/>\n<meta property=\"article:modified_time\" content=\"2025-02-21T10:36:26+00:00\" \/>\n<meta property=\"og:image\" content=\"http:\/\/knjiznice.nsk.hr\/ivanec\/wp-content\/uploads\/sites\/27\/2025\/02\/Snimka-zaslona-2025-02-21-095114-212x300.png\" \/>\n<meta name=\"twitter:label1\" content=\"Procijenjeno vrijeme \u010ditanja\" \/>\n\t<meta name=\"twitter:data1\" content=\"1 minuta\" \/>\n<script type=\"application\/ld+json\" class=\"yoast-schema-graph\">{\"@context\":\"https:\/\/schema.org\",\"@graph\":[{\"@type\":\"WebSite\",\"@id\":\"http:\/\/knjiznice.nsk.hr\/ivanec\/#website\",\"url\":\"http:\/\/knjiznice.nsk.hr\/ivanec\/\",\"name\":\"Gradska knji\\u017enica i \\u010ditaonica &quot;Gustav Krklec&quot; Ivanec\",\"description\":\"Djeca koja \\u010ditaju postaju ljudi koji misle.\",\"potentialAction\":[{\"@type\":\"SearchAction\",\"target\":\"http:\/\/knjiznice.nsk.hr\/ivanec\/?s={search_term_string}\",\"query-input\":\"required name=search_term_string\"}],\"inLanguage\":\"hr\"},{\"@type\":\"ImageObject\",\"@id\":\"https:\/\/knjiznice.nsk.hr\/ivanec\/2025\/02\/21\/izlozba-fotografija-costa-rica-by-domagoj-sever\/#primaryimage\",\"inLanguage\":\"hr\",\"url\":\"http:\/\/knjiznice.nsk.hr\/ivanec\/wp-content\/uploads\/sites\/27\/2025\/02\/Snimka-zaslona-2025-02-21-095114-212x300.png\",\"contentUrl\":\"http:\/\/knjiznice.nsk.hr\/ivanec\/wp-content\/uploads\/sites\/27\/2025\/02\/Snimka-zaslona-2025-02-21-095114-212x300.png\"},{\"@type\":\"WebPage\",\"@id\":\"https:\/\/knjiznice.nsk.hr\/ivanec\/2025\/02\/21\/izlozba-fotografija-costa-rica-by-domagoj-sever\/#webpage\",\"url\":\"https:\/\/knjiznice.nsk.hr\/ivanec\/2025\/02\/21\/izlozba-fotografija-costa-rica-by-domagoj-sever\/\",\"name\":\"IZLO\\u017dBA FOTOGRAFIJA \\\"COSTA RICA by DOMAGOJ SEVER\\\" - Gradska knji\\u017enica i \\u010ditaonica &quot;Gustav Krklec&quot; Ivanec\",\"isPartOf\":{\"@id\":\"http:\/\/knjiznice.nsk.hr\/ivanec\/#website\"},\"primaryImageOfPage\":{\"@id\":\"https:\/\/knjiznice.nsk.hr\/ivanec\/2025\/02\/21\/izlozba-fotografija-costa-rica-by-domagoj-sever\/#primaryimage\"},\"datePublished\":\"2025-02-21T08:53:36+00:00\",\"dateModified\":\"2025-02-21T10:36:26+00:00\",\"author\":{\"@id\":\"http:\/\/knjiznice.nsk.hr\/ivanec\/#\/schema\/person\/ecbb5b0c3a999e35a26d0dd923fe370e\"},\"breadcrumb\":{\"@id\":\"https:\/\/knjiznice.nsk.hr\/ivanec\/2025\/02\/21\/izlozba-fotografija-costa-rica-by-domagoj-sever\/#breadcrumb\"},\"inLanguage\":\"hr\",\"potentialAction\":[{\"@type\":\"ReadAction\",\"target\":[\"https:\/\/knjiznice.nsk.hr\/ivanec\/2025\/02\/21\/izlozba-fotografija-costa-rica-by-domagoj-sever\/\"]}]},{\"@type\":\"BreadcrumbList\",\"@id\":\"https:\/\/knjiznice.nsk.hr\/ivanec\/2025\/02\/21\/izlozba-fotografija-costa-rica-by-domagoj-sever\/#breadcrumb\",\"itemListElement\":[{\"@type\":\"ListItem\",\"position\":1,\"item\":{\"@type\":\"WebPage\",\"@id\":\"http:\/\/knjiznice.nsk.hr\/ivanec\/\",\"url\":\"http:\/\/knjiznice.nsk.hr\/ivanec\/\",\"name\":\"Po\\u010detna stranica\"}},{\"@type\":\"ListItem\",\"position\":2,\"item\":{\"@id\":\"https:\/\/knjiznice.nsk.hr\/ivanec\/2025\/02\/21\/izlozba-fotografija-costa-rica-by-domagoj-sever\/#webpage\"}}]},{\"@type\":\"Person\",\"@id\":\"http:\/\/knjiznice.nsk.hr\/ivanec\/#\/schema\/person\/ecbb5b0c3a999e35a26d0dd923fe370e\",\"name\":\"ivanec\",\"image\":{\"@type\":\"ImageObject\",\"@id\":\"http:\/\/knjiznice.nsk.hr\/ivanec\/#personlogo\",\"inLanguage\":\"hr\",\"url\":\"https:\/\/secure.gravatar.com\/avatar\/d5fc957cc8dec40235cc889596c874f3?s=96&d=mm&r=g\",\"contentUrl\":\"https:\/\/secure.gravatar.com\/avatar\/d5fc957cc8dec40235cc889596c874f3?s=96&d=mm&r=g\",\"caption\":\"ivanec\"},\"url\":\"https:\/\/knjiznice.nsk.hr\/ivanec\/\"}]}<\/script>\n<!-- \/ Yoast SEO plugin. -->","_links":{"self":[{"href":"https:\/\/knjiznice.nsk.hr\/ivanec\/wp-json\/wp\/v2\/posts\/2096"}],"collection":[{"href":"https:\/\/knjiznice.nsk.hr\/ivanec\/wp-json\/wp\/v2\/posts"}],"about":[{"href":"https:\/\/knjiznice.nsk.hr\/ivanec\/wp-json\/wp\/v2\/types\/post"}],"author":[{"embeddable":true,"href":"https:\/\/knjiznice.nsk.hr\/ivanec\/wp-json\/wp\/v2\/users\/23"}],"replies":[{"embeddable":true,"href":"https:\/\/knjiznice.nsk.hr\/ivanec\/wp-json\/wp\/v2\/comments?post=2096"}],"version-history":[{"count":3,"href":"https:\/\/knjiznice.nsk.hr\/ivanec\/wp-json\/wp\/v2\/posts\/2096\/revisions"}],"predecessor-version":[{"id":2100,"href":"https:\/\/knjiznice.nsk.hr\/ivanec\/wp-json\/wp\/v2\/posts\/2096\/revisions\/2100"}],"wp:attachment":[{"href":"https:\/\/knjiznice.nsk.hr\/ivanec\/wp-json\/wp\/v2\/media?parent=2096"}],"wp:term":[{"taxonomy":"category","embeddable":true,"href":"https:\/\/knjiznice.nsk.hr\/ivanec\/wp-json\/wp\/v2\/categories?post=2096"},{"taxonomy":"post_tag","embeddable":true,"href":"https:\/\/knjiznice.nsk.hr\/ivanec\/wp-json\/wp\/v2\/tags?post=2096"}],"curies":[{"name":"wp","href":"https:\/\/api.w.org\/{rel}","templated":true}]}}