{"id":2064,"date":"2025-01-31T13:04:49","date_gmt":"2025-01-31T13:04:49","guid":{"rendered":"http:\/\/knjiznice.nsk.hr\/ivanec\/?p=2064"},"modified":"2025-01-31T13:05:14","modified_gmt":"2025-01-31T13:05:14","slug":"noc-muzeja-u-ivaneckoj-knjiznici","status":"publish","type":"post","link":"https:\/\/knjiznice.nsk.hr\/ivanec\/2025\/01\/31\/noc-muzeja-u-ivaneckoj-knjiznici\/","title":{"rendered":"NO\u0106 MUZEJA U IVANE\u010cKOJ KNJI\u017dNICI"},"content":{"rendered":"<div class=\"xt0psk2\">\n<p class=\"_ap3a _aaco _aacu _aacx _aad7 _aade\" dir=\"auto\">Ve\u0107 smo krenuli u istra\u017eivanje Znamenitih Ivan\u010dana!<\/p>\n<p>&nbsp;U\u010denici O\u0160 Ivanec, pod mentorstvom Sonje Poljak, otkrivaju bogatu povijest na\u0161eg kraja, dok se svi zainteresirani mogu pridru\u017eiti zabavi i u\u010denju putem na\u0161eg virtualnog muzeja.<\/p>\n<p>&nbsp;Kahoot kviz vodi na\u0161a knji\u017eni\u010darka Petra Polan\u010dec \u2013 tko \u0107e osvojiti titulu majstora znanja?&nbsp;<\/p>\n<p>Skenirajte QR kod i zavirite u na\u0161 virtualni muzej!<\/p>\n<p>Od 19 sati pridru\u017eite se bogatom programu u Muzej planinarstva i Centru za posjetitelje &#8220;Kukuljevi\u0107&#8221;.<\/p>\n<p>Jo\u0161 brojni programi \u010dekaju na vas!<\/p>\n<\/div>\n<p><a href=\"http:\/\/knjiznice.nsk.hr\/ivanec\/wp-content\/uploads\/sites\/27\/2025\/01\/Snimka-zaslona-2025-01-31-140216.png\"><img loading=\"lazy\" class=\"wp-image-2065 aligncenter\" src=\"http:\/\/knjiznice.nsk.hr\/ivanec\/wp-content\/uploads\/sites\/27\/2025\/01\/Snimka-zaslona-2025-01-31-140216-300x241.png\" alt=\"\" width=\"591\" height=\"475\" srcset=\"https:\/\/knjiznice.nsk.hr\/ivanec\/wp-content\/uploads\/sites\/27\/2025\/01\/Snimka-zaslona-2025-01-31-140216-300x241.png 300w, https:\/\/knjiznice.nsk.hr\/ivanec\/wp-content\/uploads\/sites\/27\/2025\/01\/Snimka-zaslona-2025-01-31-140216-1024x821.png 1024w, https:\/\/knjiznice.nsk.hr\/ivanec\/wp-content\/uploads\/sites\/27\/2025\/01\/Snimka-zaslona-2025-01-31-140216-768x616.png 768w, https:\/\/knjiznice.nsk.hr\/ivanec\/wp-content\/uploads\/sites\/27\/2025\/01\/Snimka-zaslona-2025-01-31-140216-600x481.png 600w, https:\/\/knjiznice.nsk.hr\/ivanec\/wp-content\/uploads\/sites\/27\/2025\/01\/Snimka-zaslona-2025-01-31-140216.png 1187w\" sizes=\"(max-width: 591px) 100vw, 591px\" \/><\/a><\/p>\n","protected":false},"excerpt":{"rendered":"<p>Ve\u0107 smo krenuli u istra\u017eivanje Znamenitih Ivan\u010dana! &nbsp;U\u010denici O\u0160 Ivanec, pod mentorstvom Sonje Poljak, otkrivaju bogatu povijest na\u0161eg kraja, dok se svi zainteresirani mogu pridru\u017eiti zabavi i u\u010denju putem na\u0161eg virtualnog muzeja. &nbsp;Kahoot kviz vodi na\u0161a knji\u017eni\u010darka Petra Polan\u010dec \u2013 tko \u0107e osvojiti titulu majstora znanja?&nbsp; Skenirajte QR kod i zavirite u na\u0161 virtualni muzej! [&hellip;]<\/p>\n","protected":false},"author":23,"featured_media":0,"comment_status":"closed","ping_status":"closed","sticky":false,"template":"","format":"standard","meta":{"ngg_post_thumbnail":0},"categories":[1],"tags":[],"yoast_head":"<!-- This site is optimized with the Yoast SEO plugin v16.4 - https:\/\/yoast.com\/wordpress\/plugins\/seo\/ -->\n<meta name=\"robots\" content=\"index, follow, max-snippet:-1, max-image-preview:large, max-video-preview:-1\" \/>\n<link rel=\"canonical\" href=\"https:\/\/knjiznice.nsk.hr\/ivanec\/2025\/01\/31\/noc-muzeja-u-ivaneckoj-knjiznici\/\" \/>\n<meta property=\"og:locale\" content=\"hr_HR\" \/>\n<meta property=\"og:type\" content=\"article\" \/>\n<meta property=\"og:title\" content=\"NO\u0106 MUZEJA U IVANE\u010cKOJ KNJI\u017dNICI - Gradska knji\u017enica i \u010ditaonica &quot;Gustav Krklec&quot; Ivanec\" \/>\n<meta property=\"og:description\" content=\"Ve\u0107 smo krenuli u istra\u017eivanje Znamenitih Ivan\u010dana! &nbsp;U\u010denici O\u0160 Ivanec, pod mentorstvom Sonje Poljak, otkrivaju bogatu povijest na\u0161eg kraja, dok se svi zainteresirani mogu pridru\u017eiti zabavi i u\u010denju putem na\u0161eg virtualnog muzeja. &nbsp;Kahoot kviz vodi na\u0161a knji\u017eni\u010darka Petra Polan\u010dec \u2013 tko \u0107e osvojiti titulu majstora znanja?&nbsp; Skenirajte QR kod i zavirite u na\u0161 virtualni muzej! [&hellip;]\" \/>\n<meta property=\"og:url\" content=\"https:\/\/knjiznice.nsk.hr\/ivanec\/2025\/01\/31\/noc-muzeja-u-ivaneckoj-knjiznici\/\" \/>\n<meta property=\"og:site_name\" content=\"Gradska knji\u017enica i \u010ditaonica &quot;Gustav Krklec&quot; Ivanec\" \/>\n<meta property=\"article:published_time\" content=\"2025-01-31T13:04:49+00:00\" \/>\n<meta property=\"article:modified_time\" content=\"2025-01-31T13:05:14+00:00\" \/>\n<meta property=\"og:image\" content=\"http:\/\/knjiznice.nsk.hr\/ivanec\/wp-content\/uploads\/sites\/27\/2025\/01\/Snimka-zaslona-2025-01-31-140216-300x241.png\" \/>\n<meta name=\"twitter:label1\" content=\"Procijenjeno vrijeme \u010ditanja\" \/>\n\t<meta name=\"twitter:data1\" content=\"1 minuta\" \/>\n<script type=\"application\/ld+json\" class=\"yoast-schema-graph\">{\"@context\":\"https:\/\/schema.org\",\"@graph\":[{\"@type\":\"WebSite\",\"@id\":\"http:\/\/knjiznice.nsk.hr\/ivanec\/#website\",\"url\":\"http:\/\/knjiznice.nsk.hr\/ivanec\/\",\"name\":\"Gradska knji\\u017enica i \\u010ditaonica &quot;Gustav Krklec&quot; Ivanec\",\"description\":\"Djeca koja \\u010ditaju postaju ljudi koji misle.\",\"potentialAction\":[{\"@type\":\"SearchAction\",\"target\":\"http:\/\/knjiznice.nsk.hr\/ivanec\/?s={search_term_string}\",\"query-input\":\"required name=search_term_string\"}],\"inLanguage\":\"hr\"},{\"@type\":\"ImageObject\",\"@id\":\"https:\/\/knjiznice.nsk.hr\/ivanec\/2025\/01\/31\/noc-muzeja-u-ivaneckoj-knjiznici\/#primaryimage\",\"inLanguage\":\"hr\",\"url\":\"http:\/\/knjiznice.nsk.hr\/ivanec\/wp-content\/uploads\/sites\/27\/2025\/01\/Snimka-zaslona-2025-01-31-140216-300x241.png\",\"contentUrl\":\"http:\/\/knjiznice.nsk.hr\/ivanec\/wp-content\/uploads\/sites\/27\/2025\/01\/Snimka-zaslona-2025-01-31-140216-300x241.png\"},{\"@type\":\"WebPage\",\"@id\":\"https:\/\/knjiznice.nsk.hr\/ivanec\/2025\/01\/31\/noc-muzeja-u-ivaneckoj-knjiznici\/#webpage\",\"url\":\"https:\/\/knjiznice.nsk.hr\/ivanec\/2025\/01\/31\/noc-muzeja-u-ivaneckoj-knjiznici\/\",\"name\":\"NO\\u0106 MUZEJA U IVANE\\u010cKOJ KNJI\\u017dNICI - Gradska knji\\u017enica i \\u010ditaonica &quot;Gustav Krklec&quot; Ivanec\",\"isPartOf\":{\"@id\":\"http:\/\/knjiznice.nsk.hr\/ivanec\/#website\"},\"primaryImageOfPage\":{\"@id\":\"https:\/\/knjiznice.nsk.hr\/ivanec\/2025\/01\/31\/noc-muzeja-u-ivaneckoj-knjiznici\/#primaryimage\"},\"datePublished\":\"2025-01-31T13:04:49+00:00\",\"dateModified\":\"2025-01-31T13:05:14+00:00\",\"author\":{\"@id\":\"http:\/\/knjiznice.nsk.hr\/ivanec\/#\/schema\/person\/ecbb5b0c3a999e35a26d0dd923fe370e\"},\"breadcrumb\":{\"@id\":\"https:\/\/knjiznice.nsk.hr\/ivanec\/2025\/01\/31\/noc-muzeja-u-ivaneckoj-knjiznici\/#breadcrumb\"},\"inLanguage\":\"hr\",\"potentialAction\":[{\"@type\":\"ReadAction\",\"target\":[\"https:\/\/knjiznice.nsk.hr\/ivanec\/2025\/01\/31\/noc-muzeja-u-ivaneckoj-knjiznici\/\"]}]},{\"@type\":\"BreadcrumbList\",\"@id\":\"https:\/\/knjiznice.nsk.hr\/ivanec\/2025\/01\/31\/noc-muzeja-u-ivaneckoj-knjiznici\/#breadcrumb\",\"itemListElement\":[{\"@type\":\"ListItem\",\"position\":1,\"item\":{\"@type\":\"WebPage\",\"@id\":\"http:\/\/knjiznice.nsk.hr\/ivanec\/\",\"url\":\"http:\/\/knjiznice.nsk.hr\/ivanec\/\",\"name\":\"Po\\u010detna stranica\"}},{\"@type\":\"ListItem\",\"position\":2,\"item\":{\"@id\":\"https:\/\/knjiznice.nsk.hr\/ivanec\/2025\/01\/31\/noc-muzeja-u-ivaneckoj-knjiznici\/#webpage\"}}]},{\"@type\":\"Person\",\"@id\":\"http:\/\/knjiznice.nsk.hr\/ivanec\/#\/schema\/person\/ecbb5b0c3a999e35a26d0dd923fe370e\",\"name\":\"ivanec\",\"image\":{\"@type\":\"ImageObject\",\"@id\":\"http:\/\/knjiznice.nsk.hr\/ivanec\/#personlogo\",\"inLanguage\":\"hr\",\"url\":\"https:\/\/secure.gravatar.com\/avatar\/d5fc957cc8dec40235cc889596c874f3?s=96&d=mm&r=g\",\"contentUrl\":\"https:\/\/secure.gravatar.com\/avatar\/d5fc957cc8dec40235cc889596c874f3?s=96&d=mm&r=g\",\"caption\":\"ivanec\"},\"url\":\"https:\/\/knjiznice.nsk.hr\/ivanec\/\"}]}<\/script>\n<!-- \/ Yoast SEO plugin. -->","_links":{"self":[{"href":"https:\/\/knjiznice.nsk.hr\/ivanec\/wp-json\/wp\/v2\/posts\/2064"}],"collection":[{"href":"https:\/\/knjiznice.nsk.hr\/ivanec\/wp-json\/wp\/v2\/posts"}],"about":[{"href":"https:\/\/knjiznice.nsk.hr\/ivanec\/wp-json\/wp\/v2\/types\/post"}],"author":[{"embeddable":true,"href":"https:\/\/knjiznice.nsk.hr\/ivanec\/wp-json\/wp\/v2\/users\/23"}],"replies":[{"embeddable":true,"href":"https:\/\/knjiznice.nsk.hr\/ivanec\/wp-json\/wp\/v2\/comments?post=2064"}],"version-history":[{"count":2,"href":"https:\/\/knjiznice.nsk.hr\/ivanec\/wp-json\/wp\/v2\/posts\/2064\/revisions"}],"predecessor-version":[{"id":2067,"href":"https:\/\/knjiznice.nsk.hr\/ivanec\/wp-json\/wp\/v2\/posts\/2064\/revisions\/2067"}],"wp:attachment":[{"href":"https:\/\/knjiznice.nsk.hr\/ivanec\/wp-json\/wp\/v2\/media?parent=2064"}],"wp:term":[{"taxonomy":"category","embeddable":true,"href":"https:\/\/knjiznice.nsk.hr\/ivanec\/wp-json\/wp\/v2\/categories?post=2064"},{"taxonomy":"post_tag","embeddable":true,"href":"https:\/\/knjiznice.nsk.hr\/ivanec\/wp-json\/wp\/v2\/tags?post=2064"}],"curies":[{"name":"wp","href":"https:\/\/api.w.org\/{rel}","templated":true}]}}