{"id":1991,"date":"2024-11-07T15:59:30","date_gmt":"2024-11-07T15:59:30","guid":{"rendered":"http:\/\/knjiznice.nsk.hr\/ivanec\/?p=1991"},"modified":"2024-11-08T06:05:15","modified_gmt":"2024-11-08T06:05:15","slug":"putopisno-predavanje-ivana-vrcek-i-gosti-peru-i-panama","status":"publish","type":"post","link":"https:\/\/knjiznice.nsk.hr\/ivanec\/2024\/11\/07\/putopisno-predavanje-ivana-vrcek-i-gosti-peru-i-panama\/","title":{"rendered":"PUTOPISNO PREDAVANJE: IVANA VR\u010cEK I GOSTI &#8211; PERU I PANAMA"},"content":{"rendered":"<p>Pozivamo vas na putopisno predavanje <strong>Ivane Vr\u010dek i gostiju<\/strong> koje \u0107e se odr\u017eati <strong>14. studenog 2024. u 18:00 sati u Gradskoj knji\u017enici Ivanec<\/strong>. Kroz rije\u010di i slike, otputovat \u0107emo u \u010darobne predjele <strong>Perua i Paname<\/strong> \u2013 od misti\u010dnih ru\u0161evina Machu Picchua i \u017eivopisne prirode Anda, do rajskih pla\u017ea i bogate kulturne ba\u0161tine Paname.<\/p>\n<p>Posebnu atmosferu obogatit \u0107e izlo\u017eba slika: <strong>Dino Branilovi\u0107 &#8220;Boje Perua&#8221;.&nbsp;<\/strong><\/p>\n<p>&nbsp;<\/p>\n<p><a href=\"http:\/\/knjiznice.nsk.hr\/ivanec\/wp-content\/uploads\/sites\/27\/2024\/11\/2.jpg\"><img loading=\"lazy\" class=\"wp-image-1992 aligncenter\" src=\"http:\/\/knjiznice.nsk.hr\/ivanec\/wp-content\/uploads\/sites\/27\/2024\/11\/2-212x300.jpg\" alt=\"\" width=\"301\" height=\"426\" srcset=\"https:\/\/knjiznice.nsk.hr\/ivanec\/wp-content\/uploads\/sites\/27\/2024\/11\/2-212x300.jpg 212w, https:\/\/knjiznice.nsk.hr\/ivanec\/wp-content\/uploads\/sites\/27\/2024\/11\/2-724x1024.jpg 724w, https:\/\/knjiznice.nsk.hr\/ivanec\/wp-content\/uploads\/sites\/27\/2024\/11\/2-768x1086.jpg 768w, https:\/\/knjiznice.nsk.hr\/ivanec\/wp-content\/uploads\/sites\/27\/2024\/11\/2-600x849.jpg 600w, https:\/\/knjiznice.nsk.hr\/ivanec\/wp-content\/uploads\/sites\/27\/2024\/11\/2-1086x1536.jpg 1086w, https:\/\/knjiznice.nsk.hr\/ivanec\/wp-content\/uploads\/sites\/27\/2024\/11\/2-1448x2048.jpg 1448w, https:\/\/knjiznice.nsk.hr\/ivanec\/wp-content\/uploads\/sites\/27\/2024\/11\/2.jpg 1587w\" sizes=\"(max-width: 301px) 100vw, 301px\" \/><\/a><\/p>\n","protected":false},"excerpt":{"rendered":"<p>Pozivamo vas na putopisno predavanje Ivane Vr\u010dek i gostiju koje \u0107e se odr\u017eati 14. studenog 2024. u 18:00 sati u Gradskoj knji\u017enici Ivanec. Kroz rije\u010di i slike, otputovat \u0107emo u \u010darobne predjele Perua i Paname \u2013 od misti\u010dnih ru\u0161evina Machu Picchua i \u017eivopisne prirode Anda, do rajskih pla\u017ea i bogate kulturne ba\u0161tine Paname. Posebnu atmosferu [&hellip;]<\/p>\n","protected":false},"author":23,"featured_media":0,"comment_status":"closed","ping_status":"closed","sticky":false,"template":"","format":"standard","meta":{"ngg_post_thumbnail":0},"categories":[1],"tags":[],"yoast_head":"<!-- This site is optimized with the Yoast SEO plugin v16.4 - https:\/\/yoast.com\/wordpress\/plugins\/seo\/ -->\n<meta name=\"robots\" content=\"index, follow, max-snippet:-1, max-image-preview:large, max-video-preview:-1\" \/>\n<link rel=\"canonical\" href=\"https:\/\/knjiznice.nsk.hr\/ivanec\/2024\/11\/07\/putopisno-predavanje-ivana-vrcek-i-gosti-peru-i-panama\/\" \/>\n<meta property=\"og:locale\" content=\"hr_HR\" \/>\n<meta property=\"og:type\" content=\"article\" \/>\n<meta property=\"og:title\" content=\"PUTOPISNO PREDAVANJE: IVANA VR\u010cEK I GOSTI - PERU I PANAMA - Gradska knji\u017enica i \u010ditaonica &quot;Gustav Krklec&quot; Ivanec\" \/>\n<meta property=\"og:description\" content=\"Pozivamo vas na putopisno predavanje Ivane Vr\u010dek i gostiju koje \u0107e se odr\u017eati 14. studenog 2024. u 18:00 sati u Gradskoj knji\u017enici Ivanec. Kroz rije\u010di i slike, otputovat \u0107emo u \u010darobne predjele Perua i Paname \u2013 od misti\u010dnih ru\u0161evina Machu Picchua i \u017eivopisne prirode Anda, do rajskih pla\u017ea i bogate kulturne ba\u0161tine Paname. Posebnu atmosferu [&hellip;]\" \/>\n<meta property=\"og:url\" content=\"https:\/\/knjiznice.nsk.hr\/ivanec\/2024\/11\/07\/putopisno-predavanje-ivana-vrcek-i-gosti-peru-i-panama\/\" \/>\n<meta property=\"og:site_name\" content=\"Gradska knji\u017enica i \u010ditaonica &quot;Gustav Krklec&quot; Ivanec\" \/>\n<meta property=\"article:published_time\" content=\"2024-11-07T15:59:30+00:00\" \/>\n<meta property=\"article:modified_time\" content=\"2024-11-08T06:05:15+00:00\" \/>\n<meta property=\"og:image\" content=\"http:\/\/knjiznice.nsk.hr\/ivanec\/wp-content\/uploads\/sites\/27\/2024\/11\/2-212x300.jpg\" \/>\n<meta name=\"twitter:label1\" content=\"Procijenjeno vrijeme \u010ditanja\" \/>\n\t<meta name=\"twitter:data1\" content=\"1 minuta\" \/>\n<script type=\"application\/ld+json\" class=\"yoast-schema-graph\">{\"@context\":\"https:\/\/schema.org\",\"@graph\":[{\"@type\":\"WebSite\",\"@id\":\"http:\/\/knjiznice.nsk.hr\/ivanec\/#website\",\"url\":\"http:\/\/knjiznice.nsk.hr\/ivanec\/\",\"name\":\"Gradska knji\\u017enica i \\u010ditaonica &quot;Gustav Krklec&quot; Ivanec\",\"description\":\"Djeca koja \\u010ditaju postaju ljudi koji misle.\",\"potentialAction\":[{\"@type\":\"SearchAction\",\"target\":\"http:\/\/knjiznice.nsk.hr\/ivanec\/?s={search_term_string}\",\"query-input\":\"required name=search_term_string\"}],\"inLanguage\":\"hr\"},{\"@type\":\"ImageObject\",\"@id\":\"https:\/\/knjiznice.nsk.hr\/ivanec\/2024\/11\/07\/putopisno-predavanje-ivana-vrcek-i-gosti-peru-i-panama\/#primaryimage\",\"inLanguage\":\"hr\",\"url\":\"http:\/\/knjiznice.nsk.hr\/ivanec\/wp-content\/uploads\/sites\/27\/2024\/11\/2-212x300.jpg\",\"contentUrl\":\"http:\/\/knjiznice.nsk.hr\/ivanec\/wp-content\/uploads\/sites\/27\/2024\/11\/2-212x300.jpg\"},{\"@type\":\"WebPage\",\"@id\":\"https:\/\/knjiznice.nsk.hr\/ivanec\/2024\/11\/07\/putopisno-predavanje-ivana-vrcek-i-gosti-peru-i-panama\/#webpage\",\"url\":\"https:\/\/knjiznice.nsk.hr\/ivanec\/2024\/11\/07\/putopisno-predavanje-ivana-vrcek-i-gosti-peru-i-panama\/\",\"name\":\"PUTOPISNO PREDAVANJE: IVANA VR\\u010cEK I GOSTI - PERU I PANAMA - Gradska knji\\u017enica i \\u010ditaonica &quot;Gustav Krklec&quot; Ivanec\",\"isPartOf\":{\"@id\":\"http:\/\/knjiznice.nsk.hr\/ivanec\/#website\"},\"primaryImageOfPage\":{\"@id\":\"https:\/\/knjiznice.nsk.hr\/ivanec\/2024\/11\/07\/putopisno-predavanje-ivana-vrcek-i-gosti-peru-i-panama\/#primaryimage\"},\"datePublished\":\"2024-11-07T15:59:30+00:00\",\"dateModified\":\"2024-11-08T06:05:15+00:00\",\"author\":{\"@id\":\"http:\/\/knjiznice.nsk.hr\/ivanec\/#\/schema\/person\/ecbb5b0c3a999e35a26d0dd923fe370e\"},\"breadcrumb\":{\"@id\":\"https:\/\/knjiznice.nsk.hr\/ivanec\/2024\/11\/07\/putopisno-predavanje-ivana-vrcek-i-gosti-peru-i-panama\/#breadcrumb\"},\"inLanguage\":\"hr\",\"potentialAction\":[{\"@type\":\"ReadAction\",\"target\":[\"https:\/\/knjiznice.nsk.hr\/ivanec\/2024\/11\/07\/putopisno-predavanje-ivana-vrcek-i-gosti-peru-i-panama\/\"]}]},{\"@type\":\"BreadcrumbList\",\"@id\":\"https:\/\/knjiznice.nsk.hr\/ivanec\/2024\/11\/07\/putopisno-predavanje-ivana-vrcek-i-gosti-peru-i-panama\/#breadcrumb\",\"itemListElement\":[{\"@type\":\"ListItem\",\"position\":1,\"item\":{\"@type\":\"WebPage\",\"@id\":\"http:\/\/knjiznice.nsk.hr\/ivanec\/\",\"url\":\"http:\/\/knjiznice.nsk.hr\/ivanec\/\",\"name\":\"Po\\u010detna stranica\"}},{\"@type\":\"ListItem\",\"position\":2,\"item\":{\"@id\":\"https:\/\/knjiznice.nsk.hr\/ivanec\/2024\/11\/07\/putopisno-predavanje-ivana-vrcek-i-gosti-peru-i-panama\/#webpage\"}}]},{\"@type\":\"Person\",\"@id\":\"http:\/\/knjiznice.nsk.hr\/ivanec\/#\/schema\/person\/ecbb5b0c3a999e35a26d0dd923fe370e\",\"name\":\"ivanec\",\"image\":{\"@type\":\"ImageObject\",\"@id\":\"http:\/\/knjiznice.nsk.hr\/ivanec\/#personlogo\",\"inLanguage\":\"hr\",\"url\":\"https:\/\/secure.gravatar.com\/avatar\/d5fc957cc8dec40235cc889596c874f3?s=96&d=mm&r=g\",\"contentUrl\":\"https:\/\/secure.gravatar.com\/avatar\/d5fc957cc8dec40235cc889596c874f3?s=96&d=mm&r=g\",\"caption\":\"ivanec\"},\"url\":\"https:\/\/knjiznice.nsk.hr\/ivanec\/\"}]}<\/script>\n<!-- \/ Yoast SEO plugin. -->","_links":{"self":[{"href":"https:\/\/knjiznice.nsk.hr\/ivanec\/wp-json\/wp\/v2\/posts\/1991"}],"collection":[{"href":"https:\/\/knjiznice.nsk.hr\/ivanec\/wp-json\/wp\/v2\/posts"}],"about":[{"href":"https:\/\/knjiznice.nsk.hr\/ivanec\/wp-json\/wp\/v2\/types\/post"}],"author":[{"embeddable":true,"href":"https:\/\/knjiznice.nsk.hr\/ivanec\/wp-json\/wp\/v2\/users\/23"}],"replies":[{"embeddable":true,"href":"https:\/\/knjiznice.nsk.hr\/ivanec\/wp-json\/wp\/v2\/comments?post=1991"}],"version-history":[{"count":4,"href":"https:\/\/knjiznice.nsk.hr\/ivanec\/wp-json\/wp\/v2\/posts\/1991\/revisions"}],"predecessor-version":[{"id":1996,"href":"https:\/\/knjiznice.nsk.hr\/ivanec\/wp-json\/wp\/v2\/posts\/1991\/revisions\/1996"}],"wp:attachment":[{"href":"https:\/\/knjiznice.nsk.hr\/ivanec\/wp-json\/wp\/v2\/media?parent=1991"}],"wp:term":[{"taxonomy":"category","embeddable":true,"href":"https:\/\/knjiznice.nsk.hr\/ivanec\/wp-json\/wp\/v2\/categories?post=1991"},{"taxonomy":"post_tag","embeddable":true,"href":"https:\/\/knjiznice.nsk.hr\/ivanec\/wp-json\/wp\/v2\/tags?post=1991"}],"curies":[{"name":"wp","href":"https:\/\/api.w.org\/{rel}","templated":true}]}}