{"id":1943,"date":"2024-10-01T05:48:45","date_gmt":"2024-10-01T05:48:45","guid":{"rendered":"http:\/\/knjiznice.nsk.hr\/ivanec\/?p=1943"},"modified":"2024-10-01T05:48:45","modified_gmt":"2024-10-01T05:48:45","slug":"natjecaj-za-radno-mjesto-tajnik-administrator-tajnica-administratorica-2","status":"publish","type":"post","link":"https:\/\/knjiznice.nsk.hr\/ivanec\/2024\/10\/01\/natjecaj-za-radno-mjesto-tajnik-administrator-tajnica-administratorica-2\/","title":{"rendered":"NATJE\u010cAJ ZA RADNO MJESTO TAJNIK-ADMINISTRATOR\/TAJNICA-ADMINISTRATORICA"},"content":{"rendered":"<p>Po\u0161tovani,<\/p>\n<p>Gradska knji\u017enica i \u010ditaonica \u201eGustav Krklec\u201c objavljuje natje\u010daj za radno mjesto tajnik -administrator\/tajnica \u2013 administratorica<\/p>\n<p>Tekst natje\u010daja:<\/p>\n<p><a href=\"http:\/\/knjiznice.nsk.hr\/ivanec\/wp-content\/uploads\/sites\/27\/2024\/10\/IMG_20240927_0001_compressed.pdf\">Odluka o objavi natje\u010daja &#8211; Tajnik <\/a><\/p>\n<p>Prijave na natje\u010daj mogu se podnijeti u vremenu od 1. do 9. listopada 2024. godine <em><strong>osobnom predajom u Knji\u017enici ili po\u0161tom preporu\u010denom po\u0161iljkom<\/strong><\/em>.<\/p>\n<p>&nbsp;<\/p>\n<p><a href=\"https:\/\/burzarada.hzz.hr\/RadnoMjesto_Ispis.aspx?WebSifra=147304584\">https:\/\/burzarada.hzz.hr\/RadnoMjesto_Ispis.aspx?WebSifra=147304584<\/a><\/p>\n<p>&nbsp;<\/p>\n<p>&nbsp;<\/p>\n","protected":false},"excerpt":{"rendered":"<p>Po\u0161tovani, Gradska knji\u017enica i \u010ditaonica \u201eGustav Krklec\u201c objavljuje natje\u010daj za radno mjesto tajnik -administrator\/tajnica \u2013 administratorica Tekst natje\u010daja: Odluka o objavi natje\u010daja &#8211; Tajnik Prijave na natje\u010daj mogu se podnijeti u vremenu od 1. do 9. listopada 2024. godine osobnom predajom u Knji\u017enici ili po\u0161tom preporu\u010denom po\u0161iljkom. &nbsp; https:\/\/burzarada.hzz.hr\/RadnoMjesto_Ispis.aspx?WebSifra=147304584 &nbsp; &nbsp;<\/p>\n","protected":false},"author":23,"featured_media":0,"comment_status":"closed","ping_status":"closed","sticky":false,"template":"","format":"standard","meta":{"ngg_post_thumbnail":0},"categories":[1],"tags":[],"yoast_head":"<!-- This site is optimized with the Yoast SEO plugin v16.4 - https:\/\/yoast.com\/wordpress\/plugins\/seo\/ -->\n<meta name=\"robots\" content=\"index, follow, max-snippet:-1, max-image-preview:large, max-video-preview:-1\" \/>\n<link rel=\"canonical\" href=\"http:\/\/knjiznice.nsk.hr\/ivanec\/2024\/10\/01\/natjecaj-za-radno-mjesto-tajnik-administrator-tajnica-administratorica-2\/\" \/>\n<meta property=\"og:locale\" content=\"hr_HR\" \/>\n<meta property=\"og:type\" content=\"article\" \/>\n<meta property=\"og:title\" content=\"NATJE\u010cAJ ZA RADNO MJESTO TAJNIK-ADMINISTRATOR\/TAJNICA-ADMINISTRATORICA - Gradska knji\u017enica i \u010ditaonica &quot;Gustav Krklec&quot; Ivanec\" \/>\n<meta property=\"og:description\" content=\"Po\u0161tovani, Gradska knji\u017enica i \u010ditaonica \u201eGustav Krklec\u201c objavljuje natje\u010daj za radno mjesto tajnik -administrator\/tajnica \u2013 administratorica Tekst natje\u010daja: Odluka o objavi natje\u010daja &#8211; Tajnik Prijave na natje\u010daj mogu se podnijeti u vremenu od 1. do 9. listopada 2024. godine osobnom predajom u Knji\u017enici ili po\u0161tom preporu\u010denom po\u0161iljkom. &nbsp; https:\/\/burzarada.hzz.hr\/RadnoMjesto_Ispis.aspx?WebSifra=147304584 &nbsp; &nbsp;\" \/>\n<meta property=\"og:url\" content=\"http:\/\/knjiznice.nsk.hr\/ivanec\/2024\/10\/01\/natjecaj-za-radno-mjesto-tajnik-administrator-tajnica-administratorica-2\/\" \/>\n<meta property=\"og:site_name\" content=\"Gradska knji\u017enica i \u010ditaonica &quot;Gustav Krklec&quot; Ivanec\" \/>\n<meta property=\"article:published_time\" content=\"2024-10-01T05:48:45+00:00\" \/>\n<meta name=\"twitter:label1\" content=\"Procijenjeno vrijeme \u010ditanja\" \/>\n\t<meta name=\"twitter:data1\" content=\"1 minuta\" \/>\n<script type=\"application\/ld+json\" class=\"yoast-schema-graph\">{\"@context\":\"https:\/\/schema.org\",\"@graph\":[{\"@type\":\"WebSite\",\"@id\":\"http:\/\/knjiznice.nsk.hr\/ivanec\/#website\",\"url\":\"http:\/\/knjiznice.nsk.hr\/ivanec\/\",\"name\":\"Gradska knji\\u017enica i \\u010ditaonica &quot;Gustav Krklec&quot; Ivanec\",\"description\":\"Djeca koja \\u010ditaju postaju ljudi koji misle.\",\"potentialAction\":[{\"@type\":\"SearchAction\",\"target\":\"http:\/\/knjiznice.nsk.hr\/ivanec\/?s={search_term_string}\",\"query-input\":\"required name=search_term_string\"}],\"inLanguage\":\"hr\"},{\"@type\":\"WebPage\",\"@id\":\"http:\/\/knjiznice.nsk.hr\/ivanec\/2024\/10\/01\/natjecaj-za-radno-mjesto-tajnik-administrator-tajnica-administratorica-2\/#webpage\",\"url\":\"http:\/\/knjiznice.nsk.hr\/ivanec\/2024\/10\/01\/natjecaj-za-radno-mjesto-tajnik-administrator-tajnica-administratorica-2\/\",\"name\":\"NATJE\\u010cAJ ZA RADNO MJESTO TAJNIK-ADMINISTRATOR\/TAJNICA-ADMINISTRATORICA - Gradska knji\\u017enica i \\u010ditaonica &quot;Gustav Krklec&quot; Ivanec\",\"isPartOf\":{\"@id\":\"http:\/\/knjiznice.nsk.hr\/ivanec\/#website\"},\"datePublished\":\"2024-10-01T05:48:45+00:00\",\"dateModified\":\"2024-10-01T05:48:45+00:00\",\"author\":{\"@id\":\"http:\/\/knjiznice.nsk.hr\/ivanec\/#\/schema\/person\/ecbb5b0c3a999e35a26d0dd923fe370e\"},\"breadcrumb\":{\"@id\":\"http:\/\/knjiznice.nsk.hr\/ivanec\/2024\/10\/01\/natjecaj-za-radno-mjesto-tajnik-administrator-tajnica-administratorica-2\/#breadcrumb\"},\"inLanguage\":\"hr\",\"potentialAction\":[{\"@type\":\"ReadAction\",\"target\":[\"http:\/\/knjiznice.nsk.hr\/ivanec\/2024\/10\/01\/natjecaj-za-radno-mjesto-tajnik-administrator-tajnica-administratorica-2\/\"]}]},{\"@type\":\"BreadcrumbList\",\"@id\":\"http:\/\/knjiznice.nsk.hr\/ivanec\/2024\/10\/01\/natjecaj-za-radno-mjesto-tajnik-administrator-tajnica-administratorica-2\/#breadcrumb\",\"itemListElement\":[{\"@type\":\"ListItem\",\"position\":1,\"item\":{\"@type\":\"WebPage\",\"@id\":\"http:\/\/knjiznice.nsk.hr\/ivanec\/\",\"url\":\"http:\/\/knjiznice.nsk.hr\/ivanec\/\",\"name\":\"Po\\u010detna stranica\"}},{\"@type\":\"ListItem\",\"position\":2,\"item\":{\"@id\":\"http:\/\/knjiznice.nsk.hr\/ivanec\/2024\/10\/01\/natjecaj-za-radno-mjesto-tajnik-administrator-tajnica-administratorica-2\/#webpage\"}}]},{\"@type\":\"Person\",\"@id\":\"http:\/\/knjiznice.nsk.hr\/ivanec\/#\/schema\/person\/ecbb5b0c3a999e35a26d0dd923fe370e\",\"name\":\"ivanec\",\"image\":{\"@type\":\"ImageObject\",\"@id\":\"http:\/\/knjiznice.nsk.hr\/ivanec\/#personlogo\",\"inLanguage\":\"hr\",\"url\":\"https:\/\/secure.gravatar.com\/avatar\/d5fc957cc8dec40235cc889596c874f3?s=96&d=mm&r=g\",\"contentUrl\":\"https:\/\/secure.gravatar.com\/avatar\/d5fc957cc8dec40235cc889596c874f3?s=96&d=mm&r=g\",\"caption\":\"ivanec\"},\"url\":\"https:\/\/knjiznice.nsk.hr\/ivanec\/\"}]}<\/script>\n<!-- \/ Yoast SEO plugin. -->","_links":{"self":[{"href":"https:\/\/knjiznice.nsk.hr\/ivanec\/wp-json\/wp\/v2\/posts\/1943"}],"collection":[{"href":"https:\/\/knjiznice.nsk.hr\/ivanec\/wp-json\/wp\/v2\/posts"}],"about":[{"href":"https:\/\/knjiznice.nsk.hr\/ivanec\/wp-json\/wp\/v2\/types\/post"}],"author":[{"embeddable":true,"href":"https:\/\/knjiznice.nsk.hr\/ivanec\/wp-json\/wp\/v2\/users\/23"}],"replies":[{"embeddable":true,"href":"https:\/\/knjiznice.nsk.hr\/ivanec\/wp-json\/wp\/v2\/comments?post=1943"}],"version-history":[{"count":1,"href":"https:\/\/knjiznice.nsk.hr\/ivanec\/wp-json\/wp\/v2\/posts\/1943\/revisions"}],"predecessor-version":[{"id":1945,"href":"https:\/\/knjiznice.nsk.hr\/ivanec\/wp-json\/wp\/v2\/posts\/1943\/revisions\/1945"}],"wp:attachment":[{"href":"https:\/\/knjiznice.nsk.hr\/ivanec\/wp-json\/wp\/v2\/media?parent=1943"}],"wp:term":[{"taxonomy":"category","embeddable":true,"href":"https:\/\/knjiznice.nsk.hr\/ivanec\/wp-json\/wp\/v2\/categories?post=1943"},{"taxonomy":"post_tag","embeddable":true,"href":"https:\/\/knjiznice.nsk.hr\/ivanec\/wp-json\/wp\/v2\/tags?post=1943"}],"curies":[{"name":"wp","href":"https:\/\/api.w.org\/{rel}","templated":true}]}}