{"id":1813,"date":"2024-04-30T14:08:55","date_gmt":"2024-04-30T14:08:55","guid":{"rendered":"http:\/\/knjiznice.nsk.hr\/ivanec\/?p=1813"},"modified":"2024-04-30T14:08:55","modified_gmt":"2024-04-30T14:08:55","slug":"otvorena-jos-jedna-mala-slobodna-knjiznica","status":"publish","type":"post","link":"https:\/\/knjiznice.nsk.hr\/ivanec\/2024\/04\/30\/otvorena-jos-jedna-mala-slobodna-knjiznica\/","title":{"rendered":"OTVORENA JO\u0160 JEDNA MALA SLOBODNA KNJI\u017dNICA"},"content":{"rendered":"<p>&#x1f380;Otvorena Mala slobodna knji\u017enica u Osnovnoj \u0161koli Ivanec &#x1f380;<\/p>\n<p>Od danas, na karti Hrvatske, Ivanec ima jo\u0161 jednu Malu slobodnu knji\u017enicu, 4&#xfe0f;&#x20e3; po redu&#x2757;&#xfe0f;<br \/>\nOvim otvorenjem i ova ku\u0107ica za knjige postaje dio Mre\u017ee malih slobodnih knji\u017enica Hrvatske https:\/\/min-kulture.gov.hr\/\u2026\/mreza-malih\u2026\/20990<br \/>\nPred zaigranom publikom iz na\u0161eg Dje\u010djeg vrti\u0107a &#8220;Ivan\u010dice&#8221; Ivanec i u\u010denicima 3. razreda Osnovne \u0161kole Ivanec danas smo okupani suncem otvorili jo\u0161 jednu ku\u0107icu za knjige u Ivancu. Dramska skupina 3. c razreda pod vodstvom u\u010diteljice Ivan\u010dice Krtanjek za ovu nam je priliku pripremila STORYTELLING tj. pripovijedanje bajki. U\u017eivali smo u izvedbama Mirijam \u010cavlek, Martine Miga\u010d i Marine Risek, a nakon toga smo svi u glas proglasili Malu slobodnu ku\u0107icu za knjige OTVORENOM&#x2757;&#xfe0f;&#x2757;&#xfe0f;&#x2757;&#xfe0f;<\/p>\n<p>Jo\u0161 jednom se zahvaljujemo svima koji su pomogli u realizaciji ovog projekta: Gradu Ivancu, Srednjoj \u0161koli Ivanec i ravnateljici Lidiji Kozina, u\u010denicima od 1.-3. razreda koji su zajedno s majstorom Tomicom Sankovi\u0107em izradili ku\u0107ice, gospo\u0111i Petri Proki\u0107 Olman koja ih je oslikala te knji\u017eni\u010darki Iskri Petak.<br \/>\nNaravno, zahvaljujemo i na\u0161em dana\u0161njem doma\u0107inu Osnovnoj \u0161koli i ravnatelju Damiru Jagi\u0107u na podr\u0161ci i pomo\u0107i prilikom postavljanja ku\u0107ice, domaru i \u010dista\u0107icama, u\u010diteljici Ivan\u010dici Krtanjek i u\u010denicima 3.c. razreda, volonterkama Feanki i Lei, na\u0161im tetama i vrti\u0107ancima te knji\u017eni\u010darki Amandi koja je za vrijeme trajanja programa \u010duvala na\u0161u najve\u0107u knji\u017enicu u gradu. Svi su dali jedan dio sebe i sada na\u0161 mali grad ima \u010dak \u010detiri male ku\u0107ice za knjige kojima \u0107e knjiga postati jo\u0161 dostupnija svima i bez odlaska u knji\u017enicu!<\/p>\n<p>Zahvaljujem Franki na &#x1f4f8;!<\/p>\n<p>\u010cuvajte na\u0161e ku\u0107ice za knjige, njihov sadr\u017eaj i \u010c I T A J T E!!!!<\/p>\n<p>&nbsp;<\/p>\n<p>&nbsp;<\/p>\n<p><a href=\"http:\/\/knjiznice.nsk.hr\/ivanec\/wp-content\/uploads\/sites\/27\/2024\/04\/FB_IMG_1714485906251.jpg\"><img loading=\"lazy\" class=\"size-medium wp-image-1814 aligncenter\" src=\"http:\/\/knjiznice.nsk.hr\/ivanec\/wp-content\/uploads\/sites\/27\/2024\/04\/FB_IMG_1714485906251-219x300.jpg\" alt=\"\" width=\"219\" height=\"300\" srcset=\"https:\/\/knjiznice.nsk.hr\/ivanec\/wp-content\/uploads\/sites\/27\/2024\/04\/FB_IMG_1714485906251-219x300.jpg 219w, https:\/\/knjiznice.nsk.hr\/ivanec\/wp-content\/uploads\/sites\/27\/2024\/04\/FB_IMG_1714485906251-748x1024.jpg 748w, https:\/\/knjiznice.nsk.hr\/ivanec\/wp-content\/uploads\/sites\/27\/2024\/04\/FB_IMG_1714485906251-768x1051.jpg 768w, https:\/\/knjiznice.nsk.hr\/ivanec\/wp-content\/uploads\/sites\/27\/2024\/04\/FB_IMG_1714485906251-600x821.jpg 600w, https:\/\/knjiznice.nsk.hr\/ivanec\/wp-content\/uploads\/sites\/27\/2024\/04\/FB_IMG_1714485906251.jpg 1080w\" sizes=\"(max-width: 219px) 100vw, 219px\" \/><\/a><\/p>\n","protected":false},"excerpt":{"rendered":"<p>&#x1f380;Otvorena Mala slobodna knji\u017enica u Osnovnoj \u0161koli Ivanec &#x1f380; Od danas, na karti Hrvatske, Ivanec ima jo\u0161 jednu Malu slobodnu knji\u017enicu, 4&#xfe0f;&#x20e3; po redu&#x2757;&#xfe0f; Ovim otvorenjem i ova ku\u0107ica za knjige postaje dio Mre\u017ee malih slobodnih knji\u017enica Hrvatske https:\/\/min-kulture.gov.hr\/\u2026\/mreza-malih\u2026\/20990 Pred zaigranom publikom iz na\u0161eg Dje\u010djeg vrti\u0107a &#8220;Ivan\u010dice&#8221; Ivanec i u\u010denicima 3. razreda Osnovne \u0161kole Ivanec [&hellip;]<\/p>\n","protected":false},"author":23,"featured_media":0,"comment_status":"closed","ping_status":"closed","sticky":false,"template":"","format":"standard","meta":{"ngg_post_thumbnail":0},"categories":[1],"tags":[],"yoast_head":"<!-- This site is optimized with the Yoast SEO plugin v16.4 - https:\/\/yoast.com\/wordpress\/plugins\/seo\/ -->\n<meta name=\"robots\" content=\"index, follow, max-snippet:-1, max-image-preview:large, max-video-preview:-1\" \/>\n<link rel=\"canonical\" href=\"https:\/\/knjiznice.nsk.hr\/ivanec\/2024\/04\/30\/otvorena-jos-jedna-mala-slobodna-knjiznica\/\" \/>\n<meta property=\"og:locale\" content=\"hr_HR\" \/>\n<meta property=\"og:type\" content=\"article\" \/>\n<meta property=\"og:title\" content=\"OTVORENA JO\u0160 JEDNA MALA SLOBODNA KNJI\u017dNICA - Gradska knji\u017enica i \u010ditaonica &quot;Gustav Krklec&quot; Ivanec\" \/>\n<meta property=\"og:description\" content=\"&#x1f380;Otvorena Mala slobodna knji\u017enica u Osnovnoj \u0161koli Ivanec &#x1f380; Od danas, na karti Hrvatske, Ivanec ima jo\u0161 jednu Malu slobodnu knji\u017enicu, 4&#xfe0f;&#x20e3; po redu&#x2757;&#xfe0f; Ovim otvorenjem i ova ku\u0107ica za knjige postaje dio Mre\u017ee malih slobodnih knji\u017enica Hrvatske https:\/\/min-kulture.gov.hr\/\u2026\/mreza-malih\u2026\/20990 Pred zaigranom publikom iz na\u0161eg Dje\u010djeg vrti\u0107a &#8220;Ivan\u010dice&#8221; Ivanec i u\u010denicima 3. razreda Osnovne \u0161kole Ivanec [&hellip;]\" \/>\n<meta property=\"og:url\" content=\"https:\/\/knjiznice.nsk.hr\/ivanec\/2024\/04\/30\/otvorena-jos-jedna-mala-slobodna-knjiznica\/\" \/>\n<meta property=\"og:site_name\" content=\"Gradska knji\u017enica i \u010ditaonica &quot;Gustav Krklec&quot; Ivanec\" \/>\n<meta property=\"article:published_time\" content=\"2024-04-30T14:08:55+00:00\" \/>\n<meta property=\"og:image\" content=\"http:\/\/knjiznice.nsk.hr\/ivanec\/wp-content\/uploads\/sites\/27\/2024\/04\/FB_IMG_1714485906251-219x300.jpg\" \/>\n<meta name=\"twitter:label1\" content=\"Procijenjeno vrijeme \u010ditanja\" \/>\n\t<meta name=\"twitter:data1\" content=\"2 minute\" \/>\n<script type=\"application\/ld+json\" class=\"yoast-schema-graph\">{\"@context\":\"https:\/\/schema.org\",\"@graph\":[{\"@type\":\"WebSite\",\"@id\":\"http:\/\/knjiznice.nsk.hr\/ivanec\/#website\",\"url\":\"http:\/\/knjiznice.nsk.hr\/ivanec\/\",\"name\":\"Gradska knji\\u017enica i \\u010ditaonica &quot;Gustav Krklec&quot; Ivanec\",\"description\":\"Djeca koja \\u010ditaju postaju ljudi koji misle.\",\"potentialAction\":[{\"@type\":\"SearchAction\",\"target\":\"http:\/\/knjiznice.nsk.hr\/ivanec\/?s={search_term_string}\",\"query-input\":\"required name=search_term_string\"}],\"inLanguage\":\"hr\"},{\"@type\":\"ImageObject\",\"@id\":\"https:\/\/knjiznice.nsk.hr\/ivanec\/2024\/04\/30\/otvorena-jos-jedna-mala-slobodna-knjiznica\/#primaryimage\",\"inLanguage\":\"hr\",\"url\":\"http:\/\/knjiznice.nsk.hr\/ivanec\/wp-content\/uploads\/sites\/27\/2024\/04\/FB_IMG_1714485906251-219x300.jpg\",\"contentUrl\":\"http:\/\/knjiznice.nsk.hr\/ivanec\/wp-content\/uploads\/sites\/27\/2024\/04\/FB_IMG_1714485906251-219x300.jpg\"},{\"@type\":\"WebPage\",\"@id\":\"https:\/\/knjiznice.nsk.hr\/ivanec\/2024\/04\/30\/otvorena-jos-jedna-mala-slobodna-knjiznica\/#webpage\",\"url\":\"https:\/\/knjiznice.nsk.hr\/ivanec\/2024\/04\/30\/otvorena-jos-jedna-mala-slobodna-knjiznica\/\",\"name\":\"OTVORENA JO\\u0160 JEDNA MALA SLOBODNA KNJI\\u017dNICA - Gradska knji\\u017enica i \\u010ditaonica &quot;Gustav Krklec&quot; Ivanec\",\"isPartOf\":{\"@id\":\"http:\/\/knjiznice.nsk.hr\/ivanec\/#website\"},\"primaryImageOfPage\":{\"@id\":\"https:\/\/knjiznice.nsk.hr\/ivanec\/2024\/04\/30\/otvorena-jos-jedna-mala-slobodna-knjiznica\/#primaryimage\"},\"datePublished\":\"2024-04-30T14:08:55+00:00\",\"dateModified\":\"2024-04-30T14:08:55+00:00\",\"author\":{\"@id\":\"http:\/\/knjiznice.nsk.hr\/ivanec\/#\/schema\/person\/ecbb5b0c3a999e35a26d0dd923fe370e\"},\"breadcrumb\":{\"@id\":\"https:\/\/knjiznice.nsk.hr\/ivanec\/2024\/04\/30\/otvorena-jos-jedna-mala-slobodna-knjiznica\/#breadcrumb\"},\"inLanguage\":\"hr\",\"potentialAction\":[{\"@type\":\"ReadAction\",\"target\":[\"https:\/\/knjiznice.nsk.hr\/ivanec\/2024\/04\/30\/otvorena-jos-jedna-mala-slobodna-knjiznica\/\"]}]},{\"@type\":\"BreadcrumbList\",\"@id\":\"https:\/\/knjiznice.nsk.hr\/ivanec\/2024\/04\/30\/otvorena-jos-jedna-mala-slobodna-knjiznica\/#breadcrumb\",\"itemListElement\":[{\"@type\":\"ListItem\",\"position\":1,\"item\":{\"@type\":\"WebPage\",\"@id\":\"http:\/\/knjiznice.nsk.hr\/ivanec\/\",\"url\":\"http:\/\/knjiznice.nsk.hr\/ivanec\/\",\"name\":\"Po\\u010detna stranica\"}},{\"@type\":\"ListItem\",\"position\":2,\"item\":{\"@id\":\"https:\/\/knjiznice.nsk.hr\/ivanec\/2024\/04\/30\/otvorena-jos-jedna-mala-slobodna-knjiznica\/#webpage\"}}]},{\"@type\":\"Person\",\"@id\":\"http:\/\/knjiznice.nsk.hr\/ivanec\/#\/schema\/person\/ecbb5b0c3a999e35a26d0dd923fe370e\",\"name\":\"ivanec\",\"image\":{\"@type\":\"ImageObject\",\"@id\":\"http:\/\/knjiznice.nsk.hr\/ivanec\/#personlogo\",\"inLanguage\":\"hr\",\"url\":\"https:\/\/secure.gravatar.com\/avatar\/d5fc957cc8dec40235cc889596c874f3?s=96&d=mm&r=g\",\"contentUrl\":\"https:\/\/secure.gravatar.com\/avatar\/d5fc957cc8dec40235cc889596c874f3?s=96&d=mm&r=g\",\"caption\":\"ivanec\"},\"url\":\"https:\/\/knjiznice.nsk.hr\/ivanec\/\"}]}<\/script>\n<!-- \/ Yoast SEO plugin. -->","_links":{"self":[{"href":"https:\/\/knjiznice.nsk.hr\/ivanec\/wp-json\/wp\/v2\/posts\/1813"}],"collection":[{"href":"https:\/\/knjiznice.nsk.hr\/ivanec\/wp-json\/wp\/v2\/posts"}],"about":[{"href":"https:\/\/knjiznice.nsk.hr\/ivanec\/wp-json\/wp\/v2\/types\/post"}],"author":[{"embeddable":true,"href":"https:\/\/knjiznice.nsk.hr\/ivanec\/wp-json\/wp\/v2\/users\/23"}],"replies":[{"embeddable":true,"href":"https:\/\/knjiznice.nsk.hr\/ivanec\/wp-json\/wp\/v2\/comments?post=1813"}],"version-history":[{"count":1,"href":"https:\/\/knjiznice.nsk.hr\/ivanec\/wp-json\/wp\/v2\/posts\/1813\/revisions"}],"predecessor-version":[{"id":1815,"href":"https:\/\/knjiznice.nsk.hr\/ivanec\/wp-json\/wp\/v2\/posts\/1813\/revisions\/1815"}],"wp:attachment":[{"href":"https:\/\/knjiznice.nsk.hr\/ivanec\/wp-json\/wp\/v2\/media?parent=1813"}],"wp:term":[{"taxonomy":"category","embeddable":true,"href":"https:\/\/knjiznice.nsk.hr\/ivanec\/wp-json\/wp\/v2\/categories?post=1813"},{"taxonomy":"post_tag","embeddable":true,"href":"https:\/\/knjiznice.nsk.hr\/ivanec\/wp-json\/wp\/v2\/tags?post=1813"}],"curies":[{"name":"wp","href":"https:\/\/api.w.org\/{rel}","templated":true}]}}