{"id":1769,"date":"2024-03-27T13:32:57","date_gmt":"2024-03-27T13:32:57","guid":{"rendered":"http:\/\/knjiznice.nsk.hr\/ivanec\/?p=1769"},"modified":"2024-03-27T13:32:57","modified_gmt":"2024-03-27T13:32:57","slug":"znameniti-ivancani-radionica-i-predavanje","status":"publish","type":"post","link":"https:\/\/knjiznice.nsk.hr\/ivanec\/2024\/03\/27\/znameniti-ivancani-radionica-i-predavanje\/","title":{"rendered":"ZNAMENITI IVAN\u010cANI &#8211; RADIONICA I PREDAVANJE"},"content":{"rendered":"<p>ZNAMENITI IVAN\u010cANI\/FUN FACTS- Marijan Kra\u0161 &#8211; radionica i predavanje<br \/>\nU\u010denici 8. razreda sa svojom mentoricom prof. Sonjom Poljak danas su sudjelovali u radionici i predavanju o &#8220;Znamenitim Ivan\u010danima&#8221; o kojima nam je s ponosom pri\u010dao prof. Marijan Kra\u0161. Saznali smo brojne \u010dinjenice i nau\u010dili za\u0161to neke ulice i ustanove nose imena upravo tih osoba iz povijesti. Na nama je da procijenimo jesmo li ponosni na postignu\u0107a svojih Ivan\u010dana ili o njima zapravo jako malo znamo. Slijedi nam priprema za KLIOFEST&#x1f30e;<br \/>\nZahvaljujemo volonterkama Lei i Franki na pomo\u0107i i sudjelovanju u projektu.<\/p>\n<p>&nbsp;<\/p>\n<p><a href=\"http:\/\/knjiznice.nsk.hr\/ivanec\/wp-content\/uploads\/sites\/27\/2024\/03\/IMG_20240327_143148.jpg\"><img loading=\"lazy\" class=\"size-medium wp-image-1770 aligncenter\" src=\"http:\/\/knjiznice.nsk.hr\/ivanec\/wp-content\/uploads\/sites\/27\/2024\/03\/IMG_20240327_143148-287x300.jpg\" alt=\"\" width=\"287\" height=\"300\" srcset=\"https:\/\/knjiznice.nsk.hr\/ivanec\/wp-content\/uploads\/sites\/27\/2024\/03\/IMG_20240327_143148-287x300.jpg 287w, https:\/\/knjiznice.nsk.hr\/ivanec\/wp-content\/uploads\/sites\/27\/2024\/03\/IMG_20240327_143148-979x1024.jpg 979w, https:\/\/knjiznice.nsk.hr\/ivanec\/wp-content\/uploads\/sites\/27\/2024\/03\/IMG_20240327_143148-768x804.jpg 768w, https:\/\/knjiznice.nsk.hr\/ivanec\/wp-content\/uploads\/sites\/27\/2024\/03\/IMG_20240327_143148-600x628.jpg 600w, https:\/\/knjiznice.nsk.hr\/ivanec\/wp-content\/uploads\/sites\/27\/2024\/03\/IMG_20240327_143148.jpg 1080w\" sizes=\"(max-width: 287px) 100vw, 287px\" \/><\/a><\/p>\n","protected":false},"excerpt":{"rendered":"<p>ZNAMENITI IVAN\u010cANI\/FUN FACTS- Marijan Kra\u0161 &#8211; radionica i predavanje U\u010denici 8. razreda sa svojom mentoricom prof. Sonjom Poljak danas su sudjelovali u radionici i predavanju o &#8220;Znamenitim Ivan\u010danima&#8221; o kojima nam je s ponosom pri\u010dao prof. Marijan Kra\u0161. Saznali smo brojne \u010dinjenice i nau\u010dili za\u0161to neke ulice i ustanove nose imena upravo tih osoba iz [&hellip;]<\/p>\n","protected":false},"author":23,"featured_media":0,"comment_status":"closed","ping_status":"closed","sticky":false,"template":"","format":"standard","meta":{"ngg_post_thumbnail":0},"categories":[1],"tags":[],"yoast_head":"<!-- This site is optimized with the Yoast SEO plugin v16.4 - https:\/\/yoast.com\/wordpress\/plugins\/seo\/ -->\n<meta name=\"robots\" content=\"index, follow, max-snippet:-1, max-image-preview:large, max-video-preview:-1\" \/>\n<link rel=\"canonical\" href=\"https:\/\/knjiznice.nsk.hr\/ivanec\/2024\/03\/27\/znameniti-ivancani-radionica-i-predavanje\/\" \/>\n<meta property=\"og:locale\" content=\"hr_HR\" \/>\n<meta property=\"og:type\" content=\"article\" \/>\n<meta property=\"og:title\" content=\"ZNAMENITI IVAN\u010cANI - RADIONICA I PREDAVANJE - Gradska knji\u017enica i \u010ditaonica &quot;Gustav Krklec&quot; Ivanec\" \/>\n<meta property=\"og:description\" content=\"ZNAMENITI IVAN\u010cANI\/FUN FACTS- Marijan Kra\u0161 &#8211; radionica i predavanje U\u010denici 8. razreda sa svojom mentoricom prof. Sonjom Poljak danas su sudjelovali u radionici i predavanju o &#8220;Znamenitim Ivan\u010danima&#8221; o kojima nam je s ponosom pri\u010dao prof. Marijan Kra\u0161. Saznali smo brojne \u010dinjenice i nau\u010dili za\u0161to neke ulice i ustanove nose imena upravo tih osoba iz [&hellip;]\" \/>\n<meta property=\"og:url\" content=\"https:\/\/knjiznice.nsk.hr\/ivanec\/2024\/03\/27\/znameniti-ivancani-radionica-i-predavanje\/\" \/>\n<meta property=\"og:site_name\" content=\"Gradska knji\u017enica i \u010ditaonica &quot;Gustav Krklec&quot; Ivanec\" \/>\n<meta property=\"article:published_time\" content=\"2024-03-27T13:32:57+00:00\" \/>\n<meta property=\"og:image\" content=\"http:\/\/knjiznice.nsk.hr\/ivanec\/wp-content\/uploads\/sites\/27\/2024\/03\/IMG_20240327_143148-287x300.jpg\" \/>\n<meta name=\"twitter:label1\" content=\"Procijenjeno vrijeme \u010ditanja\" \/>\n\t<meta name=\"twitter:data1\" content=\"1 minuta\" \/>\n<script type=\"application\/ld+json\" class=\"yoast-schema-graph\">{\"@context\":\"https:\/\/schema.org\",\"@graph\":[{\"@type\":\"WebSite\",\"@id\":\"http:\/\/knjiznice.nsk.hr\/ivanec\/#website\",\"url\":\"http:\/\/knjiznice.nsk.hr\/ivanec\/\",\"name\":\"Gradska knji\\u017enica i \\u010ditaonica &quot;Gustav Krklec&quot; Ivanec\",\"description\":\"Djeca koja \\u010ditaju postaju ljudi koji misle.\",\"potentialAction\":[{\"@type\":\"SearchAction\",\"target\":\"http:\/\/knjiznice.nsk.hr\/ivanec\/?s={search_term_string}\",\"query-input\":\"required name=search_term_string\"}],\"inLanguage\":\"hr\"},{\"@type\":\"ImageObject\",\"@id\":\"https:\/\/knjiznice.nsk.hr\/ivanec\/2024\/03\/27\/znameniti-ivancani-radionica-i-predavanje\/#primaryimage\",\"inLanguage\":\"hr\",\"url\":\"http:\/\/knjiznice.nsk.hr\/ivanec\/wp-content\/uploads\/sites\/27\/2024\/03\/IMG_20240327_143148-287x300.jpg\",\"contentUrl\":\"http:\/\/knjiznice.nsk.hr\/ivanec\/wp-content\/uploads\/sites\/27\/2024\/03\/IMG_20240327_143148-287x300.jpg\"},{\"@type\":\"WebPage\",\"@id\":\"https:\/\/knjiznice.nsk.hr\/ivanec\/2024\/03\/27\/znameniti-ivancani-radionica-i-predavanje\/#webpage\",\"url\":\"https:\/\/knjiznice.nsk.hr\/ivanec\/2024\/03\/27\/znameniti-ivancani-radionica-i-predavanje\/\",\"name\":\"ZNAMENITI IVAN\\u010cANI - RADIONICA I PREDAVANJE - Gradska knji\\u017enica i \\u010ditaonica &quot;Gustav Krklec&quot; Ivanec\",\"isPartOf\":{\"@id\":\"http:\/\/knjiznice.nsk.hr\/ivanec\/#website\"},\"primaryImageOfPage\":{\"@id\":\"https:\/\/knjiznice.nsk.hr\/ivanec\/2024\/03\/27\/znameniti-ivancani-radionica-i-predavanje\/#primaryimage\"},\"datePublished\":\"2024-03-27T13:32:57+00:00\",\"dateModified\":\"2024-03-27T13:32:57+00:00\",\"author\":{\"@id\":\"http:\/\/knjiznice.nsk.hr\/ivanec\/#\/schema\/person\/ecbb5b0c3a999e35a26d0dd923fe370e\"},\"breadcrumb\":{\"@id\":\"https:\/\/knjiznice.nsk.hr\/ivanec\/2024\/03\/27\/znameniti-ivancani-radionica-i-predavanje\/#breadcrumb\"},\"inLanguage\":\"hr\",\"potentialAction\":[{\"@type\":\"ReadAction\",\"target\":[\"https:\/\/knjiznice.nsk.hr\/ivanec\/2024\/03\/27\/znameniti-ivancani-radionica-i-predavanje\/\"]}]},{\"@type\":\"BreadcrumbList\",\"@id\":\"https:\/\/knjiznice.nsk.hr\/ivanec\/2024\/03\/27\/znameniti-ivancani-radionica-i-predavanje\/#breadcrumb\",\"itemListElement\":[{\"@type\":\"ListItem\",\"position\":1,\"item\":{\"@type\":\"WebPage\",\"@id\":\"http:\/\/knjiznice.nsk.hr\/ivanec\/\",\"url\":\"http:\/\/knjiznice.nsk.hr\/ivanec\/\",\"name\":\"Po\\u010detna stranica\"}},{\"@type\":\"ListItem\",\"position\":2,\"item\":{\"@id\":\"https:\/\/knjiznice.nsk.hr\/ivanec\/2024\/03\/27\/znameniti-ivancani-radionica-i-predavanje\/#webpage\"}}]},{\"@type\":\"Person\",\"@id\":\"http:\/\/knjiznice.nsk.hr\/ivanec\/#\/schema\/person\/ecbb5b0c3a999e35a26d0dd923fe370e\",\"name\":\"ivanec\",\"image\":{\"@type\":\"ImageObject\",\"@id\":\"http:\/\/knjiznice.nsk.hr\/ivanec\/#personlogo\",\"inLanguage\":\"hr\",\"url\":\"https:\/\/secure.gravatar.com\/avatar\/d5fc957cc8dec40235cc889596c874f3?s=96&d=mm&r=g\",\"contentUrl\":\"https:\/\/secure.gravatar.com\/avatar\/d5fc957cc8dec40235cc889596c874f3?s=96&d=mm&r=g\",\"caption\":\"ivanec\"},\"url\":\"https:\/\/knjiznice.nsk.hr\/ivanec\/\"}]}<\/script>\n<!-- \/ Yoast SEO plugin. -->","_links":{"self":[{"href":"https:\/\/knjiznice.nsk.hr\/ivanec\/wp-json\/wp\/v2\/posts\/1769"}],"collection":[{"href":"https:\/\/knjiznice.nsk.hr\/ivanec\/wp-json\/wp\/v2\/posts"}],"about":[{"href":"https:\/\/knjiznice.nsk.hr\/ivanec\/wp-json\/wp\/v2\/types\/post"}],"author":[{"embeddable":true,"href":"https:\/\/knjiznice.nsk.hr\/ivanec\/wp-json\/wp\/v2\/users\/23"}],"replies":[{"embeddable":true,"href":"https:\/\/knjiznice.nsk.hr\/ivanec\/wp-json\/wp\/v2\/comments?post=1769"}],"version-history":[{"count":1,"href":"https:\/\/knjiznice.nsk.hr\/ivanec\/wp-json\/wp\/v2\/posts\/1769\/revisions"}],"predecessor-version":[{"id":1771,"href":"https:\/\/knjiznice.nsk.hr\/ivanec\/wp-json\/wp\/v2\/posts\/1769\/revisions\/1771"}],"wp:attachment":[{"href":"https:\/\/knjiznice.nsk.hr\/ivanec\/wp-json\/wp\/v2\/media?parent=1769"}],"wp:term":[{"taxonomy":"category","embeddable":true,"href":"https:\/\/knjiznice.nsk.hr\/ivanec\/wp-json\/wp\/v2\/categories?post=1769"},{"taxonomy":"post_tag","embeddable":true,"href":"https:\/\/knjiznice.nsk.hr\/ivanec\/wp-json\/wp\/v2\/tags?post=1769"}],"curies":[{"name":"wp","href":"https:\/\/api.w.org\/{rel}","templated":true}]}}