{"id":1739,"date":"2024-02-20T07:17:33","date_gmt":"2024-02-20T07:17:33","guid":{"rendered":"http:\/\/knjiznice.nsk.hr\/ivanec\/?p=1739"},"modified":"2024-02-20T07:17:33","modified_gmt":"2024-02-20T07:17:33","slug":"ostavstina-marijan-kras","status":"publish","type":"post","link":"https:\/\/knjiznice.nsk.hr\/ivanec\/2024\/02\/20\/ostavstina-marijan-kras\/","title":{"rendered":"OSTAV\u0160TINA &#8211; MARIJAN KRA\u0160"},"content":{"rendered":"<p>Gradska knji\u017enica Ivanec ovih je dana primila vrijedan dio ostav\u0161tine pokojnog prof. Marijana Kra\u0161a, prvog ivane\u010dkog knji\u017eni\u010dara i dugogodi\u0161njeg ravnatelja Gradske knji\u017enice Vara\u017edin. Zahvaljujemo obitelji Kra\u0161 koja nam je dostavila vrijednu gra\u0111u, a pred nama je sada zahtjevan, ali i zanimljiv posao razvrstavanja i pripreme gra\u0111e za obradu. Sva predana gra\u0111a postat \u0107e dio Zavi\u010dajne zbirke knji\u017enice i slu\u017eit \u0107e budu\u0107im nara\u0161tajima za istra\u017eivanje izvora koji su i prof. Kra\u0161u bili temelj za pisanje povijesti na\u0161ega grada.<\/p>\n<p>&nbsp;<\/p>\n<p><a href=\"http:\/\/knjiznice.nsk.hr\/ivanec\/wp-content\/uploads\/sites\/27\/2024\/02\/IMG_20240219_180844_615.jpg\"><img loading=\"lazy\" class=\"size-medium wp-image-1740 aligncenter\" src=\"http:\/\/knjiznice.nsk.hr\/ivanec\/wp-content\/uploads\/sites\/27\/2024\/02\/IMG_20240219_180844_615-240x300.jpg\" alt=\"\" width=\"240\" height=\"300\" srcset=\"https:\/\/knjiznice.nsk.hr\/ivanec\/wp-content\/uploads\/sites\/27\/2024\/02\/IMG_20240219_180844_615-240x300.jpg 240w, https:\/\/knjiznice.nsk.hr\/ivanec\/wp-content\/uploads\/sites\/27\/2024\/02\/IMG_20240219_180844_615-819x1024.jpg 819w, https:\/\/knjiznice.nsk.hr\/ivanec\/wp-content\/uploads\/sites\/27\/2024\/02\/IMG_20240219_180844_615-768x960.jpg 768w, https:\/\/knjiznice.nsk.hr\/ivanec\/wp-content\/uploads\/sites\/27\/2024\/02\/IMG_20240219_180844_615-600x750.jpg 600w, https:\/\/knjiznice.nsk.hr\/ivanec\/wp-content\/uploads\/sites\/27\/2024\/02\/IMG_20240219_180844_615.jpg 1080w\" sizes=\"(max-width: 240px) 100vw, 240px\" \/><\/a><\/p>\n","protected":false},"excerpt":{"rendered":"<p>Gradska knji\u017enica Ivanec ovih je dana primila vrijedan dio ostav\u0161tine pokojnog prof. Marijana Kra\u0161a, prvog ivane\u010dkog knji\u017eni\u010dara i dugogodi\u0161njeg ravnatelja Gradske knji\u017enice Vara\u017edin. Zahvaljujemo obitelji Kra\u0161 koja nam je dostavila vrijednu gra\u0111u, a pred nama je sada zahtjevan, ali i zanimljiv posao razvrstavanja i pripreme gra\u0111e za obradu. Sva predana gra\u0111a postat \u0107e dio Zavi\u010dajne [&hellip;]<\/p>\n","protected":false},"author":23,"featured_media":0,"comment_status":"closed","ping_status":"closed","sticky":false,"template":"","format":"standard","meta":{"ngg_post_thumbnail":0},"categories":[1],"tags":[],"yoast_head":"<!-- This site is optimized with the Yoast SEO plugin v16.4 - https:\/\/yoast.com\/wordpress\/plugins\/seo\/ -->\n<meta name=\"robots\" content=\"index, follow, max-snippet:-1, max-image-preview:large, max-video-preview:-1\" \/>\n<link rel=\"canonical\" href=\"https:\/\/knjiznice.nsk.hr\/ivanec\/2024\/02\/20\/ostavstina-marijan-kras\/\" \/>\n<meta property=\"og:locale\" content=\"hr_HR\" \/>\n<meta property=\"og:type\" content=\"article\" \/>\n<meta property=\"og:title\" content=\"OSTAV\u0160TINA - MARIJAN KRA\u0160 - Gradska knji\u017enica i \u010ditaonica &quot;Gustav Krklec&quot; Ivanec\" \/>\n<meta property=\"og:description\" content=\"Gradska knji\u017enica Ivanec ovih je dana primila vrijedan dio ostav\u0161tine pokojnog prof. Marijana Kra\u0161a, prvog ivane\u010dkog knji\u017eni\u010dara i dugogodi\u0161njeg ravnatelja Gradske knji\u017enice Vara\u017edin. Zahvaljujemo obitelji Kra\u0161 koja nam je dostavila vrijednu gra\u0111u, a pred nama je sada zahtjevan, ali i zanimljiv posao razvrstavanja i pripreme gra\u0111e za obradu. Sva predana gra\u0111a postat \u0107e dio Zavi\u010dajne [&hellip;]\" \/>\n<meta property=\"og:url\" content=\"https:\/\/knjiznice.nsk.hr\/ivanec\/2024\/02\/20\/ostavstina-marijan-kras\/\" \/>\n<meta property=\"og:site_name\" content=\"Gradska knji\u017enica i \u010ditaonica &quot;Gustav Krklec&quot; Ivanec\" \/>\n<meta property=\"article:published_time\" content=\"2024-02-20T07:17:33+00:00\" \/>\n<meta property=\"og:image\" content=\"http:\/\/knjiznice.nsk.hr\/ivanec\/wp-content\/uploads\/sites\/27\/2024\/02\/IMG_20240219_180844_615-240x300.jpg\" \/>\n<meta name=\"twitter:label1\" content=\"Procijenjeno vrijeme \u010ditanja\" \/>\n\t<meta name=\"twitter:data1\" content=\"1 minuta\" \/>\n<script type=\"application\/ld+json\" class=\"yoast-schema-graph\">{\"@context\":\"https:\/\/schema.org\",\"@graph\":[{\"@type\":\"WebSite\",\"@id\":\"https:\/\/knjiznice.nsk.hr\/ivanec\/#website\",\"url\":\"https:\/\/knjiznice.nsk.hr\/ivanec\/\",\"name\":\"Gradska knji\\u017enica i \\u010ditaonica &quot;Gustav Krklec&quot; Ivanec\",\"description\":\"Djeca koja \\u010ditaju postaju ljudi koji misle.\",\"potentialAction\":[{\"@type\":\"SearchAction\",\"target\":\"https:\/\/knjiznice.nsk.hr\/ivanec\/?s={search_term_string}\",\"query-input\":\"required name=search_term_string\"}],\"inLanguage\":\"hr\"},{\"@type\":\"ImageObject\",\"@id\":\"https:\/\/knjiznice.nsk.hr\/ivanec\/2024\/02\/20\/ostavstina-marijan-kras\/#primaryimage\",\"inLanguage\":\"hr\",\"url\":\"http:\/\/knjiznice.nsk.hr\/ivanec\/wp-content\/uploads\/sites\/27\/2024\/02\/IMG_20240219_180844_615-240x300.jpg\",\"contentUrl\":\"http:\/\/knjiznice.nsk.hr\/ivanec\/wp-content\/uploads\/sites\/27\/2024\/02\/IMG_20240219_180844_615-240x300.jpg\"},{\"@type\":\"WebPage\",\"@id\":\"https:\/\/knjiznice.nsk.hr\/ivanec\/2024\/02\/20\/ostavstina-marijan-kras\/#webpage\",\"url\":\"https:\/\/knjiznice.nsk.hr\/ivanec\/2024\/02\/20\/ostavstina-marijan-kras\/\",\"name\":\"OSTAV\\u0160TINA - MARIJAN KRA\\u0160 - Gradska knji\\u017enica i \\u010ditaonica &quot;Gustav Krklec&quot; Ivanec\",\"isPartOf\":{\"@id\":\"https:\/\/knjiznice.nsk.hr\/ivanec\/#website\"},\"primaryImageOfPage\":{\"@id\":\"https:\/\/knjiznice.nsk.hr\/ivanec\/2024\/02\/20\/ostavstina-marijan-kras\/#primaryimage\"},\"datePublished\":\"2024-02-20T07:17:33+00:00\",\"dateModified\":\"2024-02-20T07:17:33+00:00\",\"author\":{\"@id\":\"https:\/\/knjiznice.nsk.hr\/ivanec\/#\/schema\/person\/ecbb5b0c3a999e35a26d0dd923fe370e\"},\"breadcrumb\":{\"@id\":\"https:\/\/knjiznice.nsk.hr\/ivanec\/2024\/02\/20\/ostavstina-marijan-kras\/#breadcrumb\"},\"inLanguage\":\"hr\",\"potentialAction\":[{\"@type\":\"ReadAction\",\"target\":[\"https:\/\/knjiznice.nsk.hr\/ivanec\/2024\/02\/20\/ostavstina-marijan-kras\/\"]}]},{\"@type\":\"BreadcrumbList\",\"@id\":\"https:\/\/knjiznice.nsk.hr\/ivanec\/2024\/02\/20\/ostavstina-marijan-kras\/#breadcrumb\",\"itemListElement\":[{\"@type\":\"ListItem\",\"position\":1,\"item\":{\"@type\":\"WebPage\",\"@id\":\"https:\/\/knjiznice.nsk.hr\/ivanec\/\",\"url\":\"https:\/\/knjiznice.nsk.hr\/ivanec\/\",\"name\":\"Po\\u010detna stranica\"}},{\"@type\":\"ListItem\",\"position\":2,\"item\":{\"@id\":\"https:\/\/knjiznice.nsk.hr\/ivanec\/2024\/02\/20\/ostavstina-marijan-kras\/#webpage\"}}]},{\"@type\":\"Person\",\"@id\":\"https:\/\/knjiznice.nsk.hr\/ivanec\/#\/schema\/person\/ecbb5b0c3a999e35a26d0dd923fe370e\",\"name\":\"ivanec\",\"image\":{\"@type\":\"ImageObject\",\"@id\":\"https:\/\/knjiznice.nsk.hr\/ivanec\/#personlogo\",\"inLanguage\":\"hr\",\"url\":\"https:\/\/secure.gravatar.com\/avatar\/d5fc957cc8dec40235cc889596c874f3?s=96&d=mm&r=g\",\"contentUrl\":\"https:\/\/secure.gravatar.com\/avatar\/d5fc957cc8dec40235cc889596c874f3?s=96&d=mm&r=g\",\"caption\":\"ivanec\"},\"url\":\"https:\/\/knjiznice.nsk.hr\/ivanec\/\"}]}<\/script>\n<!-- \/ Yoast SEO plugin. -->","_links":{"self":[{"href":"https:\/\/knjiznice.nsk.hr\/ivanec\/wp-json\/wp\/v2\/posts\/1739"}],"collection":[{"href":"https:\/\/knjiznice.nsk.hr\/ivanec\/wp-json\/wp\/v2\/posts"}],"about":[{"href":"https:\/\/knjiznice.nsk.hr\/ivanec\/wp-json\/wp\/v2\/types\/post"}],"author":[{"embeddable":true,"href":"https:\/\/knjiznice.nsk.hr\/ivanec\/wp-json\/wp\/v2\/users\/23"}],"replies":[{"embeddable":true,"href":"https:\/\/knjiznice.nsk.hr\/ivanec\/wp-json\/wp\/v2\/comments?post=1739"}],"version-history":[{"count":1,"href":"https:\/\/knjiznice.nsk.hr\/ivanec\/wp-json\/wp\/v2\/posts\/1739\/revisions"}],"predecessor-version":[{"id":1741,"href":"https:\/\/knjiznice.nsk.hr\/ivanec\/wp-json\/wp\/v2\/posts\/1739\/revisions\/1741"}],"wp:attachment":[{"href":"https:\/\/knjiznice.nsk.hr\/ivanec\/wp-json\/wp\/v2\/media?parent=1739"}],"wp:term":[{"taxonomy":"category","embeddable":true,"href":"https:\/\/knjiznice.nsk.hr\/ivanec\/wp-json\/wp\/v2\/categories?post=1739"},{"taxonomy":"post_tag","embeddable":true,"href":"https:\/\/knjiznice.nsk.hr\/ivanec\/wp-json\/wp\/v2\/tags?post=1739"}],"curies":[{"name":"wp","href":"https:\/\/api.w.org\/{rel}","templated":true}]}}