{"id":1293,"date":"2021-11-15T17:09:32","date_gmt":"2021-11-15T17:09:32","guid":{"rendered":"http:\/\/knjiznice.nsk.hr\/ivanec\/?p=1293"},"modified":"2021-11-15T17:23:05","modified_gmt":"2021-11-15T17:23:05","slug":"upute-o-prilagodbi-organizacije-rada","status":"publish","type":"post","link":"https:\/\/knjiznice.nsk.hr\/ivanec\/2021\/11\/15\/upute-o-prilagodbi-organizacije-rada\/","title":{"rendered":"UPUTE O PRILAGODBI ORGANIZACIJE RADA"},"content":{"rendered":"<p class=\"_04xlpA direction-ltr align-center para-style-body\"><span class=\"JsGRdQ\">Gradska knji\u017enica Ivanec javna je ustanova u koju je, prema <a href=\"https:\/\/civilna-zastita.gov.hr\/UserDocsImages\/CIVILNA%20ZA%C5%A0TITA\/PDF_ZA%20WEB\/Odluka%20-%20obvezno%20testiranje.pdf?fbclid=IwAR37Gm46DosRZ8aEpI80O46QRwxhlP3A4Ta-egnuJiMwyRUsKjRWuHVVA5o\">odluci<\/a> Sto\u017eera civilne za\u0161tite Republike Hrvatske od 16. studenoga 2021. godine dopu\u0161ten ulazak korisnicima, poslovnim suradnicima i zaposlenicima samo uz predo\u010denje valjane i<strong><em> va\u017ee\u0107e EU digitalne Covid potvrde ili predo\u010denjem drugog odgovaraju\u0107eg dokaza o cijepljenju, preboljenju ili testiranju.<\/em><\/strong><\/span><\/p>\n<p class=\"_04xlpA direction-ltr align-center para-style-body\"><strong><span class=\"JsGRdQ\">Ova odluka se ne primjenjuje:<\/span><\/strong><\/p>\n<p class=\"_04xlpA direction-ltr align-center para-style-body\"><span class=\"JsGRdQ\">&#8211; na studente,<\/span><\/p>\n<p class=\"_04xlpA direction-ltr align-center para-style-body\"><span class=\"JsGRdQ\">&#8211; na u\u010denike,<\/span><\/p>\n<p class=\"_04xlpA direction-ltr align-center para-style-body\"><span class=\"JsGRdQ\">&#8211; na osobe mla\u0111e od 16 godina,<\/span><\/p>\n<p class=\"_04xlpA direction-ltr align-center para-style-body\"><span class=\"JsGRdQ\">&#8211; na osobe koje prate osobu koja se ne mo\u017ee brinuti za sebe,<\/span><\/p>\n<p class=\"_04xlpA direction-ltr align-center para-style-body\"><span class=\"JsGRdQ\">&#8211; na osobe kod kojih postoje kontraindikacije za cijepljenje ili za dovr\u0161etak cijepljenja bilo kojim cjepivom protiv covid-19, a \u0161to se dokazuje lije\u010dni\u010dkom potvrdom.<\/span><\/p>\n<p>&nbsp;<\/p>\n<p class=\"_04xlpA direction-ltr align-center para-style-body\"><span class=\"JsGRdQ\">Ivanec, 15. studenoga 2021.<\/span><\/p>\n","protected":false},"excerpt":{"rendered":"<p>Gradska knji\u017enica Ivanec javna je ustanova u koju je, prema odluci Sto\u017eera civilne za\u0161tite Republike Hrvatske od 16. studenoga 2021. godine dopu\u0161ten ulazak korisnicima, poslovnim suradnicima i zaposlenicima samo uz predo\u010denje valjane i va\u017ee\u0107e EU digitalne Covid potvrde ili predo\u010denjem drugog odgovaraju\u0107eg dokaza o cijepljenju, preboljenju ili testiranju. Ova odluka se ne primjenjuje: &#8211; na [&hellip;]<\/p>\n","protected":false},"author":23,"featured_media":0,"comment_status":"closed","ping_status":"closed","sticky":false,"template":"","format":"standard","meta":{"ngg_post_thumbnail":0},"categories":[1],"tags":[],"yoast_head":"<!-- This site is optimized with the Yoast SEO plugin v16.4 - https:\/\/yoast.com\/wordpress\/plugins\/seo\/ -->\n<meta name=\"robots\" content=\"index, follow, max-snippet:-1, max-image-preview:large, max-video-preview:-1\" \/>\n<link rel=\"canonical\" href=\"https:\/\/knjiznice.nsk.hr\/ivanec\/2021\/11\/15\/upute-o-prilagodbi-organizacije-rada\/\" \/>\n<meta property=\"og:locale\" content=\"hr_HR\" \/>\n<meta property=\"og:type\" content=\"article\" \/>\n<meta property=\"og:title\" content=\"UPUTE O PRILAGODBI ORGANIZACIJE RADA - Gradska knji\u017enica i \u010ditaonica &quot;Gustav Krklec&quot; Ivanec\" \/>\n<meta property=\"og:description\" content=\"Gradska knji\u017enica Ivanec javna je ustanova u koju je, prema odluci Sto\u017eera civilne za\u0161tite Republike Hrvatske od 16. studenoga 2021. godine dopu\u0161ten ulazak korisnicima, poslovnim suradnicima i zaposlenicima samo uz predo\u010denje valjane i va\u017ee\u0107e EU digitalne Covid potvrde ili predo\u010denjem drugog odgovaraju\u0107eg dokaza o cijepljenju, preboljenju ili testiranju. Ova odluka se ne primjenjuje: &#8211; na [&hellip;]\" \/>\n<meta property=\"og:url\" content=\"https:\/\/knjiznice.nsk.hr\/ivanec\/2021\/11\/15\/upute-o-prilagodbi-organizacije-rada\/\" \/>\n<meta property=\"og:site_name\" content=\"Gradska knji\u017enica i \u010ditaonica &quot;Gustav Krklec&quot; Ivanec\" \/>\n<meta property=\"article:published_time\" content=\"2021-11-15T17:09:32+00:00\" \/>\n<meta property=\"article:modified_time\" content=\"2021-11-15T17:23:05+00:00\" \/>\n<meta name=\"twitter:label1\" content=\"Procijenjeno vrijeme \u010ditanja\" \/>\n\t<meta name=\"twitter:data1\" content=\"1 minuta\" \/>\n<script type=\"application\/ld+json\" class=\"yoast-schema-graph\">{\"@context\":\"https:\/\/schema.org\",\"@graph\":[{\"@type\":\"WebSite\",\"@id\":\"http:\/\/knjiznice.nsk.hr\/ivanec\/#website\",\"url\":\"http:\/\/knjiznice.nsk.hr\/ivanec\/\",\"name\":\"Gradska knji\\u017enica i \\u010ditaonica &quot;Gustav Krklec&quot; Ivanec\",\"description\":\"Djeca koja \\u010ditaju postaju ljudi koji misle.\",\"potentialAction\":[{\"@type\":\"SearchAction\",\"target\":\"http:\/\/knjiznice.nsk.hr\/ivanec\/?s={search_term_string}\",\"query-input\":\"required name=search_term_string\"}],\"inLanguage\":\"hr\"},{\"@type\":\"WebPage\",\"@id\":\"https:\/\/knjiznice.nsk.hr\/ivanec\/2021\/11\/15\/upute-o-prilagodbi-organizacije-rada\/#webpage\",\"url\":\"https:\/\/knjiznice.nsk.hr\/ivanec\/2021\/11\/15\/upute-o-prilagodbi-organizacije-rada\/\",\"name\":\"UPUTE O PRILAGODBI ORGANIZACIJE RADA - Gradska knji\\u017enica i \\u010ditaonica &quot;Gustav Krklec&quot; Ivanec\",\"isPartOf\":{\"@id\":\"http:\/\/knjiznice.nsk.hr\/ivanec\/#website\"},\"datePublished\":\"2021-11-15T17:09:32+00:00\",\"dateModified\":\"2021-11-15T17:23:05+00:00\",\"author\":{\"@id\":\"http:\/\/knjiznice.nsk.hr\/ivanec\/#\/schema\/person\/ecbb5b0c3a999e35a26d0dd923fe370e\"},\"breadcrumb\":{\"@id\":\"https:\/\/knjiznice.nsk.hr\/ivanec\/2021\/11\/15\/upute-o-prilagodbi-organizacije-rada\/#breadcrumb\"},\"inLanguage\":\"hr\",\"potentialAction\":[{\"@type\":\"ReadAction\",\"target\":[\"https:\/\/knjiznice.nsk.hr\/ivanec\/2021\/11\/15\/upute-o-prilagodbi-organizacije-rada\/\"]}]},{\"@type\":\"BreadcrumbList\",\"@id\":\"https:\/\/knjiznice.nsk.hr\/ivanec\/2021\/11\/15\/upute-o-prilagodbi-organizacije-rada\/#breadcrumb\",\"itemListElement\":[{\"@type\":\"ListItem\",\"position\":1,\"item\":{\"@type\":\"WebPage\",\"@id\":\"http:\/\/knjiznice.nsk.hr\/ivanec\/\",\"url\":\"http:\/\/knjiznice.nsk.hr\/ivanec\/\",\"name\":\"Po\\u010detna stranica\"}},{\"@type\":\"ListItem\",\"position\":2,\"item\":{\"@id\":\"https:\/\/knjiznice.nsk.hr\/ivanec\/2021\/11\/15\/upute-o-prilagodbi-organizacije-rada\/#webpage\"}}]},{\"@type\":\"Person\",\"@id\":\"http:\/\/knjiznice.nsk.hr\/ivanec\/#\/schema\/person\/ecbb5b0c3a999e35a26d0dd923fe370e\",\"name\":\"ivanec\",\"image\":{\"@type\":\"ImageObject\",\"@id\":\"http:\/\/knjiznice.nsk.hr\/ivanec\/#personlogo\",\"inLanguage\":\"hr\",\"url\":\"https:\/\/secure.gravatar.com\/avatar\/d5fc957cc8dec40235cc889596c874f3?s=96&d=mm&r=g\",\"contentUrl\":\"https:\/\/secure.gravatar.com\/avatar\/d5fc957cc8dec40235cc889596c874f3?s=96&d=mm&r=g\",\"caption\":\"ivanec\"},\"url\":\"https:\/\/knjiznice.nsk.hr\/ivanec\/\"}]}<\/script>\n<!-- \/ Yoast SEO plugin. -->","_links":{"self":[{"href":"https:\/\/knjiznice.nsk.hr\/ivanec\/wp-json\/wp\/v2\/posts\/1293"}],"collection":[{"href":"https:\/\/knjiznice.nsk.hr\/ivanec\/wp-json\/wp\/v2\/posts"}],"about":[{"href":"https:\/\/knjiznice.nsk.hr\/ivanec\/wp-json\/wp\/v2\/types\/post"}],"author":[{"embeddable":true,"href":"https:\/\/knjiznice.nsk.hr\/ivanec\/wp-json\/wp\/v2\/users\/23"}],"replies":[{"embeddable":true,"href":"https:\/\/knjiznice.nsk.hr\/ivanec\/wp-json\/wp\/v2\/comments?post=1293"}],"version-history":[{"count":3,"href":"https:\/\/knjiznice.nsk.hr\/ivanec\/wp-json\/wp\/v2\/posts\/1293\/revisions"}],"predecessor-version":[{"id":1296,"href":"https:\/\/knjiznice.nsk.hr\/ivanec\/wp-json\/wp\/v2\/posts\/1293\/revisions\/1296"}],"wp:attachment":[{"href":"https:\/\/knjiznice.nsk.hr\/ivanec\/wp-json\/wp\/v2\/media?parent=1293"}],"wp:term":[{"taxonomy":"category","embeddable":true,"href":"https:\/\/knjiznice.nsk.hr\/ivanec\/wp-json\/wp\/v2\/categories?post=1293"},{"taxonomy":"post_tag","embeddable":true,"href":"https:\/\/knjiznice.nsk.hr\/ivanec\/wp-json\/wp\/v2\/tags?post=1293"}],"curies":[{"name":"wp","href":"https:\/\/api.w.org\/{rel}","templated":true}]}}