{"id":1021,"date":"2020-12-02T15:06:24","date_gmt":"2020-12-02T15:06:24","guid":{"rendered":"http:\/\/knjiznice.nsk.hr\/ivanec\/?p=1021"},"modified":"2020-12-02T15:06:24","modified_gmt":"2020-12-02T15:06:24","slug":"napisi-pismo-djedu-bozicnjaku","status":"publish","type":"post","link":"https:\/\/knjiznice.nsk.hr\/ivanec\/2020\/12\/02\/napisi-pismo-djedu-bozicnjaku\/","title":{"rendered":"Napi\u0161i pismo Djedu Bo\u017ei\u0107njaku"},"content":{"rendered":"<p>Va\u017ena obavijest!<\/p>\n<p><strong>Draga djeco<\/strong>, roditelji, djedovi i bake,<\/p>\n<p>Na\u0161a je knji\u017enica sklopila va\u017ean dogovor s uredom Djeda Bo\u017ei\u0107njaka. <strong>Ovog prosinca (tijekom cijelog mjeseca)<\/strong> mo\u017eete ubaciti pisma za Djeda Bo\u017ei\u0107njaka u<strong> poseban po\u0161tanski pretinac<\/strong> &#x1f4ec; koji se nalazi u <strong>na\u0161oj Knji\u017enici<\/strong>. U pismu <strong>obvezno istaknuti dob djeteta i napisati svoju adresu<\/strong> kako bi iz ureda Djeda Bo\u017ei\u0107njaka mogao sti\u0107i odgovor.<\/p>\n<p>Veselimo se va\u0161im pismima i nadamo se kako \u0107e na\u0161i pomaga\u010di Djeda Bo\u017ei\u0107njaka imati pune ruke posla!!!<\/p>\n<p>ADRESA DJEDA BO\u017dI\u0106NJAKA:<\/p>\n<p>Djed Bo\u017ei\u0107njak, Santa Claus, 96930<br \/>\nArkti\u010dki krug, Finska<br \/>\nUred Ivanec<\/p>\n<p>&#x1f4e9;&#x1f4e9;&#x1f4e9;<\/p>\n<p><a href=\"http:\/\/knjiznice.nsk.hr\/ivanec\/wp-content\/uploads\/sites\/27\/2020\/12\/Screenshot_1.png\"><img loading=\"lazy\" class=\"wp-image-1022 aligncenter\" src=\"http:\/\/knjiznice.nsk.hr\/ivanec\/wp-content\/uploads\/sites\/27\/2020\/12\/Screenshot_1-214x300.png\" alt=\"\" width=\"314\" height=\"440\" srcset=\"https:\/\/knjiznice.nsk.hr\/ivanec\/wp-content\/uploads\/sites\/27\/2020\/12\/Screenshot_1-214x300.png 214w, https:\/\/knjiznice.nsk.hr\/ivanec\/wp-content\/uploads\/sites\/27\/2020\/12\/Screenshot_1.png 429w\" sizes=\"(max-width: 314px) 100vw, 314px\" \/><\/a><\/p>\n","protected":false},"excerpt":{"rendered":"<p>Va\u017ena obavijest! Draga djeco, roditelji, djedovi i bake, Na\u0161a je knji\u017enica sklopila va\u017ean dogovor s uredom Djeda Bo\u017ei\u0107njaka. Ovog prosinca (tijekom cijelog mjeseca) mo\u017eete ubaciti pisma za Djeda Bo\u017ei\u0107njaka u poseban po\u0161tanski pretinac &#x1f4ec; koji se nalazi u na\u0161oj Knji\u017enici. U pismu obvezno istaknuti dob djeteta i napisati svoju adresu kako bi iz ureda Djeda [&hellip;]<\/p>\n","protected":false},"author":23,"featured_media":0,"comment_status":"closed","ping_status":"closed","sticky":false,"template":"","format":"standard","meta":{"ngg_post_thumbnail":0},"categories":[1],"tags":[],"yoast_head":"<!-- This site is optimized with the Yoast SEO plugin v16.4 - https:\/\/yoast.com\/wordpress\/plugins\/seo\/ -->\n<meta name=\"robots\" content=\"index, follow, max-snippet:-1, max-image-preview:large, max-video-preview:-1\" \/>\n<link rel=\"canonical\" href=\"https:\/\/knjiznice.nsk.hr\/ivanec\/2020\/12\/02\/napisi-pismo-djedu-bozicnjaku\/\" \/>\n<meta property=\"og:locale\" content=\"hr_HR\" \/>\n<meta property=\"og:type\" content=\"article\" \/>\n<meta property=\"og:title\" content=\"Napi\u0161i pismo Djedu Bo\u017ei\u0107njaku - Gradska knji\u017enica i \u010ditaonica &quot;Gustav Krklec&quot; Ivanec\" \/>\n<meta property=\"og:description\" content=\"Va\u017ena obavijest! Draga djeco, roditelji, djedovi i bake, Na\u0161a je knji\u017enica sklopila va\u017ean dogovor s uredom Djeda Bo\u017ei\u0107njaka. Ovog prosinca (tijekom cijelog mjeseca) mo\u017eete ubaciti pisma za Djeda Bo\u017ei\u0107njaka u poseban po\u0161tanski pretinac &#x1f4ec; koji se nalazi u na\u0161oj Knji\u017enici. U pismu obvezno istaknuti dob djeteta i napisati svoju adresu kako bi iz ureda Djeda [&hellip;]\" \/>\n<meta property=\"og:url\" content=\"https:\/\/knjiznice.nsk.hr\/ivanec\/2020\/12\/02\/napisi-pismo-djedu-bozicnjaku\/\" \/>\n<meta property=\"og:site_name\" content=\"Gradska knji\u017enica i \u010ditaonica &quot;Gustav Krklec&quot; Ivanec\" \/>\n<meta property=\"article:published_time\" content=\"2020-12-02T15:06:24+00:00\" \/>\n<meta property=\"og:image\" content=\"http:\/\/knjiznice.nsk.hr\/ivanec\/wp-content\/uploads\/sites\/27\/2020\/12\/Screenshot_1-214x300.png\" \/>\n<meta name=\"twitter:label1\" content=\"Procijenjeno vrijeme \u010ditanja\" \/>\n\t<meta name=\"twitter:data1\" content=\"1 minuta\" \/>\n<script type=\"application\/ld+json\" class=\"yoast-schema-graph\">{\"@context\":\"https:\/\/schema.org\",\"@graph\":[{\"@type\":\"WebSite\",\"@id\":\"http:\/\/knjiznice.nsk.hr\/ivanec\/#website\",\"url\":\"http:\/\/knjiznice.nsk.hr\/ivanec\/\",\"name\":\"Gradska knji\\u017enica i \\u010ditaonica &quot;Gustav Krklec&quot; Ivanec\",\"description\":\"Djeca koja \\u010ditaju postaju ljudi koji misle.\",\"potentialAction\":[{\"@type\":\"SearchAction\",\"target\":\"http:\/\/knjiznice.nsk.hr\/ivanec\/?s={search_term_string}\",\"query-input\":\"required name=search_term_string\"}],\"inLanguage\":\"hr\"},{\"@type\":\"ImageObject\",\"@id\":\"https:\/\/knjiznice.nsk.hr\/ivanec\/2020\/12\/02\/napisi-pismo-djedu-bozicnjaku\/#primaryimage\",\"inLanguage\":\"hr\",\"url\":\"http:\/\/knjiznice.nsk.hr\/ivanec\/wp-content\/uploads\/sites\/27\/2020\/12\/Screenshot_1-214x300.png\",\"contentUrl\":\"http:\/\/knjiznice.nsk.hr\/ivanec\/wp-content\/uploads\/sites\/27\/2020\/12\/Screenshot_1-214x300.png\"},{\"@type\":\"WebPage\",\"@id\":\"https:\/\/knjiznice.nsk.hr\/ivanec\/2020\/12\/02\/napisi-pismo-djedu-bozicnjaku\/#webpage\",\"url\":\"https:\/\/knjiznice.nsk.hr\/ivanec\/2020\/12\/02\/napisi-pismo-djedu-bozicnjaku\/\",\"name\":\"Napi\\u0161i pismo Djedu Bo\\u017ei\\u0107njaku - Gradska knji\\u017enica i \\u010ditaonica &quot;Gustav Krklec&quot; Ivanec\",\"isPartOf\":{\"@id\":\"http:\/\/knjiznice.nsk.hr\/ivanec\/#website\"},\"primaryImageOfPage\":{\"@id\":\"https:\/\/knjiznice.nsk.hr\/ivanec\/2020\/12\/02\/napisi-pismo-djedu-bozicnjaku\/#primaryimage\"},\"datePublished\":\"2020-12-02T15:06:24+00:00\",\"dateModified\":\"2020-12-02T15:06:24+00:00\",\"author\":{\"@id\":\"http:\/\/knjiznice.nsk.hr\/ivanec\/#\/schema\/person\/ecbb5b0c3a999e35a26d0dd923fe370e\"},\"breadcrumb\":{\"@id\":\"https:\/\/knjiznice.nsk.hr\/ivanec\/2020\/12\/02\/napisi-pismo-djedu-bozicnjaku\/#breadcrumb\"},\"inLanguage\":\"hr\",\"potentialAction\":[{\"@type\":\"ReadAction\",\"target\":[\"https:\/\/knjiznice.nsk.hr\/ivanec\/2020\/12\/02\/napisi-pismo-djedu-bozicnjaku\/\"]}]},{\"@type\":\"BreadcrumbList\",\"@id\":\"https:\/\/knjiznice.nsk.hr\/ivanec\/2020\/12\/02\/napisi-pismo-djedu-bozicnjaku\/#breadcrumb\",\"itemListElement\":[{\"@type\":\"ListItem\",\"position\":1,\"item\":{\"@type\":\"WebPage\",\"@id\":\"http:\/\/knjiznice.nsk.hr\/ivanec\/\",\"url\":\"http:\/\/knjiznice.nsk.hr\/ivanec\/\",\"name\":\"Po\\u010detna stranica\"}},{\"@type\":\"ListItem\",\"position\":2,\"item\":{\"@id\":\"https:\/\/knjiznice.nsk.hr\/ivanec\/2020\/12\/02\/napisi-pismo-djedu-bozicnjaku\/#webpage\"}}]},{\"@type\":\"Person\",\"@id\":\"http:\/\/knjiznice.nsk.hr\/ivanec\/#\/schema\/person\/ecbb5b0c3a999e35a26d0dd923fe370e\",\"name\":\"ivanec\",\"image\":{\"@type\":\"ImageObject\",\"@id\":\"http:\/\/knjiznice.nsk.hr\/ivanec\/#personlogo\",\"inLanguage\":\"hr\",\"url\":\"https:\/\/secure.gravatar.com\/avatar\/d5fc957cc8dec40235cc889596c874f3?s=96&d=mm&r=g\",\"contentUrl\":\"https:\/\/secure.gravatar.com\/avatar\/d5fc957cc8dec40235cc889596c874f3?s=96&d=mm&r=g\",\"caption\":\"ivanec\"},\"url\":\"https:\/\/knjiznice.nsk.hr\/ivanec\/\"}]}<\/script>\n<!-- \/ Yoast SEO plugin. -->","_links":{"self":[{"href":"https:\/\/knjiznice.nsk.hr\/ivanec\/wp-json\/wp\/v2\/posts\/1021"}],"collection":[{"href":"https:\/\/knjiznice.nsk.hr\/ivanec\/wp-json\/wp\/v2\/posts"}],"about":[{"href":"https:\/\/knjiznice.nsk.hr\/ivanec\/wp-json\/wp\/v2\/types\/post"}],"author":[{"embeddable":true,"href":"https:\/\/knjiznice.nsk.hr\/ivanec\/wp-json\/wp\/v2\/users\/23"}],"replies":[{"embeddable":true,"href":"https:\/\/knjiznice.nsk.hr\/ivanec\/wp-json\/wp\/v2\/comments?post=1021"}],"version-history":[{"count":1,"href":"https:\/\/knjiznice.nsk.hr\/ivanec\/wp-json\/wp\/v2\/posts\/1021\/revisions"}],"predecessor-version":[{"id":1023,"href":"https:\/\/knjiznice.nsk.hr\/ivanec\/wp-json\/wp\/v2\/posts\/1021\/revisions\/1023"}],"wp:attachment":[{"href":"https:\/\/knjiznice.nsk.hr\/ivanec\/wp-json\/wp\/v2\/media?parent=1021"}],"wp:term":[{"taxonomy":"category","embeddable":true,"href":"https:\/\/knjiznice.nsk.hr\/ivanec\/wp-json\/wp\/v2\/categories?post=1021"},{"taxonomy":"post_tag","embeddable":true,"href":"https:\/\/knjiznice.nsk.hr\/ivanec\/wp-json\/wp\/v2\/tags?post=1021"}],"curies":[{"name":"wp","href":"https:\/\/api.w.org\/{rel}","templated":true}]}}