{"id":1179,"date":"2018-10-27T06:22:38","date_gmt":"2018-10-27T06:22:38","guid":{"rendered":"http:\/\/knjiznice.nsk.hr\/cres\/?p=1179"},"modified":"2018-10-27T06:22:47","modified_gmt":"2018-10-27T06:22:47","slug":"1179","status":"publish","type":"post","link":"https:\/\/knjiznice.nsk.hr\/cres\/2018\/10\/27\/1179\/","title":{"rendered":""},"content":{"rendered":"<p style=\"text-align: center\">Na temelju \u010dlanka 13. Statuta javne ustanove \u201cGradska knji\u017enica i \u010ditaonica Frane Petri\u0107a\u201d od 1. o\u017eujka 2017. godine i \u010dlanka 8. Pravilnika o unutarnjem ustrojstvu i na\u010dinu rada Gradske knji\u017enice i \u010ditaonice Frane Petri\u0107a od 11. travnja 2017. godine, ravnatelj Javne ustanove Gradska knji\u017enica i \u010ditaonica Frane Petri\u0107a raspisuje sljede\u0107i<\/p>\n<p style=\"text-align: center\">NATJE\u010cAJ<br \/>\nza prijam u radni odnos na radno mjesto<br \/>\nPOSLOVNI TAJNIK \u2013 1 izvr\u0161itelj\/izvr\u0161iteljica<\/p>\n<p style=\"text-align: left\">Radni odnos zasniva se s nepunim radnim vremenom od 4 sata dnevno, na odre\u0111eno vrijeme od jedne godine radi pove\u0107anja obima posla.<br \/>\nUvjeti:<br \/>\n&#8211; srednja stru\u010dna sprema<br \/>\n&#8211; poznavanje rada na ra\u010dunalu<br \/>\nSukladno Pravilniku o unutarnjem ustrojstvu i na\u010dinu rada Gradske knji\u017enice i \u010ditaonice Frane Petri\u0107a, Poslovni tajnik obavlja: poslove koji se odnose na radne odnose djelatnika u knji\u017enici, vodi personalnu evidenciju i dokumentaciju djelatnika; poslove ekonomata: poslove vezane za za\u0161titu na radu i za\u0161titu od po\u017eara; sastavlja izvje\u0161\u0107a i pi\u0161e dopise i ostale administrativne poslove.<br \/>\nNa natje\u010daj se mogu javiti osobe oba spola.<\/p>\n<p style=\"text-align: left\">Kandidati moraju ispunjavati uvjete iz Zakona o radu (NN br. 93\/14, 127\/17), uvjete iz Zakona o knji\u017enicama (NN 105\/97, 5\/98, 104\/00, 69\/09) i na njima utemeljenim propisima, kao i uvjete iz drugih propisa.<\/p>\n<p style=\"text-align: left\">U prijavi na natje\u010daj kandidat\/kandidatkinja treba navesti osobne podatke (ime i prezime, datum i mjesto ro\u0111enja, adresa stanovanja, broj telefona, e-po\u0161ta).<\/p>\n<p style=\"text-align: left\">Uz prijavu kandidati su du\u017eni prilo\u017eiti:<\/p>\n<p style=\"text-align: left\">\u2022 dokaz o dr\u017eavljanstvu (presliku osobne iskaznice, putovnice ili domovnice),<br \/>\n\u2022 dokaz o odgovaraju\u0107em stupnju obrazovanja (preslika potvrde o ste\u010denoj stru\u010dnoj spremi),<br \/>\n\u2022 uvjerenje o neka\u017enjavanju (ne starije od 6 mjeseci)<br \/>\n\u2022 \u017eivotopis.<\/p>\n<p style=\"text-align: left\">Preslike tra\u017eenih priloga ne moraju biti ovjerene, a kandidati su prije sklapanja pisanog ugovora du\u017eni dostaviti na uvid originalne dokumente.<\/p>\n<p style=\"text-align: left\">Urednom prijavom smatra se prijava koja sadr\u017ei sve podatke i priloge navedene u natje\u010daju.<br \/>\nOsoba koja nije podnijela pravodobnu i urednu prijavu ili ne ispunjava formalne uvjete iz natje\u010daja, ne smatra se kandidatom prijavljenim na natje\u010daj.<br \/>\nPrije dono\u0161enja odluke o izboru provjeriti \u0107e se radne sposobnosti kandidata putem pisanog testiranja i\/ili intervjua koji \u0107e provesti osoba ili povjerenstvo koje imenuje ravnatelj. Na pisanom testiranju provjeriti \u0107e se znanje kandidata iz Zakona o knji\u017enicama i Zakona o ustanovama. Poziv za provjeru radnih sposobnosti uputiti \u0107e se prijavljenim kandidatima putem e-po\u0161te.<br \/>\nPrijave se dostavljaju na adresu Gradska knji\u017enica i \u010ditaonica Frane Petri\u0107a, Cres, Trg sv. Frane 8, u roku od 8 dana od dana objave natje\u010daja u Hrvatskom zavodu za zapo\u0161ljavanje Podru\u010dna slu\u017eba Rijeka, Ispostava Cres-Lo\u0161inj, s obveznom naznakom: \u00bbNatje\u010daj za prijam u radni odnos\u201c.<br \/>\nOdluka o izboru kandidata donosi se u roku do 30 dana od dana isteka roka za podno\u0161enje prijava.<\/p>\n<p>Gradska knji\u017enica i \u010ditaonica Frane Petri\u0107a<br \/>\nObjava u HZZ \u2013 26.10.2018.<\/p>\n<p>&nbsp;<\/p>\n","protected":false},"excerpt":{"rendered":"<p>Na temelju \u010dlanka 13. Statuta javne ustanove \u201cGradska knji\u017enica i \u010ditaonica Frane Petri\u0107a\u201d od 1. o\u017eujka 2017. godine i \u010dlanka 8. Pravilnika o unutarnjem ustrojstvu i na\u010dinu rada Gradske knji\u017enice i \u010ditaonice Frane Petri\u0107a od 11. travnja 2017. godine, ravnatelj Javne ustanove Gradska knji\u017enica i \u010ditaonica Frane Petri\u0107a raspisuje sljede\u0107i NATJE\u010cAJ za prijam u radni [&hellip;]<\/p>\n","protected":false},"author":20,"featured_media":0,"comment_status":"closed","ping_status":"closed","sticky":false,"template":"","format":"standard","meta":{"ngg_post_thumbnail":0},"categories":[1],"tags":[],"yoast_head":"<!-- This site is optimized with the Yoast SEO plugin v16.4 - https:\/\/yoast.com\/wordpress\/plugins\/seo\/ -->\n<meta name=\"robots\" content=\"index, follow, max-snippet:-1, max-image-preview:large, max-video-preview:-1\" \/>\n<link rel=\"canonical\" href=\"https:\/\/knjiznice.nsk.hr\/cres\/2018\/10\/27\/1179\/\" \/>\n<meta property=\"og:locale\" content=\"hr_HR\" \/>\n<meta property=\"og:type\" content=\"article\" \/>\n<meta property=\"og:title\" content=\"- Gradska knji\u017enica i \u010ditaonica Frane Petri\u0107a, Cres\" \/>\n<meta property=\"og:description\" content=\"Na temelju \u010dlanka 13. Statuta javne ustanove \u201cGradska knji\u017enica i \u010ditaonica Frane Petri\u0107a\u201d od 1. o\u017eujka 2017. godine i \u010dlanka 8. Pravilnika o unutarnjem ustrojstvu i na\u010dinu rada Gradske knji\u017enice i \u010ditaonice Frane Petri\u0107a od 11. travnja 2017. godine, ravnatelj Javne ustanove Gradska knji\u017enica i \u010ditaonica Frane Petri\u0107a raspisuje sljede\u0107i NATJE\u010cAJ za prijam u radni [&hellip;]\" \/>\n<meta property=\"og:url\" content=\"https:\/\/knjiznice.nsk.hr\/cres\/2018\/10\/27\/1179\/\" \/>\n<meta property=\"og:site_name\" content=\"Gradska knji\u017enica i \u010ditaonica Frane Petri\u0107a, Cres\" \/>\n<meta property=\"article:published_time\" content=\"2018-10-27T06:22:38+00:00\" \/>\n<meta property=\"article:modified_time\" content=\"2018-10-27T06:22:47+00:00\" \/>\n<meta name=\"twitter:label1\" content=\"Procijenjeno vrijeme \u010ditanja\" \/>\n\t<meta name=\"twitter:data1\" content=\"2 minute\" \/>\n<script type=\"application\/ld+json\" class=\"yoast-schema-graph\">{\"@context\":\"https:\/\/schema.org\",\"@graph\":[{\"@type\":\"WebSite\",\"@id\":\"http:\/\/knjiznice.nsk.hr\/cres\/#website\",\"url\":\"http:\/\/knjiznice.nsk.hr\/cres\/\",\"name\":\"Gradska knji\\u017enica i \\u010ditaonica Frane Petri\\u0107a, Cres\",\"description\":\"\",\"potentialAction\":[{\"@type\":\"SearchAction\",\"target\":\"http:\/\/knjiznice.nsk.hr\/cres\/?s={search_term_string}\",\"query-input\":\"required name=search_term_string\"}],\"inLanguage\":\"hr\"},{\"@type\":\"WebPage\",\"@id\":\"https:\/\/knjiznice.nsk.hr\/cres\/2018\/10\/27\/1179\/#webpage\",\"url\":\"https:\/\/knjiznice.nsk.hr\/cres\/2018\/10\/27\/1179\/\",\"name\":\"- Gradska knji\\u017enica i \\u010ditaonica Frane Petri\\u0107a, Cres\",\"isPartOf\":{\"@id\":\"http:\/\/knjiznice.nsk.hr\/cres\/#website\"},\"datePublished\":\"2018-10-27T06:22:38+00:00\",\"dateModified\":\"2018-10-27T06:22:47+00:00\",\"author\":{\"@id\":\"http:\/\/knjiznice.nsk.hr\/cres\/#\/schema\/person\/0d3c1444d7ef888855b9fdb9a6eec014\"},\"breadcrumb\":{\"@id\":\"https:\/\/knjiznice.nsk.hr\/cres\/2018\/10\/27\/1179\/#breadcrumb\"},\"inLanguage\":\"hr\",\"potentialAction\":[{\"@type\":\"ReadAction\",\"target\":[\"https:\/\/knjiznice.nsk.hr\/cres\/2018\/10\/27\/1179\/\"]}]},{\"@type\":\"BreadcrumbList\",\"@id\":\"https:\/\/knjiznice.nsk.hr\/cres\/2018\/10\/27\/1179\/#breadcrumb\",\"itemListElement\":[{\"@type\":\"ListItem\",\"position\":1,\"item\":{\"@type\":\"WebPage\",\"@id\":\"http:\/\/knjiznice.nsk.hr\/cres\/\",\"url\":\"http:\/\/knjiznice.nsk.hr\/cres\/\",\"name\":\"Po\\u010detna stranica\"}},{\"@type\":\"ListItem\",\"position\":2,\"item\":{\"@id\":\"https:\/\/knjiznice.nsk.hr\/cres\/2018\/10\/27\/1179\/#webpage\"}}]},{\"@type\":\"Person\",\"@id\":\"http:\/\/knjiznice.nsk.hr\/cres\/#\/schema\/person\/0d3c1444d7ef888855b9fdb9a6eec014\",\"name\":\"cres\",\"image\":{\"@type\":\"ImageObject\",\"@id\":\"http:\/\/knjiznice.nsk.hr\/cres\/#personlogo\",\"inLanguage\":\"hr\",\"url\":\"https:\/\/secure.gravatar.com\/avatar\/338026d26fb2fec0a3c07f5726b17dc4?s=96&d=mm&r=g\",\"contentUrl\":\"https:\/\/secure.gravatar.com\/avatar\/338026d26fb2fec0a3c07f5726b17dc4?s=96&d=mm&r=g\",\"caption\":\"cres\"},\"url\":\"https:\/\/knjiznice.nsk.hr\/cres\/\"}]}<\/script>\n<!-- \/ Yoast SEO plugin. -->","_links":{"self":[{"href":"https:\/\/knjiznice.nsk.hr\/cres\/wp-json\/wp\/v2\/posts\/1179"}],"collection":[{"href":"https:\/\/knjiznice.nsk.hr\/cres\/wp-json\/wp\/v2\/posts"}],"about":[{"href":"https:\/\/knjiznice.nsk.hr\/cres\/wp-json\/wp\/v2\/types\/post"}],"author":[{"embeddable":true,"href":"https:\/\/knjiznice.nsk.hr\/cres\/wp-json\/wp\/v2\/users\/20"}],"replies":[{"embeddable":true,"href":"https:\/\/knjiznice.nsk.hr\/cres\/wp-json\/wp\/v2\/comments?post=1179"}],"version-history":[{"count":2,"href":"https:\/\/knjiznice.nsk.hr\/cres\/wp-json\/wp\/v2\/posts\/1179\/revisions"}],"predecessor-version":[{"id":1182,"href":"https:\/\/knjiznice.nsk.hr\/cres\/wp-json\/wp\/v2\/posts\/1179\/revisions\/1182"}],"wp:attachment":[{"href":"https:\/\/knjiznice.nsk.hr\/cres\/wp-json\/wp\/v2\/media?parent=1179"}],"wp:term":[{"taxonomy":"category","embeddable":true,"href":"https:\/\/knjiznice.nsk.hr\/cres\/wp-json\/wp\/v2\/categories?post=1179"},{"taxonomy":"post_tag","embeddable":true,"href":"https:\/\/knjiznice.nsk.hr\/cres\/wp-json\/wp\/v2\/tags?post=1179"}],"curies":[{"name":"wp","href":"https:\/\/api.w.org\/{rel}","templated":true}]}}