{"id":111,"date":"2015-12-23T10:03:36","date_gmt":"2015-12-23T10:03:36","guid":{"rendered":"http:\/\/knjiznice.nsk.hr\/virje\/?p=111"},"modified":"2015-12-23T10:03:36","modified_gmt":"2015-12-23T10:03:36","slug":"blagdansko-radno-vrijeme","status":"publish","type":"post","link":"http:\/\/knjiznice.nsk.hr\/virje\/blagdansko-radno-vrijeme\/","title":{"rendered":"Blagdansko radno vrijeme"},"content":{"rendered":"<p style=\"text-align: center\">Dragi korisnici, obavje\u0161tavamo Vas da knji\u017enica ne\u0107e raditi na Badnjak i Staru godinu<\/p>\n<p style=\"text-align: center\">te Vam \u017eelimo \u010destit Bo\u017ei\u0107 i sretnu Novu godinu!<\/p>\n<p style=\"text-align: center\">\n<p><a href=\"http:\/\/knjiznice.nsk.hr\/virje\/wp-content\/uploads\/sites\/59\/2015\/12\/Christmas-Books-001.jpg\"><img loading=\"lazy\" class=\"  wp-image-112 aligncenter\" src=\"http:\/\/knjiznice.nsk.hr\/virje\/wp-content\/uploads\/sites\/59\/2015\/12\/Christmas-Books-001-300x200.jpg\" alt=\"Christmas-Books-001\" width=\"433\" height=\"288\" srcset=\"http:\/\/knjiznice.nsk.hr\/virje\/wp-content\/uploads\/sites\/59\/2015\/12\/Christmas-Books-001-300x200.jpg 300w, http:\/\/knjiznice.nsk.hr\/virje\/wp-content\/uploads\/sites\/59\/2015\/12\/Christmas-Books-001-1024x683.jpg 1024w, http:\/\/knjiznice.nsk.hr\/virje\/wp-content\/uploads\/sites\/59\/2015\/12\/Christmas-Books-001-600x400.jpg 600w, http:\/\/knjiznice.nsk.hr\/virje\/wp-content\/uploads\/sites\/59\/2015\/12\/Christmas-Books-001.jpg 1050w\" sizes=\"(max-width: 433px) 100vw, 433px\" \/><\/a><\/p>\n","protected":false},"excerpt":{"rendered":"<p>Dragi korisnici, obavje\u0161tavamo Vas da knji\u017enica ne\u0107e raditi na Badnjak i Staru godinu te Vam \u017eelimo \u010destit Bo\u017ei\u0107 i sretnu Novu godinu!<\/p>\n","protected":false},"author":57,"featured_media":0,"comment_status":"closed","ping_status":"closed","sticky":false,"template":"","format":"standard","meta":{"ngg_post_thumbnail":0},"categories":[1],"tags":[],"yoast_head":"<!-- This site is optimized with the Yoast SEO plugin v16.4 - https:\/\/yoast.com\/wordpress\/plugins\/seo\/ -->\n<meta name=\"robots\" content=\"index, follow, max-snippet:-1, max-image-preview:large, max-video-preview:-1\" \/>\n<link rel=\"canonical\" href=\"http:\/\/knjiznice.nsk.hr\/virje\/blagdansko-radno-vrijeme\/\" \/>\n<meta property=\"og:locale\" content=\"hr_HR\" \/>\n<meta property=\"og:type\" content=\"article\" \/>\n<meta property=\"og:title\" content=\"Blagdansko radno vrijeme - Narodna knji\u017enica Virje\" \/>\n<meta property=\"og:description\" content=\"Dragi korisnici, obavje\u0161tavamo Vas da knji\u017enica ne\u0107e raditi na Badnjak i Staru godinu te Vam \u017eelimo \u010destit Bo\u017ei\u0107 i sretnu Novu godinu!\" \/>\n<meta property=\"og:url\" content=\"http:\/\/knjiznice.nsk.hr\/virje\/blagdansko-radno-vrijeme\/\" \/>\n<meta property=\"og:site_name\" content=\"Narodna knji\u017enica Virje\" \/>\n<meta property=\"article:published_time\" content=\"2015-12-23T10:03:36+00:00\" \/>\n<meta property=\"og:image\" content=\"http:\/\/knjiznice.nsk.hr\/virje\/wp-content\/uploads\/sites\/59\/2015\/12\/Christmas-Books-001-300x200.jpg\" \/>\n<script type=\"application\/ld+json\" class=\"yoast-schema-graph\">{\"@context\":\"https:\/\/schema.org\",\"@graph\":[{\"@type\":\"WebSite\",\"@id\":\"http:\/\/knjiznice.nsk.hr\/virje\/#website\",\"url\":\"http:\/\/knjiznice.nsk.hr\/virje\/\",\"name\":\"Narodna knji\\u017enica Virje\",\"description\":\"\",\"potentialAction\":[{\"@type\":\"SearchAction\",\"target\":\"http:\/\/knjiznice.nsk.hr\/virje\/?s={search_term_string}\",\"query-input\":\"required name=search_term_string\"}],\"inLanguage\":\"hr\"},{\"@type\":\"ImageObject\",\"@id\":\"http:\/\/knjiznice.nsk.hr\/virje\/blagdansko-radno-vrijeme\/#primaryimage\",\"inLanguage\":\"hr\",\"url\":\"http:\/\/knjiznice.nsk.hr\/virje\/wp-content\/uploads\/sites\/59\/2015\/12\/Christmas-Books-001.jpg\",\"contentUrl\":\"http:\/\/knjiznice.nsk.hr\/virje\/wp-content\/uploads\/sites\/59\/2015\/12\/Christmas-Books-001.jpg\",\"width\":1050,\"height\":700},{\"@type\":\"WebPage\",\"@id\":\"http:\/\/knjiznice.nsk.hr\/virje\/blagdansko-radno-vrijeme\/#webpage\",\"url\":\"http:\/\/knjiznice.nsk.hr\/virje\/blagdansko-radno-vrijeme\/\",\"name\":\"Blagdansko radno vrijeme - Narodna knji\\u017enica Virje\",\"isPartOf\":{\"@id\":\"http:\/\/knjiznice.nsk.hr\/virje\/#website\"},\"primaryImageOfPage\":{\"@id\":\"http:\/\/knjiznice.nsk.hr\/virje\/blagdansko-radno-vrijeme\/#primaryimage\"},\"datePublished\":\"2015-12-23T10:03:36+00:00\",\"dateModified\":\"2015-12-23T10:03:36+00:00\",\"author\":{\"@id\":\"http:\/\/knjiznice.nsk.hr\/virje\/#\/schema\/person\/e85ba491cdfe57736294d1f6ede5f656\"},\"breadcrumb\":{\"@id\":\"http:\/\/knjiznice.nsk.hr\/virje\/blagdansko-radno-vrijeme\/#breadcrumb\"},\"inLanguage\":\"hr\",\"potentialAction\":[{\"@type\":\"ReadAction\",\"target\":[\"http:\/\/knjiznice.nsk.hr\/virje\/blagdansko-radno-vrijeme\/\"]}]},{\"@type\":\"BreadcrumbList\",\"@id\":\"http:\/\/knjiznice.nsk.hr\/virje\/blagdansko-radno-vrijeme\/#breadcrumb\",\"itemListElement\":[{\"@type\":\"ListItem\",\"position\":1,\"item\":{\"@type\":\"WebPage\",\"@id\":\"http:\/\/knjiznice.nsk.hr\/virje\/\",\"url\":\"http:\/\/knjiznice.nsk.hr\/virje\/\",\"name\":\"Po\\u010detna stranica\"}},{\"@type\":\"ListItem\",\"position\":2,\"item\":{\"@id\":\"http:\/\/knjiznice.nsk.hr\/virje\/blagdansko-radno-vrijeme\/#webpage\"}}]},{\"@type\":\"Person\",\"@id\":\"http:\/\/knjiznice.nsk.hr\/virje\/#\/schema\/person\/e85ba491cdfe57736294d1f6ede5f656\",\"name\":\"virje\",\"image\":{\"@type\":\"ImageObject\",\"@id\":\"http:\/\/knjiznice.nsk.hr\/virje\/#personlogo\",\"inLanguage\":\"hr\",\"url\":\"http:\/\/0.gravatar.com\/avatar\/f619e79b7b3425415acafbb2ccda2a3c?s=96&d=mm&r=g\",\"contentUrl\":\"http:\/\/0.gravatar.com\/avatar\/f619e79b7b3425415acafbb2ccda2a3c?s=96&d=mm&r=g\",\"caption\":\"virje\"},\"url\":\"http:\/\/knjiznice.nsk.hr\/virje\/\"}]}<\/script>\n<!-- \/ Yoast SEO plugin. -->","_links":{"self":[{"href":"http:\/\/knjiznice.nsk.hr\/virje\/wp-json\/wp\/v2\/posts\/111"}],"collection":[{"href":"http:\/\/knjiznice.nsk.hr\/virje\/wp-json\/wp\/v2\/posts"}],"about":[{"href":"http:\/\/knjiznice.nsk.hr\/virje\/wp-json\/wp\/v2\/types\/post"}],"author":[{"embeddable":true,"href":"http:\/\/knjiznice.nsk.hr\/virje\/wp-json\/wp\/v2\/users\/57"}],"replies":[{"embeddable":true,"href":"http:\/\/knjiznice.nsk.hr\/virje\/wp-json\/wp\/v2\/comments?post=111"}],"version-history":[{"count":3,"href":"http:\/\/knjiznice.nsk.hr\/virje\/wp-json\/wp\/v2\/posts\/111\/revisions"}],"predecessor-version":[{"id":115,"href":"http:\/\/knjiznice.nsk.hr\/virje\/wp-json\/wp\/v2\/posts\/111\/revisions\/115"}],"wp:attachment":[{"href":"http:\/\/knjiznice.nsk.hr\/virje\/wp-json\/wp\/v2\/media?parent=111"}],"wp:term":[{"taxonomy":"category","embeddable":true,"href":"http:\/\/knjiznice.nsk.hr\/virje\/wp-json\/wp\/v2\/categories?post=111"},{"taxonomy":"post_tag","embeddable":true,"href":"http:\/\/knjiznice.nsk.hr\/virje\/wp-json\/wp\/v2\/tags?post=111"}],"curies":[{"name":"wp","href":"https:\/\/api.w.org\/{rel}","templated":true}]}}