{"id":4484,"date":"2026-04-13T07:26:32","date_gmt":"2026-04-13T07:26:32","guid":{"rendered":"https:\/\/knjiznice.nsk.hr\/ston\/?p=4484"},"modified":"2026-04-13T07:26:32","modified_gmt":"2026-04-13T07:26:32","slug":"eko-s-knjiznicom-2","status":"publish","type":"post","link":"http:\/\/knjiznice.nsk.hr\/ston\/eko-s-knjiznicom-2\/","title":{"rendered":"Eko s knji\u017enicom"},"content":{"rendered":"<p data-wahfont=\"16\">Program Eko s knji\u017enicom namijenjen je svim dobnim skupinama s naglaskom na aktivnostima za djecu. Cilj je ovim programom podizati ekolo\u0161ku svijest zajednice te u\u010diti najmla\u0111e \u010dlanove dru\u0161tva kako \u0161titit i voliti prirodu.<span class=\"html-span xexx8yu x4uap5 x18d9i69 xkhd6sd x1hl2dhg x16tdsg8 x1vvkbs x3nfvp2 x1j61x8r x1fcty0u xdj266r xat24cr xgzva0m xhhsvwb xxymvpz xlup9mm x1kky2od\" data-wahfont=\"16\"><img loading=\"lazy\" class=\"xz74otr x168nmei x13lgxp2 x5pf9jr xo71vjh\" src=\"https:\/\/static.xx.fbcdn.net\/images\/emoji.php\/v9\/t3f\/1\/16\/1f30d.png\" alt=\"&#x1f30d;\" width=\"16\" height=\"16\"><\/span><span class=\"html-span xexx8yu x4uap5 x18d9i69 xkhd6sd x1hl2dhg x16tdsg8 x1vvkbs x3nfvp2 x1j61x8r x1fcty0u xdj266r xat24cr xgzva0m xhhsvwb xxymvpz xlup9mm x1kky2od\" data-wahfont=\"16\"><img loading=\"lazy\" class=\"xz74otr x168nmei x13lgxp2 x5pf9jr xo71vjh\" src=\"https:\/\/static.xx.fbcdn.net\/images\/emoji.php\/v9\/t94\/1\/16\/1f49a.png\" alt=\"&#x1f49a;\" width=\"16\" height=\"16\"> Ministarstvo kulture i medija RH odobrilo je ovaj program koji se odr\u017eava ve\u0107 tre\u0107u godinu za redom te nam za istog osiguralo 400,00 \u20ac<\/span><\/p>\n<p data-wahfont=\"16\"><span class=\"html-span xexx8yu x4uap5 x18d9i69 xkhd6sd x1hl2dhg x16tdsg8 x1vvkbs x3nfvp2 x1j61x8r x1fcty0u xdj266r xat24cr xgzva0m xhhsvwb xxymvpz xlup9mm x1kky2od\" data-wahfont=\"16\"><a href=\"http:\/\/knjiznice.nsk.hr\/ston\/wp-content\/uploads\/sites\/12\/2026\/04\/667949478_1277513827815745_3384751362433841645_n.jpg\"><img loading=\"lazy\" class=\"alignnone  wp-image-4485\" src=\"http:\/\/knjiznice.nsk.hr\/ston\/wp-content\/uploads\/sites\/12\/2026\/04\/667949478_1277513827815745_3384751362433841645_n-300x169.jpg\" alt=\"\" width=\"570\" height=\"321\" srcset=\"http:\/\/knjiznice.nsk.hr\/ston\/wp-content\/uploads\/sites\/12\/2026\/04\/667949478_1277513827815745_3384751362433841645_n-300x169.jpg 300w, http:\/\/knjiznice.nsk.hr\/ston\/wp-content\/uploads\/sites\/12\/2026\/04\/667949478_1277513827815745_3384751362433841645_n-1024x576.jpg 1024w, http:\/\/knjiznice.nsk.hr\/ston\/wp-content\/uploads\/sites\/12\/2026\/04\/667949478_1277513827815745_3384751362433841645_n-768x432.jpg 768w, http:\/\/knjiznice.nsk.hr\/ston\/wp-content\/uploads\/sites\/12\/2026\/04\/667949478_1277513827815745_3384751362433841645_n-600x338.jpg 600w, http:\/\/knjiznice.nsk.hr\/ston\/wp-content\/uploads\/sites\/12\/2026\/04\/667949478_1277513827815745_3384751362433841645_n-1536x864.jpg 1536w, http:\/\/knjiznice.nsk.hr\/ston\/wp-content\/uploads\/sites\/12\/2026\/04\/667949478_1277513827815745_3384751362433841645_n.jpg 1920w\" sizes=\"(max-width: 570px) 100vw, 570px\" \/><\/a><\/span><\/p>\n<p data-wahfont=\"16\">O gostima:<\/p>\n<p data-wahfont=\"16\"><strong>Silvija Kolar Fodor<\/strong><\/p>\n<p data-wahfont=\"16\">Predsjednica je udruge \u201cBiovrt \u2013 u skladu s prirodom\u201d, predava\u010dica i edukatorica o biovrtlarenju i autorica stranice i tekstova na www.biovrt.com. Zaljubljenica je u prirodu i biovrtlarka. Biovrtlarenjem se bavi od 2006. godine. Radom u svom biovrtu&nbsp; Silvija je na\u0161la na\u010din kako spojiti i svoju ljubav prema prirodi, svoju stalnu \u017eelju za istra\u017eivanjem i u\u010denjem, te aktivisti\u010dku stranu u doprinosu stvaranja boljeg svijeta.&nbsp;Jedan od omiljenih hobija joj je i fotografija koju je uspje\u0161no spojila s vrtlarenjem i pisanjem; sve \u0161to raste ili \u017eivi na vrtu redovito fotografira i objavljuje. Svojim radom na vrtu poku\u0161ava ne samo uzgojiti zdravu hranu, nego u\u010diti od prirode i prona\u0107i na\u010dine vrtlarenja koji ne\u0107e biti toliko udaljeni od prirodnih zakonitosti kao \u0161to je to u konvencionalnoj poljoprivredi. Te\u017ei razumijevanju na\u010dina na koji funkcioniraju biosustavi i kako posti\u0107i maksimalne u\u010dinke u vrtu s \u0161to manje napora \u2013 kako vrtlariti u savezu s prirodnim zakonitostima, a ne boriti se protiv njih. Trudi se o\u010duvati stare sorte cvije\u0107a i povr\u0107a, te znanja na\u0161ih djedova i baka. Duboko vjeruje u to da svi na\u0161i postupci itekako imaju utjecaja na cijeli svijet oko nas. Stoga se trudi biti promjena koju \u017eeli vidjeti u ovom svijetu.<\/p>\n<p><strong>Dunja Kezi\u0107<\/strong><\/p>\n<p data-wahfont=\"16\">Dunja Kezi\u0107 modna je kreatorica koja kroz svoj Studio zagovara &#8220;slow fashion&#8221; te vodi radionice ru\u010dnog rada i \u0161ivanja.<\/p>\n<p data-wahfont=\"16\">&#8220;Oduvijek sam voljela maksimalno iskoristiti i onaj zadnji komadi\u0107 tkanine, poigrati se i stvarati od odba\u010denog i nenosivog odjevnog predmeta. Zero waste je postala moja strast. Odr\u017eiva moda je trend kojeg stvaram i u skladu s kojim \u017eivim. Minimalno stvaranje otpada i maksimalna iskoristivost.&#8221;<\/p>\n<p data-wahfont=\"16\"><strong>Romana Tomi\u0107&nbsp;<\/strong><\/p>\n<p data-wahfont=\"16\">\u201cRomana je zaposlenikinja udruge De\u0161a Dubrovnik, ali i aktivistkinja i volonterka, posebno marna i borbena u vezi tema nasilja nad \u017eenama i klimatskih promjena, solidarna i kolegijalna, fer i hrabra, bilo da je rije\u010d o njezinoj ili tvojoj djevoj\u010dici, spremna reagirati ad hoc, zalo\u017eiti se, izlo\u017eiti, progovoriti\u2026 vje\u010dito neposlu\u0161na spram nepravde, gluposti i linije manjeg otpora\u201d \u2013 Udruga De\u0161a<\/p>\n<p data-wahfont=\"16\"><strong>OPG \u0160atara<\/strong><\/p>\n<p data-wahfont=\"16\">Obiteljski OPG Nikoline i Antonia \u0160atare usmjeren je na uzgoj lavande i smilja te proizvodnju eteri\u010dnih ulja, hidrolata i prirodne kozmetike od navedenih biljaka.<\/p>\n","protected":false},"excerpt":{"rendered":"<p>Program Eko s knji\u017enicom namijenjen je svim dobnim skupinama s naglaskom na aktivnostima za djecu. Cilj je ovim programom podizati ekolo\u0161ku svijest zajednice te u\u010diti najmla\u0111e \u010dlanove dru\u0161tva kako \u0161titit i voliti prirodu. Ministarstvo kulture i medija RH odobrilo je ovaj program koji se odr\u017eava ve\u0107 tre\u0107u godinu za redom te nam za istog osiguralo [&hellip;]<\/p>\n","protected":false},"author":55,"featured_media":0,"comment_status":"closed","ping_status":"closed","sticky":false,"template":"","format":"standard","meta":{"ngg_post_thumbnail":0},"categories":[1],"tags":[221,92,93,145,218,220,217],"yoast_head":"<!-- This site is optimized with the Yoast SEO plugin v16.4 - https:\/\/yoast.com\/wordpress\/plugins\/seo\/ -->\n<meta name=\"robots\" content=\"index, follow, max-snippet:-1, max-image-preview:large, max-video-preview:-1\" \/>\n<link rel=\"canonical\" href=\"http:\/\/knjiznice.nsk.hr\/ston\/eko-s-knjiznicom-2\/\" \/>\n<meta property=\"og:locale\" content=\"hr_HR\" \/>\n<meta property=\"og:type\" content=\"article\" \/>\n<meta property=\"og:title\" content=\"Eko s knji\u017enicom &ndash; Narodna knji\u017enica Ston\" \/>\n<meta property=\"og:description\" content=\"Program Eko s knji\u017enicom namijenjen je svim dobnim skupinama s naglaskom na aktivnostima za djecu. Cilj je ovim programom podizati ekolo\u0161ku svijest zajednice te u\u010diti najmla\u0111e \u010dlanove dru\u0161tva kako \u0161titit i voliti prirodu. Ministarstvo kulture i medija RH odobrilo je ovaj program koji se odr\u017eava ve\u0107 tre\u0107u godinu za redom te nam za istog osiguralo [&hellip;]\" \/>\n<meta property=\"og:url\" content=\"http:\/\/knjiznice.nsk.hr\/ston\/eko-s-knjiznicom-2\/\" \/>\n<meta property=\"og:site_name\" content=\"Narodna knji\u017enica Ston\" \/>\n<meta property=\"article:published_time\" content=\"2026-04-13T07:26:32+00:00\" \/>\n<meta property=\"og:image\" content=\"https:\/\/static.xx.fbcdn.net\/images\/emoji.php\/v9\/t3f\/1\/16\/1f30d.png\" \/>\n<meta name=\"twitter:label1\" content=\"Procijenjeno vrijeme \u010ditanja\" \/>\n\t<meta name=\"twitter:data1\" content=\"3 minute\" \/>\n<script type=\"application\/ld+json\" class=\"yoast-schema-graph\">{\"@context\":\"https:\/\/schema.org\",\"@graph\":[{\"@type\":\"WebSite\",\"@id\":\"http:\/\/knjiznice.nsk.hr\/ston\/#website\",\"url\":\"http:\/\/knjiznice.nsk.hr\/ston\/\",\"name\":\"Narodna knji\\u017enica Ston\",\"description\":\"\",\"potentialAction\":[{\"@type\":\"SearchAction\",\"target\":\"http:\/\/knjiznice.nsk.hr\/ston\/?s={search_term_string}\",\"query-input\":\"required name=search_term_string\"}],\"inLanguage\":\"hr\"},{\"@type\":\"ImageObject\",\"@id\":\"http:\/\/knjiznice.nsk.hr\/ston\/eko-s-knjiznicom-2\/#primaryimage\",\"inLanguage\":\"hr\",\"url\":\"https:\/\/static.xx.fbcdn.net\/images\/emoji.php\/v9\/t3f\/1\/16\/1f30d.png\",\"contentUrl\":\"https:\/\/static.xx.fbcdn.net\/images\/emoji.php\/v9\/t3f\/1\/16\/1f30d.png\"},{\"@type\":\"WebPage\",\"@id\":\"http:\/\/knjiznice.nsk.hr\/ston\/eko-s-knjiznicom-2\/#webpage\",\"url\":\"http:\/\/knjiznice.nsk.hr\/ston\/eko-s-knjiznicom-2\/\",\"name\":\"Eko s knji\\u017enicom &ndash; Narodna knji\\u017enica Ston\",\"isPartOf\":{\"@id\":\"http:\/\/knjiznice.nsk.hr\/ston\/#website\"},\"primaryImageOfPage\":{\"@id\":\"http:\/\/knjiznice.nsk.hr\/ston\/eko-s-knjiznicom-2\/#primaryimage\"},\"datePublished\":\"2026-04-13T07:26:32+00:00\",\"dateModified\":\"2026-04-13T07:26:32+00:00\",\"author\":{\"@id\":\"http:\/\/knjiznice.nsk.hr\/ston\/#\/schema\/person\/87c5116b5840886c3715f2604a6bf4fb\"},\"breadcrumb\":{\"@id\":\"http:\/\/knjiznice.nsk.hr\/ston\/eko-s-knjiznicom-2\/#breadcrumb\"},\"inLanguage\":\"hr\",\"potentialAction\":[{\"@type\":\"ReadAction\",\"target\":[\"http:\/\/knjiznice.nsk.hr\/ston\/eko-s-knjiznicom-2\/\"]}]},{\"@type\":\"BreadcrumbList\",\"@id\":\"http:\/\/knjiznice.nsk.hr\/ston\/eko-s-knjiznicom-2\/#breadcrumb\",\"itemListElement\":[{\"@type\":\"ListItem\",\"position\":1,\"item\":{\"@type\":\"WebPage\",\"@id\":\"http:\/\/knjiznice.nsk.hr\/ston\/\",\"url\":\"http:\/\/knjiznice.nsk.hr\/ston\/\",\"name\":\"Po\\u010detna stranica\"}},{\"@type\":\"ListItem\",\"position\":2,\"item\":{\"@id\":\"http:\/\/knjiznice.nsk.hr\/ston\/eko-s-knjiznicom-2\/#webpage\"}}]},{\"@type\":\"Person\",\"@id\":\"http:\/\/knjiznice.nsk.hr\/ston\/#\/schema\/person\/87c5116b5840886c3715f2604a6bf4fb\",\"name\":\"ston2\",\"image\":{\"@type\":\"ImageObject\",\"@id\":\"http:\/\/knjiznice.nsk.hr\/ston\/#personlogo\",\"inLanguage\":\"hr\",\"url\":\"http:\/\/2.gravatar.com\/avatar\/bd4d820644928144d171b2e60a3a90ec?s=96&d=mm&r=g\",\"contentUrl\":\"http:\/\/2.gravatar.com\/avatar\/bd4d820644928144d171b2e60a3a90ec?s=96&d=mm&r=g\",\"caption\":\"ston2\"},\"url\":\"http:\/\/knjiznice.nsk.hr\/ston\/\"}]}<\/script>\n<!-- \/ Yoast SEO plugin. -->","_links":{"self":[{"href":"http:\/\/knjiznice.nsk.hr\/ston\/wp-json\/wp\/v2\/posts\/4484"}],"collection":[{"href":"http:\/\/knjiznice.nsk.hr\/ston\/wp-json\/wp\/v2\/posts"}],"about":[{"href":"http:\/\/knjiznice.nsk.hr\/ston\/wp-json\/wp\/v2\/types\/post"}],"author":[{"embeddable":true,"href":"http:\/\/knjiznice.nsk.hr\/ston\/wp-json\/wp\/v2\/users\/55"}],"replies":[{"embeddable":true,"href":"http:\/\/knjiznice.nsk.hr\/ston\/wp-json\/wp\/v2\/comments?post=4484"}],"version-history":[{"count":1,"href":"http:\/\/knjiznice.nsk.hr\/ston\/wp-json\/wp\/v2\/posts\/4484\/revisions"}],"predecessor-version":[{"id":4486,"href":"http:\/\/knjiznice.nsk.hr\/ston\/wp-json\/wp\/v2\/posts\/4484\/revisions\/4486"}],"wp:attachment":[{"href":"http:\/\/knjiznice.nsk.hr\/ston\/wp-json\/wp\/v2\/media?parent=4484"}],"wp:term":[{"taxonomy":"category","embeddable":true,"href":"http:\/\/knjiznice.nsk.hr\/ston\/wp-json\/wp\/v2\/categories?post=4484"},{"taxonomy":"post_tag","embeddable":true,"href":"http:\/\/knjiznice.nsk.hr\/ston\/wp-json\/wp\/v2\/tags?post=4484"}],"curies":[{"name":"wp","href":"https:\/\/api.w.org\/{rel}","templated":true}]}}