{"id":4241,"date":"2025-10-08T12:21:24","date_gmt":"2025-10-08T12:21:24","guid":{"rendered":"http:\/\/knjiznice.nsk.hr\/ston\/?p=4241"},"modified":"2025-10-08T12:23:16","modified_gmt":"2025-10-08T12:23:16","slug":"program-mjeseca-hrvatske-knjige-2","status":"publish","type":"post","link":"http:\/\/knjiznice.nsk.hr\/ston\/program-mjeseca-hrvatske-knjige-2\/","title":{"rendered":"Program Mjeseca hrvatske knjige"},"content":{"rendered":"<p>I ove godine priklju\u010dili smo se obilje\u017eavanju Mjeseca hrvatske knjige (15.10.-15.11 2025.), manifestacije kojom se promi\u010de knjiga i \u010ditanje kroz razli\u010dite programe i doga\u0111anja.<\/p>\n<p>U svijetu prepunom kratkih vijesti i brzih pretra\u017eivanja, u kojemu informacije putuju br\u017ee nego ikada, a buka i \u017eurba bliski su pratioci ljudske svakodnevnice, jo\u0161 uvijek postoje mjesta gdje se misao smije zadr\u017eati i rasti. Uto\u010di\u0161ta u kojima se mo\u017ee zastati, pitati, tra\u017eiti, listati, saznavati, dru\u017eiti, povezivati, zabavljati, a ponekad tek \u2013 biti.<br \/>\nMjesta u\u010denja novih slova, ali i starih znanja. Kutci u kojima istra\u017eujemo, otkrivamo, spoznajemo. Lokacije kojima se vra\u0107amo i onda kada lutamo. To su knji\u017enice \u2013 one u kojima ideje \u017eive, zajedni\u010dka dobra koja nas iznova podsje\u0107aju da znanje nije luksuz, ve\u0107 mora biti dostupno svima, i da \u010ditanje ne mora biti samo bijeg ve\u0107 i povratak sebi i svijetu\u2026<\/p>\n<p>Ali \u0161to je knji\u017enica bez knji\u017eni\u010dara? Mo\u017eemo li zamisliti prostor ispunjen knjigama bez onih koji tim knjigama daju \u017eivot, a prostoru smisao? Onih koji znanje \u010duvaju, ali ga i nesebi\u010dno dijele. Onih koji tihe i zatvorene riznice znanja pretvaraju u \u017eiva kulturna i dru\u0161tvena sredi\u0161ta, mjesta susreta i otkri\u0107a koja dobrodo\u0161licu pru\u017eaju \u2013 svima. Knji\u017eni\u010dar danas nije samo \u010duvar knjiga, ve\u0107 i onaj koji oslu\u0161kuje, usmjerava i poma\u017ee. Neprestano u\u010di i stvara, njeguje tradiciju istovremeno se prilago\u0111avaju\u0107i novim tehnologijama, razvija informacijske vje\u0161tine, promi\u010de ljepotu \u010ditanja, povezuje generacije i spaja naizgled nespojive svjetove&#8230; Ba\u0161 poput renesansnog \u010dovjeka, otvorenog, obrazovanog i znati\u017eeljnog pojedinca, koji neumorno traga za novim horizontima i povezuje razli\u010dita znanja, i suvremeni knji\u017eni\u010dar nosi duh tog pomalo zaboravljenog, ali i dalje \u017eivog ideala svestranosti.<\/p>\n<p>I zato ovaj Mjesec hrvatske knjige posve\u0107ujemo onima koji \u010dine srce svake knji\u017enice, onima koji nisu samo stru\u010dnjaci za knjige i \u010ditanje, nego stvaratelji okru\u017eenja u kojem znanje raste, kultura se stvara i umna\u017ea, a razli\u010ditosti nalaze prostor za uva\u017eavaju\u0107i dijalog i toleranciju. Ova je manifestacija prilika da istaknemo \u010desto manje primjetnu, a izuzetno va\u017enu&nbsp;<strong>ulogu knji\u017eni\u010dara.<\/strong><\/p>\n<p>Za ovogodi\u0161nji program odbrali smo pet gostuju\u0107ih izlaga\u010da te osmislili nekoliko radionice i susreta s djecom.<\/p>\n<p><a href=\"http:\/\/knjiznice.nsk.hr\/ston\/wp-content\/uploads\/sites\/12\/2025\/10\/PROGRAM-7.jpg\"><img loading=\"lazy\" class=\"alignnone wp-image-4242\" src=\"http:\/\/knjiznice.nsk.hr\/ston\/wp-content\/uploads\/sites\/12\/2025\/10\/PROGRAM-7-212x300.jpg\" alt=\"\" width=\"352\" height=\"499\" srcset=\"http:\/\/knjiznice.nsk.hr\/ston\/wp-content\/uploads\/sites\/12\/2025\/10\/PROGRAM-7-212x300.jpg 212w, http:\/\/knjiznice.nsk.hr\/ston\/wp-content\/uploads\/sites\/12\/2025\/10\/PROGRAM-7-724x1024.jpg 724w, http:\/\/knjiznice.nsk.hr\/ston\/wp-content\/uploads\/sites\/12\/2025\/10\/PROGRAM-7-768x1086.jpg 768w, http:\/\/knjiznice.nsk.hr\/ston\/wp-content\/uploads\/sites\/12\/2025\/10\/PROGRAM-7-600x849.jpg 600w, http:\/\/knjiznice.nsk.hr\/ston\/wp-content\/uploads\/sites\/12\/2025\/10\/PROGRAM-7-1086x1536.jpg 1086w, http:\/\/knjiznice.nsk.hr\/ston\/wp-content\/uploads\/sites\/12\/2025\/10\/PROGRAM-7-1448x2048.jpg 1448w, http:\/\/knjiznice.nsk.hr\/ston\/wp-content\/uploads\/sites\/12\/2025\/10\/PROGRAM-7.jpg 1587w\" sizes=\"(max-width: 352px) 100vw, 352px\" \/><\/a><\/p>\n<p>&nbsp;<\/p>\n<p>&nbsp;<\/p>\n<p>&nbsp;<\/p>\n","protected":false},"excerpt":{"rendered":"<p>I ove godine priklju\u010dili smo se obilje\u017eavanju Mjeseca hrvatske knjige (15.10.-15.11 2025.), manifestacije kojom se promi\u010de knjiga i \u010ditanje kroz razli\u010dite programe i doga\u0111anja. U svijetu prepunom kratkih vijesti i brzih pretra\u017eivanja, u kojemu informacije putuju br\u017ee nego ikada, a buka i \u017eurba bliski su pratioci ljudske svakodnevnice, jo\u0161 uvijek postoje mjesta gdje se misao [&hellip;]<\/p>\n","protected":false},"author":55,"featured_media":0,"comment_status":"closed","ping_status":"closed","sticky":false,"template":"","format":"standard","meta":{"ngg_post_thumbnail":0},"categories":[6],"tags":[162,160,216,15,215,214,213],"yoast_head":"<!-- This site is optimized with the Yoast SEO plugin v16.4 - https:\/\/yoast.com\/wordpress\/plugins\/seo\/ -->\n<meta name=\"robots\" content=\"index, follow, max-snippet:-1, max-image-preview:large, max-video-preview:-1\" \/>\n<link rel=\"canonical\" href=\"http:\/\/knjiznice.nsk.hr\/ston\/program-mjeseca-hrvatske-knjige-2\/\" \/>\n<meta property=\"og:locale\" content=\"hr_HR\" \/>\n<meta property=\"og:type\" content=\"article\" \/>\n<meta property=\"og:title\" content=\"Program Mjeseca hrvatske knjige &ndash; Narodna knji\u017enica Ston\" \/>\n<meta property=\"og:description\" content=\"I ove godine priklju\u010dili smo se obilje\u017eavanju Mjeseca hrvatske knjige (15.10.-15.11 2025.), manifestacije kojom se promi\u010de knjiga i \u010ditanje kroz razli\u010dite programe i doga\u0111anja. U svijetu prepunom kratkih vijesti i brzih pretra\u017eivanja, u kojemu informacije putuju br\u017ee nego ikada, a buka i \u017eurba bliski su pratioci ljudske svakodnevnice, jo\u0161 uvijek postoje mjesta gdje se misao [&hellip;]\" \/>\n<meta property=\"og:url\" content=\"http:\/\/knjiznice.nsk.hr\/ston\/program-mjeseca-hrvatske-knjige-2\/\" \/>\n<meta property=\"og:site_name\" content=\"Narodna knji\u017enica Ston\" \/>\n<meta property=\"article:published_time\" content=\"2025-10-08T12:21:24+00:00\" \/>\n<meta property=\"article:modified_time\" content=\"2025-10-08T12:23:16+00:00\" \/>\n<meta property=\"og:image\" content=\"http:\/\/knjiznice.nsk.hr\/ston\/wp-content\/uploads\/sites\/12\/2025\/10\/PROGRAM-7-212x300.jpg\" \/>\n<meta name=\"twitter:label1\" content=\"Procijenjeno vrijeme \u010ditanja\" \/>\n\t<meta name=\"twitter:data1\" content=\"2 minute\" \/>\n<script type=\"application\/ld+json\" class=\"yoast-schema-graph\">{\"@context\":\"https:\/\/schema.org\",\"@graph\":[{\"@type\":\"WebSite\",\"@id\":\"http:\/\/knjiznice.nsk.hr\/ston\/#website\",\"url\":\"http:\/\/knjiznice.nsk.hr\/ston\/\",\"name\":\"Narodna knji\\u017enica Ston\",\"description\":\"\",\"potentialAction\":[{\"@type\":\"SearchAction\",\"target\":\"http:\/\/knjiznice.nsk.hr\/ston\/?s={search_term_string}\",\"query-input\":\"required name=search_term_string\"}],\"inLanguage\":\"hr\"},{\"@type\":\"ImageObject\",\"@id\":\"http:\/\/knjiznice.nsk.hr\/ston\/program-mjeseca-hrvatske-knjige-2\/#primaryimage\",\"inLanguage\":\"hr\",\"url\":\"http:\/\/knjiznice.nsk.hr\/ston\/wp-content\/uploads\/sites\/12\/2025\/10\/PROGRAM-7.jpg\",\"contentUrl\":\"http:\/\/knjiznice.nsk.hr\/ston\/wp-content\/uploads\/sites\/12\/2025\/10\/PROGRAM-7.jpg\",\"width\":1587,\"height\":2245},{\"@type\":\"WebPage\",\"@id\":\"http:\/\/knjiznice.nsk.hr\/ston\/program-mjeseca-hrvatske-knjige-2\/#webpage\",\"url\":\"http:\/\/knjiznice.nsk.hr\/ston\/program-mjeseca-hrvatske-knjige-2\/\",\"name\":\"Program Mjeseca hrvatske knjige &ndash; Narodna knji\\u017enica Ston\",\"isPartOf\":{\"@id\":\"http:\/\/knjiznice.nsk.hr\/ston\/#website\"},\"primaryImageOfPage\":{\"@id\":\"http:\/\/knjiznice.nsk.hr\/ston\/program-mjeseca-hrvatske-knjige-2\/#primaryimage\"},\"datePublished\":\"2025-10-08T12:21:24+00:00\",\"dateModified\":\"2025-10-08T12:23:16+00:00\",\"author\":{\"@id\":\"http:\/\/knjiznice.nsk.hr\/ston\/#\/schema\/person\/87c5116b5840886c3715f2604a6bf4fb\"},\"breadcrumb\":{\"@id\":\"http:\/\/knjiznice.nsk.hr\/ston\/program-mjeseca-hrvatske-knjige-2\/#breadcrumb\"},\"inLanguage\":\"hr\",\"potentialAction\":[{\"@type\":\"ReadAction\",\"target\":[\"http:\/\/knjiznice.nsk.hr\/ston\/program-mjeseca-hrvatske-knjige-2\/\"]}]},{\"@type\":\"BreadcrumbList\",\"@id\":\"http:\/\/knjiznice.nsk.hr\/ston\/program-mjeseca-hrvatske-knjige-2\/#breadcrumb\",\"itemListElement\":[{\"@type\":\"ListItem\",\"position\":1,\"item\":{\"@type\":\"WebPage\",\"@id\":\"http:\/\/knjiznice.nsk.hr\/ston\/\",\"url\":\"http:\/\/knjiznice.nsk.hr\/ston\/\",\"name\":\"Po\\u010detna stranica\"}},{\"@type\":\"ListItem\",\"position\":2,\"item\":{\"@id\":\"http:\/\/knjiznice.nsk.hr\/ston\/program-mjeseca-hrvatske-knjige-2\/#webpage\"}}]},{\"@type\":\"Person\",\"@id\":\"http:\/\/knjiznice.nsk.hr\/ston\/#\/schema\/person\/87c5116b5840886c3715f2604a6bf4fb\",\"name\":\"ston2\",\"image\":{\"@type\":\"ImageObject\",\"@id\":\"http:\/\/knjiznice.nsk.hr\/ston\/#personlogo\",\"inLanguage\":\"hr\",\"url\":\"http:\/\/2.gravatar.com\/avatar\/bd4d820644928144d171b2e60a3a90ec?s=96&d=mm&r=g\",\"contentUrl\":\"http:\/\/2.gravatar.com\/avatar\/bd4d820644928144d171b2e60a3a90ec?s=96&d=mm&r=g\",\"caption\":\"ston2\"},\"url\":\"http:\/\/knjiznice.nsk.hr\/ston\/\"}]}<\/script>\n<!-- \/ Yoast SEO plugin. -->","_links":{"self":[{"href":"http:\/\/knjiznice.nsk.hr\/ston\/wp-json\/wp\/v2\/posts\/4241"}],"collection":[{"href":"http:\/\/knjiznice.nsk.hr\/ston\/wp-json\/wp\/v2\/posts"}],"about":[{"href":"http:\/\/knjiznice.nsk.hr\/ston\/wp-json\/wp\/v2\/types\/post"}],"author":[{"embeddable":true,"href":"http:\/\/knjiznice.nsk.hr\/ston\/wp-json\/wp\/v2\/users\/55"}],"replies":[{"embeddable":true,"href":"http:\/\/knjiznice.nsk.hr\/ston\/wp-json\/wp\/v2\/comments?post=4241"}],"version-history":[{"count":2,"href":"http:\/\/knjiznice.nsk.hr\/ston\/wp-json\/wp\/v2\/posts\/4241\/revisions"}],"predecessor-version":[{"id":4244,"href":"http:\/\/knjiznice.nsk.hr\/ston\/wp-json\/wp\/v2\/posts\/4241\/revisions\/4244"}],"wp:attachment":[{"href":"http:\/\/knjiznice.nsk.hr\/ston\/wp-json\/wp\/v2\/media?parent=4241"}],"wp:term":[{"taxonomy":"category","embeddable":true,"href":"http:\/\/knjiznice.nsk.hr\/ston\/wp-json\/wp\/v2\/categories?post=4241"},{"taxonomy":"post_tag","embeddable":true,"href":"http:\/\/knjiznice.nsk.hr\/ston\/wp-json\/wp\/v2\/tags?post=4241"}],"curies":[{"name":"wp","href":"https:\/\/api.w.org\/{rel}","templated":true}]}}