{"id":4048,"date":"2025-07-09T07:33:05","date_gmt":"2025-07-09T07:33:05","guid":{"rendered":"http:\/\/knjiznice.nsk.hr\/ston\/?p=4048"},"modified":"2025-07-09T07:33:47","modified_gmt":"2025-07-09T07:33:47","slug":"ljeto-s-knjiznicom","status":"publish","type":"post","link":"http:\/\/knjiznice.nsk.hr\/ston\/ljeto-s-knjiznicom\/","title":{"rendered":"LJETO S KNJI\u017dNICOM"},"content":{"rendered":"<p data-wahfont=\"16\"><a href=\"http:\/\/knjiznice.nsk.hr\/ston\/wp-content\/uploads\/sites\/12\/2025\/07\/Ljeto-s-knjiznicom-3.jpg\"><img loading=\"lazy\" class=\"alignnone wp-image-4049\" src=\"http:\/\/knjiznice.nsk.hr\/ston\/wp-content\/uploads\/sites\/12\/2025\/07\/Ljeto-s-knjiznicom-3-212x300.jpg\" alt=\"\" width=\"336\" height=\"475\" srcset=\"http:\/\/knjiznice.nsk.hr\/ston\/wp-content\/uploads\/sites\/12\/2025\/07\/Ljeto-s-knjiznicom-3-212x300.jpg 212w, http:\/\/knjiznice.nsk.hr\/ston\/wp-content\/uploads\/sites\/12\/2025\/07\/Ljeto-s-knjiznicom-3-724x1024.jpg 724w, http:\/\/knjiznice.nsk.hr\/ston\/wp-content\/uploads\/sites\/12\/2025\/07\/Ljeto-s-knjiznicom-3-768x1086.jpg 768w, http:\/\/knjiznice.nsk.hr\/ston\/wp-content\/uploads\/sites\/12\/2025\/07\/Ljeto-s-knjiznicom-3-600x849.jpg 600w, http:\/\/knjiznice.nsk.hr\/ston\/wp-content\/uploads\/sites\/12\/2025\/07\/Ljeto-s-knjiznicom-3-1086x1536.jpg 1086w, http:\/\/knjiznice.nsk.hr\/ston\/wp-content\/uploads\/sites\/12\/2025\/07\/Ljeto-s-knjiznicom-3-1448x2048.jpg 1448w, http:\/\/knjiznice.nsk.hr\/ston\/wp-content\/uploads\/sites\/12\/2025\/07\/Ljeto-s-knjiznicom-3.jpg 1587w\" sizes=\"(max-width: 336px) 100vw, 336px\" \/><\/a><\/p>\n<p data-wahfont=\"16\">Program Ljeto s knji\u017enicom ove godine provoditi \u0107e se od 1. srpnja do 30. kolovoza.&nbsp;<span class=\"html-span xexx8yu x4uap5 x18d9i69 xkhd6sd x1hl2dhg x16tdsg8 x1vvkbs x3nfvp2 x1j61x8r x1fcty0u xdj266r xat24cr xgzva0m xhhsvwb xxymvpz xlup9mm x1kky2od\" data-wahfont=\"16\"><img loading=\"lazy\" class=\"xz74otr\" src=\"https:\/\/static.xx.fbcdn.net\/images\/emoji.php\/v9\/t5c\/1\/16\/1f5d3.png\" alt=\"&#x1f5d3;\" width=\"16\" height=\"16\"><\/span><br class=\"html-br\">Namijenjen je djeci i mladima, a cilj je potaknuti ih na \u010ditanje i ljubav prema knjizi te im pru\u017eiti mogu\u0107nost kvalitetnog provo\u0111enja slobodnog vremena.<br class=\"html-br\">Kroz \u010detiri vrste aktivnosti edukativno-kreativnog i dru\u0161tvenog karaktera du\u017eiti \u0107emo se svaki tjedan.<\/p>\n<p data-wahfont=\"16\"><img src=\"https:\/\/static.xx.fbcdn.net\/images\/emoji.php\/v9\/t2d\/1\/16\/1f4cd.png\" alt=\"&#x1f4cd;\"> Osam kreativnih radionica i pri\u010daonica djeci \u0107e pribli\u017eiti razne naslove koje knji\u017enica posjeduje te im dati iskustvo razli\u010ditih tehnika i materijala za kreativno izra\u017eavanje. Radionice \u0107e biti podijeljene prema uzrastu na one za djecu od 5 do 8 godina te one za djecu od 8 do 12 godina.<\/p>\n<p data-wahfont=\"16\">&nbsp;<img src=\"https:\/\/static.xx.fbcdn.net\/images\/emoji.php\/v9\/t2d\/1\/16\/1f4cd.png\" alt=\"&#x1f4cd;\"> U&nbsp;seriji susreta &#8220;I oni \u017eive u na\u0161oj sredini&#8221; koja za cilj ima upoznati djecu s razli\u010ditim vrstama umjetnosti gostovati \u0107e kerami\u010darka Anamarija Bezek, slikarica Klara Knego&nbsp; te dje\u010dja spisateljica Jelena Pervan. Kako bi se i ostaloj populaciji pribli\u017eila umjetnost uz gostovaje Klare Knego za djecu u prostoru knji\u017enice \u0107e biti otvorena izlo\u017eba njenih radova.<\/p>\n<p data-wahfont=\"16\"><img src=\"https:\/\/static.xx.fbcdn.net\/images\/emoji.php\/v9\/t2d\/1\/16\/1f4cd.png\" alt=\"&#x1f4cd;\">&nbsp;Zaigrana jutra u knji\u017enici serija je dru\u017eenja uz dru\u0161tvene igre namijenja uzrastu od 6 do 11 godina.<\/p>\n<p data-wahfont=\"16\"><img src=\"https:\/\/static.xx.fbcdn.net\/images\/emoji.php\/v9\/t2d\/1\/16\/1f4cd.png\" alt=\"&#x1f4cd;\"> \u010citateljska kartolina je natjecanje u \u010ditanju namijenjeno osnovno\u0161kolcima, a svoj naziv kartolina vu\u010de iz lokalnoga rje\u010dnika.<\/p>\n<p data-wahfont=\"16\">&nbsp;<\/p>\n<p data-wahfont=\"16\">Termini pojedina\u010dnih doga\u0111anja biti \u0107e naknadno objavljeni.<\/p>\n","protected":false},"excerpt":{"rendered":"<p>Program Ljeto s knji\u017enicom ove godine provoditi \u0107e se od 1. srpnja do 30. kolovoza.&nbsp;Namijenjen je djeci i mladima, a cilj je potaknuti ih na \u010ditanje i ljubav prema knjizi te im pru\u017eiti mogu\u0107nost kvalitetnog provo\u0111enja slobodnog vremena.Kroz \u010detiri vrste aktivnosti edukativno-kreativnog i dru\u0161tvenog karaktera du\u017eiti \u0107emo se svaki tjedan. Osam kreativnih radionica i pri\u010daonica [&hellip;]<\/p>\n","protected":false},"author":55,"featured_media":4049,"comment_status":"closed","ping_status":"closed","sticky":false,"template":"","format":"standard","meta":{"ngg_post_thumbnail":0},"categories":[6],"tags":[22,78,201,202,203,76,80,204],"yoast_head":"<!-- This site is optimized with the Yoast SEO plugin v16.4 - https:\/\/yoast.com\/wordpress\/plugins\/seo\/ -->\n<meta name=\"robots\" content=\"index, follow, max-snippet:-1, max-image-preview:large, max-video-preview:-1\" \/>\n<link rel=\"canonical\" href=\"http:\/\/knjiznice.nsk.hr\/ston\/ljeto-s-knjiznicom\/\" \/>\n<meta property=\"og:locale\" content=\"hr_HR\" \/>\n<meta property=\"og:type\" content=\"article\" \/>\n<meta property=\"og:title\" content=\"LJETO S KNJI\u017dNICOM &ndash; Narodna knji\u017enica Ston\" \/>\n<meta property=\"og:description\" content=\"Program Ljeto s knji\u017enicom ove godine provoditi \u0107e se od 1. srpnja do 30. kolovoza.&nbsp;Namijenjen je djeci i mladima, a cilj je potaknuti ih na \u010ditanje i ljubav prema knjizi te im pru\u017eiti mogu\u0107nost kvalitetnog provo\u0111enja slobodnog vremena.Kroz \u010detiri vrste aktivnosti edukativno-kreativnog i dru\u0161tvenog karaktera du\u017eiti \u0107emo se svaki tjedan. Osam kreativnih radionica i pri\u010daonica [&hellip;]\" \/>\n<meta property=\"og:url\" content=\"http:\/\/knjiznice.nsk.hr\/ston\/ljeto-s-knjiznicom\/\" \/>\n<meta property=\"og:site_name\" content=\"Narodna knji\u017enica Ston\" \/>\n<meta property=\"article:published_time\" content=\"2025-07-09T07:33:05+00:00\" \/>\n<meta property=\"article:modified_time\" content=\"2025-07-09T07:33:47+00:00\" \/>\n<meta property=\"og:image\" content=\"http:\/\/knjiznice.nsk.hr\/ston\/wp-content\/uploads\/sites\/12\/2025\/07\/Ljeto-s-knjiznicom-3.jpg\" \/>\n\t<meta property=\"og:image:width\" content=\"1587\" \/>\n\t<meta property=\"og:image:height\" content=\"2245\" \/>\n<meta name=\"twitter:label1\" content=\"Procijenjeno vrijeme \u010ditanja\" \/>\n\t<meta name=\"twitter:data1\" content=\"3 minute\" \/>\n<script type=\"application\/ld+json\" class=\"yoast-schema-graph\">{\"@context\":\"https:\/\/schema.org\",\"@graph\":[{\"@type\":\"WebSite\",\"@id\":\"http:\/\/knjiznice.nsk.hr\/ston\/#website\",\"url\":\"http:\/\/knjiznice.nsk.hr\/ston\/\",\"name\":\"Narodna knji\\u017enica Ston\",\"description\":\"\",\"potentialAction\":[{\"@type\":\"SearchAction\",\"target\":\"http:\/\/knjiznice.nsk.hr\/ston\/?s={search_term_string}\",\"query-input\":\"required name=search_term_string\"}],\"inLanguage\":\"hr\"},{\"@type\":\"ImageObject\",\"@id\":\"http:\/\/knjiznice.nsk.hr\/ston\/ljeto-s-knjiznicom\/#primaryimage\",\"inLanguage\":\"hr\",\"url\":\"http:\/\/knjiznice.nsk.hr\/ston\/wp-content\/uploads\/sites\/12\/2025\/07\/Ljeto-s-knjiznicom-3.jpg\",\"contentUrl\":\"http:\/\/knjiznice.nsk.hr\/ston\/wp-content\/uploads\/sites\/12\/2025\/07\/Ljeto-s-knjiznicom-3.jpg\",\"width\":1587,\"height\":2245},{\"@type\":\"WebPage\",\"@id\":\"http:\/\/knjiznice.nsk.hr\/ston\/ljeto-s-knjiznicom\/#webpage\",\"url\":\"http:\/\/knjiznice.nsk.hr\/ston\/ljeto-s-knjiznicom\/\",\"name\":\"LJETO S KNJI\\u017dNICOM &ndash; Narodna knji\\u017enica Ston\",\"isPartOf\":{\"@id\":\"http:\/\/knjiznice.nsk.hr\/ston\/#website\"},\"primaryImageOfPage\":{\"@id\":\"http:\/\/knjiznice.nsk.hr\/ston\/ljeto-s-knjiznicom\/#primaryimage\"},\"datePublished\":\"2025-07-09T07:33:05+00:00\",\"dateModified\":\"2025-07-09T07:33:47+00:00\",\"author\":{\"@id\":\"http:\/\/knjiznice.nsk.hr\/ston\/#\/schema\/person\/87c5116b5840886c3715f2604a6bf4fb\"},\"breadcrumb\":{\"@id\":\"http:\/\/knjiznice.nsk.hr\/ston\/ljeto-s-knjiznicom\/#breadcrumb\"},\"inLanguage\":\"hr\",\"potentialAction\":[{\"@type\":\"ReadAction\",\"target\":[\"http:\/\/knjiznice.nsk.hr\/ston\/ljeto-s-knjiznicom\/\"]}]},{\"@type\":\"BreadcrumbList\",\"@id\":\"http:\/\/knjiznice.nsk.hr\/ston\/ljeto-s-knjiznicom\/#breadcrumb\",\"itemListElement\":[{\"@type\":\"ListItem\",\"position\":1,\"item\":{\"@type\":\"WebPage\",\"@id\":\"http:\/\/knjiznice.nsk.hr\/ston\/\",\"url\":\"http:\/\/knjiznice.nsk.hr\/ston\/\",\"name\":\"Po\\u010detna stranica\"}},{\"@type\":\"ListItem\",\"position\":2,\"item\":{\"@id\":\"http:\/\/knjiznice.nsk.hr\/ston\/ljeto-s-knjiznicom\/#webpage\"}}]},{\"@type\":\"Person\",\"@id\":\"http:\/\/knjiznice.nsk.hr\/ston\/#\/schema\/person\/87c5116b5840886c3715f2604a6bf4fb\",\"name\":\"ston2\",\"image\":{\"@type\":\"ImageObject\",\"@id\":\"http:\/\/knjiznice.nsk.hr\/ston\/#personlogo\",\"inLanguage\":\"hr\",\"url\":\"http:\/\/2.gravatar.com\/avatar\/bd4d820644928144d171b2e60a3a90ec?s=96&d=mm&r=g\",\"contentUrl\":\"http:\/\/2.gravatar.com\/avatar\/bd4d820644928144d171b2e60a3a90ec?s=96&d=mm&r=g\",\"caption\":\"ston2\"},\"url\":\"http:\/\/knjiznice.nsk.hr\/ston\/\"}]}<\/script>\n<!-- \/ Yoast SEO plugin. -->","_links":{"self":[{"href":"http:\/\/knjiznice.nsk.hr\/ston\/wp-json\/wp\/v2\/posts\/4048"}],"collection":[{"href":"http:\/\/knjiznice.nsk.hr\/ston\/wp-json\/wp\/v2\/posts"}],"about":[{"href":"http:\/\/knjiznice.nsk.hr\/ston\/wp-json\/wp\/v2\/types\/post"}],"author":[{"embeddable":true,"href":"http:\/\/knjiznice.nsk.hr\/ston\/wp-json\/wp\/v2\/users\/55"}],"replies":[{"embeddable":true,"href":"http:\/\/knjiznice.nsk.hr\/ston\/wp-json\/wp\/v2\/comments?post=4048"}],"version-history":[{"count":1,"href":"http:\/\/knjiznice.nsk.hr\/ston\/wp-json\/wp\/v2\/posts\/4048\/revisions"}],"predecessor-version":[{"id":4050,"href":"http:\/\/knjiznice.nsk.hr\/ston\/wp-json\/wp\/v2\/posts\/4048\/revisions\/4050"}],"wp:featuredmedia":[{"embeddable":true,"href":"http:\/\/knjiznice.nsk.hr\/ston\/wp-json\/wp\/v2\/media\/4049"}],"wp:attachment":[{"href":"http:\/\/knjiznice.nsk.hr\/ston\/wp-json\/wp\/v2\/media?parent=4048"}],"wp:term":[{"taxonomy":"category","embeddable":true,"href":"http:\/\/knjiznice.nsk.hr\/ston\/wp-json\/wp\/v2\/categories?post=4048"},{"taxonomy":"post_tag","embeddable":true,"href":"http:\/\/knjiznice.nsk.hr\/ston\/wp-json\/wp\/v2\/tags?post=4048"}],"curies":[{"name":"wp","href":"https:\/\/api.w.org\/{rel}","templated":true}]}}