{"id":3831,"date":"2025-03-12T07:53:44","date_gmt":"2025-03-12T07:53:44","guid":{"rendered":"http:\/\/knjiznice.nsk.hr\/ston\/?p=3831"},"modified":"2025-03-12T07:58:40","modified_gmt":"2025-03-12T07:58:40","slug":"eko-s-knjiznicom","status":"publish","type":"post","link":"http:\/\/knjiznice.nsk.hr\/ston\/eko-s-knjiznicom\/","title":{"rendered":"EKO S KNJI\u017dNICOM"},"content":{"rendered":"<p>Program Eko s knji\u017enicom ove godine provoditi \u0107e se od o\u017eujka do kraja lipnja.<span class=\"html-span xexx8yu x4uap5 x18d9i69 xkhd6sd x1hl2dhg x16tdsg8 x1vvkbs x3nfvp2 x1j61x8r x1fcty0u xdj266r xat24cr xgzva0m xhhsvwb xxymvpz xlup9mm x1kky2od\"><img loading=\"lazy\" class=\"xz74otr x168nmei x13lgxp2 x5pf9jr xo71vjh\" src=\"https:\/\/static.xx.fbcdn.net\/images\/emoji.php\/v9\/t7e\/1\/16\/1f4c5.png\" alt=\"&#x1f4c5;\" width=\"16\" height=\"16\"> &nbsp;<\/span>Namijenjen je svim dobnim skupinama s naglaskom na aktivnostima za djecu. Cilj je ovim programom podizati ekolo\u0161ku svijest zajednice te u\u010diti najmla\u0111e \u010dlanove dru\u0161tva kako \u0161titit i voliti prirodu.<span class=\"html-span xexx8yu x4uap5 x18d9i69 xkhd6sd x1hl2dhg x16tdsg8 x1vvkbs x3nfvp2 x1j61x8r x1fcty0u xdj266r xat24cr xgzva0m xhhsvwb xxymvpz xlup9mm x1kky2od\"><img loading=\"lazy\" class=\"xz74otr x168nmei x13lgxp2 x5pf9jr xo71vjh\" src=\"https:\/\/static.xx.fbcdn.net\/images\/emoji.php\/v9\/t3f\/1\/16\/1f30d.png\" alt=\"&#x1f30d;\" width=\"16\" height=\"16\"><\/span><span class=\"html-span xexx8yu x4uap5 x18d9i69 xkhd6sd x1hl2dhg x16tdsg8 x1vvkbs x3nfvp2 x1j61x8r x1fcty0u xdj266r xat24cr xgzva0m xhhsvwb xxymvpz xlup9mm x1kky2od\"><img loading=\"lazy\" class=\"xz74otr x168nmei x13lgxp2 x5pf9jr xo71vjh\" src=\"https:\/\/static.xx.fbcdn.net\/images\/emoji.php\/v9\/t94\/1\/16\/1f49a.png\" alt=\"&#x1f49a;\" width=\"16\" height=\"16\"> <\/span>Veselimo se novim eko dru\u017eenjima!<span class=\"html-span xexx8yu x4uap5 x18d9i69 xkhd6sd x1hl2dhg x16tdsg8 x1vvkbs x3nfvp2 x1j61x8r x1fcty0u xdj266r xat24cr xgzva0m xhhsvwb xxymvpz xlup9mm x1kky2od\"><img loading=\"lazy\" class=\"xz74otr x168nmei x13lgxp2 x5pf9jr xo71vjh\" src=\"https:\/\/static.xx.fbcdn.net\/images\/emoji.php\/v9\/t2\/1\/16\/1f60d.png\" alt=\"&#x1f60d;\" width=\"16\" height=\"16\"><\/span><span class=\"html-span xexx8yu x4uap5 x18d9i69 xkhd6sd x1hl2dhg x16tdsg8 x1vvkbs x3nfvp2 x1j61x8r x1fcty0u xdj266r xat24cr xgzva0m xhhsvwb xxymvpz xlup9mm x1kky2od\"><img loading=\"lazy\" class=\"xz74otr x168nmei x13lgxp2 x5pf9jr xo71vjh\" src=\"https:\/\/static.xx.fbcdn.net\/images\/emoji.php\/v9\/t38\/1\/16\/1f46b.png\" alt=\"&#x1f46b;\" width=\"16\" height=\"16\"><\/span><\/p>\n<p><a href=\"http:\/\/knjiznice.nsk.hr\/ston\/wp-content\/uploads\/sites\/12\/2025\/03\/eko-s-knjiznicom-2_optimized.jpg\"><img loading=\"lazy\" class=\"alignnone wp-image-3833\" src=\"http:\/\/knjiznice.nsk.hr\/ston\/wp-content\/uploads\/sites\/12\/2025\/03\/eko-s-knjiznicom-2_optimized-212x300.jpg\" alt=\"\" width=\"359\" height=\"508\" srcset=\"http:\/\/knjiznice.nsk.hr\/ston\/wp-content\/uploads\/sites\/12\/2025\/03\/eko-s-knjiznicom-2_optimized-212x300.jpg 212w, http:\/\/knjiznice.nsk.hr\/ston\/wp-content\/uploads\/sites\/12\/2025\/03\/eko-s-knjiznicom-2_optimized-724x1024.jpg 724w, http:\/\/knjiznice.nsk.hr\/ston\/wp-content\/uploads\/sites\/12\/2025\/03\/eko-s-knjiznicom-2_optimized-768x1086.jpg 768w, http:\/\/knjiznice.nsk.hr\/ston\/wp-content\/uploads\/sites\/12\/2025\/03\/eko-s-knjiznicom-2_optimized-600x849.jpg 600w, http:\/\/knjiznice.nsk.hr\/ston\/wp-content\/uploads\/sites\/12\/2025\/03\/eko-s-knjiznicom-2_optimized-1086x1536.jpg 1086w, http:\/\/knjiznice.nsk.hr\/ston\/wp-content\/uploads\/sites\/12\/2025\/03\/eko-s-knjiznicom-2_optimized-1448x2048.jpg 1448w, http:\/\/knjiznice.nsk.hr\/ston\/wp-content\/uploads\/sites\/12\/2025\/03\/eko-s-knjiznicom-2_optimized.jpg 1587w\" sizes=\"(max-width: 359px) 100vw, 359px\" \/><\/a><\/p>\n<p>O ovogodi\u0161njim gostima:<\/p>\n<p><strong>Martina Markov<\/strong><\/p>\n<p>Biologijnja i spisateljica, autorica serijala Pustolovine Galaba Marka po parkovima Hrvatske. &#8220;Od najranijih dana gajim ljubav prema prirodi, posebice prema moru. Iako sam odrasla u \u0160ibeniku, kao dijete sam svaki vikend i ljetne praznike provodila u raju, u Murteru, u zelenom, plavom i \u017eutom okru\u017eenju, s pogledom na rasute bisere \u2013 Kornatsko oto\u010dje. Zaljubljena u njegove boje, zvukove i mirise, nakon zavr\u0161etka studija biologije na zagreba\u010dkom Prirodoslovno-matemati\u010dkom fakultetu odlu\u010dujem se \u017eivot na tom rajskom otoku. Prvotno unutar obiteljske tvrtke, a od travnja 2021. godine unutar vlastite tvrtke Eco Edu Media d.o.o., radim na edukaciji o za\u0161titi prirode i promociji na\u0161ih za\u0161ti\u0107enih podru\u010dja. Kao biologinja koja pi\u0161e, razvijam edukativne programe za velike i male i stvaram zelene pri\u010de\u2026 Glavni lik mojih pri\u010da je galeb Marko, dru\u017eeljubiv, pustolovan i znati\u017eeljan galeb koji nas upoznaje s na\u0161im nacionalnim parkovima i parkovima prirode.&#8221; .- Martina Markov<\/p>\n<p><strong>Romana Tomi\u0107&nbsp;<\/strong><\/p>\n<p>&#8220;Romana je zaposlenikinja udruge De\u0161a Dubrovnik, ali i aktivistkinja i volonterka, posebno marna i borbena u vezi tema nasilja nad \u017eenama i klimatskih promjena, solidarna i kolegijalna, fer i hrabra, bilo da je rije\u010d o njezinoj ili tvojoj djevoj\u010dici, spremna reagirati ad hoc, zalo\u017eiti se, izlo\u017eiti, progovoriti\u2026 vje\u010dito neposlu\u0161na spram nepravde, gluposti i linije manjeg otpora\u201d &#8211; Udruga De\u0161a<\/p>\n<p><strong>Nikola \u0110ura\u010di\u0107, Natura Dalmatia<\/strong><\/p>\n<p>Obiteljski obrt koji se bavi proizvodnjom tradicionalnih pelje\u0161kih delicija, prirodne kozmetike i ru\u010dno ra\u0111enih suvenira.<\/p>\n<p>&nbsp;<\/p>\n<p>&nbsp;<\/p>\n","protected":false},"excerpt":{"rendered":"<p>Program Eko s knji\u017enicom ove godine provoditi \u0107e se od o\u017eujka do kraja lipnja. &nbsp;Namijenjen je svim dobnim skupinama s naglaskom na aktivnostima za djecu. Cilj je ovim programom podizati ekolo\u0161ku svijest zajednice te u\u010diti najmla\u0111e \u010dlanove dru\u0161tva kako \u0161titit i voliti prirodu. Veselimo se novim eko dru\u017eenjima! O ovogodi\u0161njim gostima: Martina Markov Biologijnja i [&hellip;]<\/p>\n","protected":false},"author":55,"featured_media":3833,"comment_status":"closed","ping_status":"closed","sticky":false,"template":"","format":"standard","meta":{"ngg_post_thumbnail":0},"categories":[6],"tags":[92,182,181,180,145],"yoast_head":"<!-- This site is optimized with the Yoast SEO plugin v16.4 - https:\/\/yoast.com\/wordpress\/plugins\/seo\/ -->\n<meta name=\"robots\" content=\"index, follow, max-snippet:-1, max-image-preview:large, max-video-preview:-1\" \/>\n<link rel=\"canonical\" href=\"http:\/\/knjiznice.nsk.hr\/ston\/eko-s-knjiznicom\/\" \/>\n<meta property=\"og:locale\" content=\"hr_HR\" \/>\n<meta property=\"og:type\" content=\"article\" \/>\n<meta property=\"og:title\" content=\"EKO S KNJI\u017dNICOM &ndash; Narodna knji\u017enica Ston\" \/>\n<meta property=\"og:description\" content=\"Program Eko s knji\u017enicom ove godine provoditi \u0107e se od o\u017eujka do kraja lipnja. &nbsp;Namijenjen je svim dobnim skupinama s naglaskom na aktivnostima za djecu. Cilj je ovim programom podizati ekolo\u0161ku svijest zajednice te u\u010diti najmla\u0111e \u010dlanove dru\u0161tva kako \u0161titit i voliti prirodu. Veselimo se novim eko dru\u017eenjima! O ovogodi\u0161njim gostima: Martina Markov Biologijnja i [&hellip;]\" \/>\n<meta property=\"og:url\" content=\"http:\/\/knjiznice.nsk.hr\/ston\/eko-s-knjiznicom\/\" \/>\n<meta property=\"og:site_name\" content=\"Narodna knji\u017enica Ston\" \/>\n<meta property=\"article:published_time\" content=\"2025-03-12T07:53:44+00:00\" \/>\n<meta property=\"article:modified_time\" content=\"2025-03-12T07:58:40+00:00\" \/>\n<meta property=\"og:image\" content=\"http:\/\/knjiznice.nsk.hr\/ston\/wp-content\/uploads\/sites\/12\/2025\/03\/eko-s-knjiznicom-2_optimized.jpg\" \/>\n\t<meta property=\"og:image:width\" content=\"1587\" \/>\n\t<meta property=\"og:image:height\" content=\"2245\" \/>\n<meta name=\"twitter:label1\" content=\"Procijenjeno vrijeme \u010ditanja\" \/>\n\t<meta name=\"twitter:data1\" content=\"3 minute\" \/>\n<script type=\"application\/ld+json\" class=\"yoast-schema-graph\">{\"@context\":\"https:\/\/schema.org\",\"@graph\":[{\"@type\":\"WebSite\",\"@id\":\"http:\/\/knjiznice.nsk.hr\/ston\/#website\",\"url\":\"http:\/\/knjiznice.nsk.hr\/ston\/\",\"name\":\"Narodna knji\\u017enica Ston\",\"description\":\"\",\"potentialAction\":[{\"@type\":\"SearchAction\",\"target\":\"http:\/\/knjiznice.nsk.hr\/ston\/?s={search_term_string}\",\"query-input\":\"required name=search_term_string\"}],\"inLanguage\":\"hr\"},{\"@type\":\"ImageObject\",\"@id\":\"http:\/\/knjiznice.nsk.hr\/ston\/eko-s-knjiznicom\/#primaryimage\",\"inLanguage\":\"hr\",\"url\":\"http:\/\/knjiznice.nsk.hr\/ston\/wp-content\/uploads\/sites\/12\/2025\/03\/eko-s-knjiznicom-2_optimized.jpg\",\"contentUrl\":\"http:\/\/knjiznice.nsk.hr\/ston\/wp-content\/uploads\/sites\/12\/2025\/03\/eko-s-knjiznicom-2_optimized.jpg\",\"width\":1587,\"height\":2245},{\"@type\":\"WebPage\",\"@id\":\"http:\/\/knjiznice.nsk.hr\/ston\/eko-s-knjiznicom\/#webpage\",\"url\":\"http:\/\/knjiznice.nsk.hr\/ston\/eko-s-knjiznicom\/\",\"name\":\"EKO S KNJI\\u017dNICOM &ndash; Narodna knji\\u017enica Ston\",\"isPartOf\":{\"@id\":\"http:\/\/knjiznice.nsk.hr\/ston\/#website\"},\"primaryImageOfPage\":{\"@id\":\"http:\/\/knjiznice.nsk.hr\/ston\/eko-s-knjiznicom\/#primaryimage\"},\"datePublished\":\"2025-03-12T07:53:44+00:00\",\"dateModified\":\"2025-03-12T07:58:40+00:00\",\"author\":{\"@id\":\"http:\/\/knjiznice.nsk.hr\/ston\/#\/schema\/person\/87c5116b5840886c3715f2604a6bf4fb\"},\"breadcrumb\":{\"@id\":\"http:\/\/knjiznice.nsk.hr\/ston\/eko-s-knjiznicom\/#breadcrumb\"},\"inLanguage\":\"hr\",\"potentialAction\":[{\"@type\":\"ReadAction\",\"target\":[\"http:\/\/knjiznice.nsk.hr\/ston\/eko-s-knjiznicom\/\"]}]},{\"@type\":\"BreadcrumbList\",\"@id\":\"http:\/\/knjiznice.nsk.hr\/ston\/eko-s-knjiznicom\/#breadcrumb\",\"itemListElement\":[{\"@type\":\"ListItem\",\"position\":1,\"item\":{\"@type\":\"WebPage\",\"@id\":\"http:\/\/knjiznice.nsk.hr\/ston\/\",\"url\":\"http:\/\/knjiznice.nsk.hr\/ston\/\",\"name\":\"Po\\u010detna stranica\"}},{\"@type\":\"ListItem\",\"position\":2,\"item\":{\"@id\":\"http:\/\/knjiznice.nsk.hr\/ston\/eko-s-knjiznicom\/#webpage\"}}]},{\"@type\":\"Person\",\"@id\":\"http:\/\/knjiznice.nsk.hr\/ston\/#\/schema\/person\/87c5116b5840886c3715f2604a6bf4fb\",\"name\":\"ston2\",\"image\":{\"@type\":\"ImageObject\",\"@id\":\"http:\/\/knjiznice.nsk.hr\/ston\/#personlogo\",\"inLanguage\":\"hr\",\"url\":\"http:\/\/2.gravatar.com\/avatar\/bd4d820644928144d171b2e60a3a90ec?s=96&d=mm&r=g\",\"contentUrl\":\"http:\/\/2.gravatar.com\/avatar\/bd4d820644928144d171b2e60a3a90ec?s=96&d=mm&r=g\",\"caption\":\"ston2\"},\"url\":\"http:\/\/knjiznice.nsk.hr\/ston\/\"}]}<\/script>\n<!-- \/ Yoast SEO plugin. -->","_links":{"self":[{"href":"http:\/\/knjiznice.nsk.hr\/ston\/wp-json\/wp\/v2\/posts\/3831"}],"collection":[{"href":"http:\/\/knjiznice.nsk.hr\/ston\/wp-json\/wp\/v2\/posts"}],"about":[{"href":"http:\/\/knjiznice.nsk.hr\/ston\/wp-json\/wp\/v2\/types\/post"}],"author":[{"embeddable":true,"href":"http:\/\/knjiznice.nsk.hr\/ston\/wp-json\/wp\/v2\/users\/55"}],"replies":[{"embeddable":true,"href":"http:\/\/knjiznice.nsk.hr\/ston\/wp-json\/wp\/v2\/comments?post=3831"}],"version-history":[{"count":5,"href":"http:\/\/knjiznice.nsk.hr\/ston\/wp-json\/wp\/v2\/posts\/3831\/revisions"}],"predecessor-version":[{"id":3837,"href":"http:\/\/knjiznice.nsk.hr\/ston\/wp-json\/wp\/v2\/posts\/3831\/revisions\/3837"}],"wp:featuredmedia":[{"embeddable":true,"href":"http:\/\/knjiznice.nsk.hr\/ston\/wp-json\/wp\/v2\/media\/3833"}],"wp:attachment":[{"href":"http:\/\/knjiznice.nsk.hr\/ston\/wp-json\/wp\/v2\/media?parent=3831"}],"wp:term":[{"taxonomy":"category","embeddable":true,"href":"http:\/\/knjiznice.nsk.hr\/ston\/wp-json\/wp\/v2\/categories?post=3831"},{"taxonomy":"post_tag","embeddable":true,"href":"http:\/\/knjiznice.nsk.hr\/ston\/wp-json\/wp\/v2\/tags?post=3831"}],"curies":[{"name":"wp","href":"https:\/\/api.w.org\/{rel}","templated":true}]}}