{"id":1717,"date":"2022-10-18T10:25:13","date_gmt":"2022-10-18T10:25:13","guid":{"rendered":"http:\/\/knjiznice.nsk.hr\/ston\/?p=1717"},"modified":"2022-11-02T15:36:03","modified_gmt":"2022-11-02T15:36:03","slug":"program-mjeseca-hrvatske-knjige-2022","status":"publish","type":"post","link":"http:\/\/knjiznice.nsk.hr\/ston\/program-mjeseca-hrvatske-knjige-2022\/","title":{"rendered":"Program Mjeseca hrvatske knjige 2022."},"content":{"rendered":"<div class=\"xdj266r x11i5rnm xat24cr x1mh8g0r x1vvkbs x126k92a\">\n<div dir=\"auto\">I ove godine priklju\u010dili smo se obilje\u017eavanju Mjeseca hrvatske knjige (15.10.-15.11 2022.), manifestacije kojom se promi\u010de knjiga i \u010ditanje kroz razli\u010dite programe i doga\u0111anja. Ovogodi\u0161nji Mjesec hrvatske knjige posve\u0107en je mladima jer je upravo 2022. godina progla\u0161ena Europskom godinom mladih. Temom Generacija K aludira se na postoje\u0107e podjele generacija (generacija Y, generacija Z\u2026), a stavlja naglasak na dva klju\u010dna pojma \u2013 knjigu i knji\u017enicu. Tom temom \u017eeli se skrenuti pozornost na prilagodbu knji\u017enica potrebama novih generacija, ali i ukazati na specifi\u010dna obilje\u017eja dana\u0161njih mladih \u2013 mobitel u ruci, ekolo\u0161ka osvije\u0161tenost, kao i osamljenost i zabrinutost \u2013 te istaknuti kako im knji\u017enica odnosno knjiga mo\u017ee pomo\u0107i.<\/div>\n<div dir=\"auto\">Izabran je moto Misli na sebe \u2013 \u010ditaj!<\/div>\n<div dir=\"auto\">&nbsp;<\/div>\n<div dir=\"auto\">Pokrovitelj manifestacije je Ministarstvo kulture i medija Republike Hrvatske, a organizator Knji\u017enice grada Zagreba.<\/div>\n<\/div>\n<div class=\"x11i5rnm xat24cr x1mh8g0r x1vvkbs xtlvy1s x126k92a\">\n<div dir=\"auto\">Vi\u0161e o manifestaciji Mjesec hrvatske knjige mo\u017eete pro\u010ditati<a href=\"https:\/\/www.mhk.hr\/\"> OVDJE<\/a>.<\/div>\n<div dir=\"auto\">&nbsp;<\/div>\n<\/div>\n<div class=\"x11i5rnm xat24cr x1mh8g0r x1vvkbs xtlvy1s x126k92a\">\n<div dir=\"auto\">Pripremili smo raznovrstan program kako bi korisnici svih uzrasta prona\u0161li ne\u0161to za sebe.<\/div>\n<div dir=\"auto\">U slu\u010daju promjene termina doga\u0111anja na vrijeme \u0107e te biti obavije\u0161teni.<\/div>\n<div dir=\"auto\"><a href=\"http:\/\/knjiznice.nsk.hr\/ston\/wp-content\/uploads\/sites\/12\/2022\/10\/PROGRAM-6.jpg\"><img loading=\"lazy\" class=\"alignnone wp-image-1718\" src=\"http:\/\/knjiznice.nsk.hr\/ston\/wp-content\/uploads\/sites\/12\/2022\/10\/PROGRAM-6-212x300.jpg\" alt=\"\" width=\"504\" height=\"713\" srcset=\"http:\/\/knjiznice.nsk.hr\/ston\/wp-content\/uploads\/sites\/12\/2022\/10\/PROGRAM-6-212x300.jpg 212w, http:\/\/knjiznice.nsk.hr\/ston\/wp-content\/uploads\/sites\/12\/2022\/10\/PROGRAM-6-724x1024.jpg 724w, http:\/\/knjiznice.nsk.hr\/ston\/wp-content\/uploads\/sites\/12\/2022\/10\/PROGRAM-6-768x1086.jpg 768w, http:\/\/knjiznice.nsk.hr\/ston\/wp-content\/uploads\/sites\/12\/2022\/10\/PROGRAM-6-600x849.jpg 600w, http:\/\/knjiznice.nsk.hr\/ston\/wp-content\/uploads\/sites\/12\/2022\/10\/PROGRAM-6-1086x1536.jpg 1086w, http:\/\/knjiznice.nsk.hr\/ston\/wp-content\/uploads\/sites\/12\/2022\/10\/PROGRAM-6-1448x2048.jpg 1448w, http:\/\/knjiznice.nsk.hr\/ston\/wp-content\/uploads\/sites\/12\/2022\/10\/PROGRAM-6.jpg 1587w\" sizes=\"(max-width: 504px) 100vw, 504px\" \/><\/a><\/div>\n<\/div>\n","protected":false},"excerpt":{"rendered":"<p>I ove godine priklju\u010dili smo se obilje\u017eavanju Mjeseca hrvatske knjige (15.10.-15.11 2022.), manifestacije kojom se promi\u010de knjiga i \u010ditanje kroz razli\u010dite programe i doga\u0111anja. Ovogodi\u0161nji Mjesec hrvatske knjige posve\u0107en je mladima jer je upravo 2022. godina progla\u0161ena Europskom godinom mladih. Temom Generacija K aludira se na postoje\u0107e podjele generacija (generacija Y, generacija Z\u2026), a stavlja [&hellip;]<\/p>\n","protected":false},"author":55,"featured_media":0,"comment_status":"closed","ping_status":"closed","sticky":false,"template":"","format":"standard","meta":{"ngg_post_thumbnail":0},"categories":[6],"tags":[19,32,65,35,66,70,15,38],"yoast_head":"<!-- This site is optimized with the Yoast SEO plugin v16.4 - https:\/\/yoast.com\/wordpress\/plugins\/seo\/ -->\n<meta name=\"robots\" content=\"index, follow, max-snippet:-1, max-image-preview:large, max-video-preview:-1\" \/>\n<link rel=\"canonical\" href=\"http:\/\/knjiznice.nsk.hr\/ston\/program-mjeseca-hrvatske-knjige-2022\/\" \/>\n<meta property=\"og:locale\" content=\"hr_HR\" \/>\n<meta property=\"og:type\" content=\"article\" \/>\n<meta property=\"og:title\" content=\"Program Mjeseca hrvatske knjige 2022. &ndash; Narodna knji\u017enica Ston\" \/>\n<meta property=\"og:description\" content=\"I ove godine priklju\u010dili smo se obilje\u017eavanju Mjeseca hrvatske knjige (15.10.-15.11 2022.), manifestacije kojom se promi\u010de knjiga i \u010ditanje kroz razli\u010dite programe i doga\u0111anja. Ovogodi\u0161nji Mjesec hrvatske knjige posve\u0107en je mladima jer je upravo 2022. godina progla\u0161ena Europskom godinom mladih. Temom Generacija K aludira se na postoje\u0107e podjele generacija (generacija Y, generacija Z\u2026), a stavlja [&hellip;]\" \/>\n<meta property=\"og:url\" content=\"http:\/\/knjiznice.nsk.hr\/ston\/program-mjeseca-hrvatske-knjige-2022\/\" \/>\n<meta property=\"og:site_name\" content=\"Narodna knji\u017enica Ston\" \/>\n<meta property=\"article:published_time\" content=\"2022-10-18T10:25:13+00:00\" \/>\n<meta property=\"article:modified_time\" content=\"2022-11-02T15:36:03+00:00\" \/>\n<meta property=\"og:image\" content=\"http:\/\/knjiznice.nsk.hr\/ston\/wp-content\/uploads\/sites\/12\/2022\/10\/PROGRAM-6-212x300.jpg\" \/>\n<meta name=\"twitter:label1\" content=\"Procijenjeno vrijeme \u010ditanja\" \/>\n\t<meta name=\"twitter:data1\" content=\"1 minuta\" \/>\n<script type=\"application\/ld+json\" class=\"yoast-schema-graph\">{\"@context\":\"https:\/\/schema.org\",\"@graph\":[{\"@type\":\"WebSite\",\"@id\":\"http:\/\/knjiznice.nsk.hr\/ston\/#website\",\"url\":\"http:\/\/knjiznice.nsk.hr\/ston\/\",\"name\":\"Narodna knji\\u017enica Ston\",\"description\":\"\",\"potentialAction\":[{\"@type\":\"SearchAction\",\"target\":\"http:\/\/knjiznice.nsk.hr\/ston\/?s={search_term_string}\",\"query-input\":\"required name=search_term_string\"}],\"inLanguage\":\"hr\"},{\"@type\":\"ImageObject\",\"@id\":\"http:\/\/knjiznice.nsk.hr\/ston\/program-mjeseca-hrvatske-knjige-2022\/#primaryimage\",\"inLanguage\":\"hr\",\"url\":\"http:\/\/knjiznice.nsk.hr\/ston\/wp-content\/uploads\/sites\/12\/2022\/10\/PROGRAM-6.jpg\",\"contentUrl\":\"http:\/\/knjiznice.nsk.hr\/ston\/wp-content\/uploads\/sites\/12\/2022\/10\/PROGRAM-6.jpg\",\"width\":1587,\"height\":2245},{\"@type\":\"WebPage\",\"@id\":\"http:\/\/knjiznice.nsk.hr\/ston\/program-mjeseca-hrvatske-knjige-2022\/#webpage\",\"url\":\"http:\/\/knjiznice.nsk.hr\/ston\/program-mjeseca-hrvatske-knjige-2022\/\",\"name\":\"Program Mjeseca hrvatske knjige 2022. &ndash; Narodna knji\\u017enica Ston\",\"isPartOf\":{\"@id\":\"http:\/\/knjiznice.nsk.hr\/ston\/#website\"},\"primaryImageOfPage\":{\"@id\":\"http:\/\/knjiznice.nsk.hr\/ston\/program-mjeseca-hrvatske-knjige-2022\/#primaryimage\"},\"datePublished\":\"2022-10-18T10:25:13+00:00\",\"dateModified\":\"2022-11-02T15:36:03+00:00\",\"author\":{\"@id\":\"http:\/\/knjiznice.nsk.hr\/ston\/#\/schema\/person\/87c5116b5840886c3715f2604a6bf4fb\"},\"breadcrumb\":{\"@id\":\"http:\/\/knjiznice.nsk.hr\/ston\/program-mjeseca-hrvatske-knjige-2022\/#breadcrumb\"},\"inLanguage\":\"hr\",\"potentialAction\":[{\"@type\":\"ReadAction\",\"target\":[\"http:\/\/knjiznice.nsk.hr\/ston\/program-mjeseca-hrvatske-knjige-2022\/\"]}]},{\"@type\":\"BreadcrumbList\",\"@id\":\"http:\/\/knjiznice.nsk.hr\/ston\/program-mjeseca-hrvatske-knjige-2022\/#breadcrumb\",\"itemListElement\":[{\"@type\":\"ListItem\",\"position\":1,\"item\":{\"@type\":\"WebPage\",\"@id\":\"http:\/\/knjiznice.nsk.hr\/ston\/\",\"url\":\"http:\/\/knjiznice.nsk.hr\/ston\/\",\"name\":\"Po\\u010detna stranica\"}},{\"@type\":\"ListItem\",\"position\":2,\"item\":{\"@id\":\"http:\/\/knjiznice.nsk.hr\/ston\/program-mjeseca-hrvatske-knjige-2022\/#webpage\"}}]},{\"@type\":\"Person\",\"@id\":\"http:\/\/knjiznice.nsk.hr\/ston\/#\/schema\/person\/87c5116b5840886c3715f2604a6bf4fb\",\"name\":\"ston2\",\"image\":{\"@type\":\"ImageObject\",\"@id\":\"http:\/\/knjiznice.nsk.hr\/ston\/#personlogo\",\"inLanguage\":\"hr\",\"url\":\"http:\/\/2.gravatar.com\/avatar\/bd4d820644928144d171b2e60a3a90ec?s=96&d=mm&r=g\",\"contentUrl\":\"http:\/\/2.gravatar.com\/avatar\/bd4d820644928144d171b2e60a3a90ec?s=96&d=mm&r=g\",\"caption\":\"ston2\"},\"url\":\"http:\/\/knjiznice.nsk.hr\/ston\/\"}]}<\/script>\n<!-- \/ Yoast SEO plugin. -->","_links":{"self":[{"href":"http:\/\/knjiznice.nsk.hr\/ston\/wp-json\/wp\/v2\/posts\/1717"}],"collection":[{"href":"http:\/\/knjiznice.nsk.hr\/ston\/wp-json\/wp\/v2\/posts"}],"about":[{"href":"http:\/\/knjiznice.nsk.hr\/ston\/wp-json\/wp\/v2\/types\/post"}],"author":[{"embeddable":true,"href":"http:\/\/knjiznice.nsk.hr\/ston\/wp-json\/wp\/v2\/users\/55"}],"replies":[{"embeddable":true,"href":"http:\/\/knjiznice.nsk.hr\/ston\/wp-json\/wp\/v2\/comments?post=1717"}],"version-history":[{"count":2,"href":"http:\/\/knjiznice.nsk.hr\/ston\/wp-json\/wp\/v2\/posts\/1717\/revisions"}],"predecessor-version":[{"id":1720,"href":"http:\/\/knjiznice.nsk.hr\/ston\/wp-json\/wp\/v2\/posts\/1717\/revisions\/1720"}],"wp:attachment":[{"href":"http:\/\/knjiznice.nsk.hr\/ston\/wp-json\/wp\/v2\/media?parent=1717"}],"wp:term":[{"taxonomy":"category","embeddable":true,"href":"http:\/\/knjiznice.nsk.hr\/ston\/wp-json\/wp\/v2\/categories?post=1717"},{"taxonomy":"post_tag","embeddable":true,"href":"http:\/\/knjiznice.nsk.hr\/ston\/wp-json\/wp\/v2\/tags?post=1717"}],"curies":[{"name":"wp","href":"https:\/\/api.w.org\/{rel}","templated":true}]}}