{"id":3381,"date":"2026-04-21T18:53:33","date_gmt":"2026-04-21T18:53:33","guid":{"rendered":"https:\/\/knjiznice.nsk.hr\/senj\/?p=3381"},"modified":"2026-04-21T18:53:33","modified_gmt":"2026-04-21T18:53:33","slug":"edukativni-program-moj-senj-20-4-2026-g","status":"publish","type":"post","link":"http:\/\/knjiznice.nsk.hr\/senj\/edukativni-program-moj-senj-20-4-2026-g\/","title":{"rendered":"EDUKATIVNI PROGRAM \u201eMOJ SENJ\u201c-20.4.2026.g"},"content":{"rendered":"<p>EDUKATIVNI PROGRAM \u201eMOJ SENJ\u201c<br \/>\nU sklopu proslave Dana Grada Senja u senjskoj je knji\u017enici odr\u017ean program \u201eMoj Senj\u201c. Radi se o edukativnom programu koji ve\u0107 vi\u0161e od desetlje\u0107a organiziraju senjska knji\u017enica i srednja \u0161kola, a sve Senju u \u010dast.<br \/>\nU prvom dijelu programa voditelji prof. Silvije \u0160ojat i ravnateljica senjske knji\u017enice prof. Ana Prpi\u0107 Rogi\u0107 odr\u017eali su prezentaciju NA\u0160 SENJ-NEPOZNATO O POZNATOME koja za cilj ima na opu\u0161ten i zabavan na\u010din osvijestiti \u0111ake i porazgovarati o vrijednostima i ljepotama na\u0161eg Senja te predstaviti im op\u0107epoznate pojmove o gradu na druga\u010diji, neobi\u010dan i zanimljiv na\u010din. U\u010denici su se upoznali i s manje znanim zanimljivostima i legendama vezanima uz Senj, a posebno je nagla\u0161en pojam lokalpatriotizma koji treba njegovati te kroz rije\u010di i djela \u017eivjeti.<br \/>\nU drugom dijelu programa u\u010denicima se obratila Leonida Domijan Fi\u0161ter, \u010dlanica i potpredsjednica nedavno osnovane Katedre \u010cakavskog sabora Senj. Naime, grupa entuzijasta, izvornih govornika senjske \u010dakav\u0161tine, donijela je odluku o osnivanju Katedre \u010cakavskog sabora Senj. Na osniva\u010dkoj skup\u0161tini odr\u017eanoj 25.10.2025. u povijesnoj Vili Podnehaj osnovana je  samostalna Udruga sa sjedi\u0161tem u Senju, a djelovat u suradnji s ve\u0107 postoje\u0107im Katedrama \u010dakavskih sabora te drugim ustanovama. Predsjednica Udruge je Stanka Vukeli\u0107, zamjenica je Leonida Domijan Fi\u0161ter dok Upravni odbor Katedre \u010dakavskog sabora Senj \u010dine: Dolores Gradi\u0161er, Marta Ka\u0161telan i Nera Ba\u0161i\u0107. G\u0111a.Domijan Fi\u0161ter objasnila je mladima ulogu i zna\u010daj ove Katedre, a to je o\u010duvanje i njegovanje na\u0161e senjske \u010dakav\u0161tine koja je va\u017ean dio na\u0161eg kulturnog identiteta. \u2013Ne sramite se svog \u010dakavskog i s ponosom ga govorite, i to je jedan vid lokalpatriotizma, naglasila je Leonida Domijan Fi\u0161ter.<br \/>\n-\u010culi smo danas mnogo lijepoga o na\u0161em gradu. Neke stvari smo ponovili, a neke nove i nau\u010dili. I na na\u0161 lipi \u010da, na kulu, na uskoke, na ma\u0161kare i bale..i na jo\u0161 puno toga \u0161to u njedrima \u010duva ovaj na\u0161 drevni grad budite ponosni i gdje god po\u0111ete pronesite glas o slavnom usko\u010dkom gradu pod Nehajem kojega toliko volimo, zaklju\u010dili su voditelji programa.<\/p>\n<p>Knji\u017enica zahvaljuje prof. Silviji \u0160ojatu i njegovim u\u010denicima te Katedri \u010cakavskog sabora Senj i Leonidi Domijan Fi\u0161ter na lijepoj suradnji.<\/p>\n","protected":false},"excerpt":{"rendered":"<p>EDUKATIVNI PROGRAM \u201eMOJ SENJ\u201c U sklopu proslave Dana Grada Senja u senjskoj je knji\u017enici odr\u017ean program \u201eMoj Senj\u201c. Radi se o edukativnom programu koji ve\u0107 vi\u0161e od desetlje\u0107a organiziraju senjska knji\u017enica i srednja \u0161kola, a sve Senju u \u010dast. U prvom dijelu programa voditelji prof. Silvije \u0160ojat i ravnateljica senjske knji\u017enice prof. Ana Prpi\u0107 Rogi\u0107 [&hellip;]<\/p>\n","protected":false},"author":58,"featured_media":3382,"comment_status":"closed","ping_status":"closed","sticky":false,"template":"","format":"standard","meta":{"ngg_post_thumbnail":0},"categories":[8],"tags":[],"yoast_head":"<!-- This site is optimized with the Yoast SEO plugin v16.4 - https:\/\/yoast.com\/wordpress\/plugins\/seo\/ -->\n<meta name=\"robots\" content=\"index, follow, max-snippet:-1, max-image-preview:large, max-video-preview:-1\" \/>\n<link rel=\"canonical\" href=\"http:\/\/knjiznice.nsk.hr\/senj\/edukativni-program-moj-senj-20-4-2026-g\/\" \/>\n<meta property=\"og:locale\" content=\"hr_HR\" \/>\n<meta property=\"og:type\" content=\"article\" \/>\n<meta property=\"og:title\" content=\"EDUKATIVNI PROGRAM \u201eMOJ SENJ\u201c-20.4.2026.g - Gradska knji\u017enica Senj\" \/>\n<meta property=\"og:description\" content=\"EDUKATIVNI PROGRAM \u201eMOJ SENJ\u201c U sklopu proslave Dana Grada Senja u senjskoj je knji\u017enici odr\u017ean program \u201eMoj Senj\u201c. Radi se o edukativnom programu koji ve\u0107 vi\u0161e od desetlje\u0107a organiziraju senjska knji\u017enica i srednja \u0161kola, a sve Senju u \u010dast. U prvom dijelu programa voditelji prof. Silvije \u0160ojat i ravnateljica senjske knji\u017enice prof. Ana Prpi\u0107 Rogi\u0107 [&hellip;]\" \/>\n<meta property=\"og:url\" content=\"http:\/\/knjiznice.nsk.hr\/senj\/edukativni-program-moj-senj-20-4-2026-g\/\" \/>\n<meta property=\"og:site_name\" content=\"Gradska knji\u017enica Senj\" \/>\n<meta property=\"article:publisher\" content=\"http:\/\/facebook.com\/Gradska-knji%c5%benica-SENJ\" \/>\n<meta property=\"article:published_time\" content=\"2026-04-21T18:53:33+00:00\" \/>\n<meta property=\"og:image\" content=\"http:\/\/knjiznice.nsk.hr\/senj\/wp-content\/uploads\/sites\/60\/2026\/04\/IMG-945e2145d62171f357e126514958fecf-V.jpg\" \/>\n\t<meta property=\"og:image:width\" content=\"1600\" \/>\n\t<meta property=\"og:image:height\" content=\"1200\" \/>\n<meta name=\"twitter:label1\" content=\"Procijenjeno vrijeme \u010ditanja\" \/>\n\t<meta name=\"twitter:data1\" content=\"2 minute\" \/>\n<script type=\"application\/ld+json\" class=\"yoast-schema-graph\">{\"@context\":\"https:\/\/schema.org\",\"@graph\":[{\"@type\":\"WebSite\",\"@id\":\"https:\/\/knjiznice.nsk.hr\/senj\/#website\",\"url\":\"https:\/\/knjiznice.nsk.hr\/senj\/\",\"name\":\"Gradska knji\\u017enica Senj\",\"description\":\"S vama od 1835. godine\",\"potentialAction\":[{\"@type\":\"SearchAction\",\"target\":\"https:\/\/knjiznice.nsk.hr\/senj\/?s={search_term_string}\",\"query-input\":\"required name=search_term_string\"}],\"inLanguage\":\"hr\"},{\"@type\":\"ImageObject\",\"@id\":\"http:\/\/knjiznice.nsk.hr\/senj\/edukativni-program-moj-senj-20-4-2026-g\/#primaryimage\",\"inLanguage\":\"hr\",\"url\":\"http:\/\/knjiznice.nsk.hr\/senj\/wp-content\/uploads\/sites\/60\/2026\/04\/IMG-945e2145d62171f357e126514958fecf-V.jpg\",\"contentUrl\":\"http:\/\/knjiznice.nsk.hr\/senj\/wp-content\/uploads\/sites\/60\/2026\/04\/IMG-945e2145d62171f357e126514958fecf-V.jpg\",\"width\":1600,\"height\":1200},{\"@type\":\"WebPage\",\"@id\":\"http:\/\/knjiznice.nsk.hr\/senj\/edukativni-program-moj-senj-20-4-2026-g\/#webpage\",\"url\":\"http:\/\/knjiznice.nsk.hr\/senj\/edukativni-program-moj-senj-20-4-2026-g\/\",\"name\":\"EDUKATIVNI PROGRAM \\u201eMOJ SENJ\\u201c-20.4.2026.g - Gradska knji\\u017enica Senj\",\"isPartOf\":{\"@id\":\"https:\/\/knjiznice.nsk.hr\/senj\/#website\"},\"primaryImageOfPage\":{\"@id\":\"http:\/\/knjiznice.nsk.hr\/senj\/edukativni-program-moj-senj-20-4-2026-g\/#primaryimage\"},\"datePublished\":\"2026-04-21T18:53:33+00:00\",\"dateModified\":\"2026-04-21T18:53:33+00:00\",\"author\":{\"@id\":\"https:\/\/knjiznice.nsk.hr\/senj\/#\/schema\/person\/c6b0893cdaca205d44fe2c322c042ac7\"},\"breadcrumb\":{\"@id\":\"http:\/\/knjiznice.nsk.hr\/senj\/edukativni-program-moj-senj-20-4-2026-g\/#breadcrumb\"},\"inLanguage\":\"hr\",\"potentialAction\":[{\"@type\":\"ReadAction\",\"target\":[\"http:\/\/knjiznice.nsk.hr\/senj\/edukativni-program-moj-senj-20-4-2026-g\/\"]}]},{\"@type\":\"BreadcrumbList\",\"@id\":\"http:\/\/knjiznice.nsk.hr\/senj\/edukativni-program-moj-senj-20-4-2026-g\/#breadcrumb\",\"itemListElement\":[{\"@type\":\"ListItem\",\"position\":1,\"item\":{\"@type\":\"WebPage\",\"@id\":\"https:\/\/knjiznice.nsk.hr\/senj\/\",\"url\":\"https:\/\/knjiznice.nsk.hr\/senj\/\",\"name\":\"Po\\u010detna stranica\"}},{\"@type\":\"ListItem\",\"position\":2,\"item\":{\"@id\":\"http:\/\/knjiznice.nsk.hr\/senj\/edukativni-program-moj-senj-20-4-2026-g\/#webpage\"}}]},{\"@type\":\"Person\",\"@id\":\"https:\/\/knjiznice.nsk.hr\/senj\/#\/schema\/person\/c6b0893cdaca205d44fe2c322c042ac7\",\"name\":\"senj\",\"image\":{\"@type\":\"ImageObject\",\"@id\":\"https:\/\/knjiznice.nsk.hr\/senj\/#personlogo\",\"inLanguage\":\"hr\",\"url\":\"http:\/\/2.gravatar.com\/avatar\/b00e8e1a99b5ba41772fe68c6bcfd17c?s=96&d=mm&r=g\",\"contentUrl\":\"http:\/\/2.gravatar.com\/avatar\/b00e8e1a99b5ba41772fe68c6bcfd17c?s=96&d=mm&r=g\",\"caption\":\"senj\"}}]}<\/script>\n<!-- \/ Yoast SEO plugin. -->","_links":{"self":[{"href":"http:\/\/knjiznice.nsk.hr\/senj\/wp-json\/wp\/v2\/posts\/3381"}],"collection":[{"href":"http:\/\/knjiznice.nsk.hr\/senj\/wp-json\/wp\/v2\/posts"}],"about":[{"href":"http:\/\/knjiznice.nsk.hr\/senj\/wp-json\/wp\/v2\/types\/post"}],"author":[{"embeddable":true,"href":"http:\/\/knjiznice.nsk.hr\/senj\/wp-json\/wp\/v2\/users\/58"}],"replies":[{"embeddable":true,"href":"http:\/\/knjiznice.nsk.hr\/senj\/wp-json\/wp\/v2\/comments?post=3381"}],"version-history":[{"count":1,"href":"http:\/\/knjiznice.nsk.hr\/senj\/wp-json\/wp\/v2\/posts\/3381\/revisions"}],"predecessor-version":[{"id":3383,"href":"http:\/\/knjiznice.nsk.hr\/senj\/wp-json\/wp\/v2\/posts\/3381\/revisions\/3383"}],"wp:featuredmedia":[{"embeddable":true,"href":"http:\/\/knjiznice.nsk.hr\/senj\/wp-json\/wp\/v2\/media\/3382"}],"wp:attachment":[{"href":"http:\/\/knjiznice.nsk.hr\/senj\/wp-json\/wp\/v2\/media?parent=3381"}],"wp:term":[{"taxonomy":"category","embeddable":true,"href":"http:\/\/knjiznice.nsk.hr\/senj\/wp-json\/wp\/v2\/categories?post=3381"},{"taxonomy":"post_tag","embeddable":true,"href":"http:\/\/knjiznice.nsk.hr\/senj\/wp-json\/wp\/v2\/tags?post=3381"}],"curies":[{"name":"wp","href":"https:\/\/api.w.org\/{rel}","templated":true}]}}