{"id":2185,"date":"2020-04-09T10:56:14","date_gmt":"2020-04-09T10:56:14","guid":{"rendered":"http:\/\/knjiznice.nsk.hr\/senj\/?p=2185"},"modified":"2020-04-09T10:56:14","modified_gmt":"2020-04-09T10:56:14","slug":"sretan-uskrs-dragi-nasi","status":"publish","type":"post","link":"http:\/\/knjiznice.nsk.hr\/senj\/sretan-uskrs-dragi-nasi\/","title":{"rendered":"SRETAN USKRS, DRAGI NA\u0160I!"},"content":{"rendered":"<p>SRETAN USKRS, DRAGI NA\u0160I!<br \/>\nDragim korisnicima, suradnicima i prijateljima od srca \u017eelimo sretan Uskrs! Neka nam svima donese obilje zdravlja i svakoga dobra!<br \/>\nUz \u017eelju da se ova nevolja i kriza \u010dim prije zavr\u0161i i da se uskoro opet vidimo, srda\u010dno vas pozdravljaju djelatnici Gradske knji\u017enice Senj.<\/p>\n","protected":false},"excerpt":{"rendered":"<p>SRETAN USKRS, DRAGI NA\u0160I! Dragim korisnicima, suradnicima i prijateljima od srca \u017eelimo sretan Uskrs! Neka nam svima donese obilje zdravlja i svakoga dobra! Uz \u017eelju da se ova nevolja i kriza \u010dim prije zavr\u0161i i da se uskoro opet vidimo, srda\u010dno vas pozdravljaju djelatnici Gradske knji\u017enice Senj.<\/p>\n","protected":false},"author":58,"featured_media":2186,"comment_status":"closed","ping_status":"closed","sticky":false,"template":"","format":"standard","meta":{"ngg_post_thumbnail":0},"categories":[8],"tags":[],"yoast_head":"<!-- This site is optimized with the Yoast SEO plugin v16.4 - https:\/\/yoast.com\/wordpress\/plugins\/seo\/ -->\n<meta name=\"robots\" content=\"index, follow, max-snippet:-1, max-image-preview:large, max-video-preview:-1\" \/>\n<link rel=\"canonical\" href=\"http:\/\/knjiznice.nsk.hr\/senj\/sretan-uskrs-dragi-nasi\/\" \/>\n<meta property=\"og:locale\" content=\"hr_HR\" \/>\n<meta property=\"og:type\" content=\"article\" \/>\n<meta property=\"og:title\" content=\"SRETAN USKRS, DRAGI NA\u0160I! - Gradska knji\u017enica Senj\" \/>\n<meta property=\"og:description\" content=\"SRETAN USKRS, DRAGI NA\u0160I! Dragim korisnicima, suradnicima i prijateljima od srca \u017eelimo sretan Uskrs! Neka nam svima donese obilje zdravlja i svakoga dobra! Uz \u017eelju da se ova nevolja i kriza \u010dim prije zavr\u0161i i da se uskoro opet vidimo, srda\u010dno vas pozdravljaju djelatnici Gradske knji\u017enice Senj.\" \/>\n<meta property=\"og:url\" content=\"http:\/\/knjiznice.nsk.hr\/senj\/sretan-uskrs-dragi-nasi\/\" \/>\n<meta property=\"og:site_name\" content=\"Gradska knji\u017enica Senj\" \/>\n<meta property=\"article:publisher\" content=\"http:\/\/facebook.com\/Gradska-knji%c5%benica-SENJ\" \/>\n<meta property=\"article:published_time\" content=\"2020-04-09T10:56:14+00:00\" \/>\n<meta property=\"og:image\" content=\"http:\/\/knjiznice.nsk.hr\/senj\/wp-content\/uploads\/sites\/60\/2020\/04\/9584_1049028738524238_8914487180486872797_n.jpg\" \/>\n\t<meta property=\"og:image:width\" content=\"960\" \/>\n\t<meta property=\"og:image:height\" content=\"720\" \/>\n<script type=\"application\/ld+json\" class=\"yoast-schema-graph\">{\"@context\":\"https:\/\/schema.org\",\"@graph\":[{\"@type\":\"WebSite\",\"@id\":\"https:\/\/knjiznice.nsk.hr\/senj\/#website\",\"url\":\"https:\/\/knjiznice.nsk.hr\/senj\/\",\"name\":\"Gradska knji\\u017enica Senj\",\"description\":\"S vama od 1835. godine\",\"potentialAction\":[{\"@type\":\"SearchAction\",\"target\":\"https:\/\/knjiznice.nsk.hr\/senj\/?s={search_term_string}\",\"query-input\":\"required name=search_term_string\"}],\"inLanguage\":\"hr\"},{\"@type\":\"ImageObject\",\"@id\":\"http:\/\/knjiznice.nsk.hr\/senj\/sretan-uskrs-dragi-nasi\/#primaryimage\",\"inLanguage\":\"hr\",\"url\":\"http:\/\/knjiznice.nsk.hr\/senj\/wp-content\/uploads\/sites\/60\/2020\/04\/9584_1049028738524238_8914487180486872797_n.jpg\",\"contentUrl\":\"http:\/\/knjiznice.nsk.hr\/senj\/wp-content\/uploads\/sites\/60\/2020\/04\/9584_1049028738524238_8914487180486872797_n.jpg\",\"width\":960,\"height\":720},{\"@type\":\"WebPage\",\"@id\":\"http:\/\/knjiznice.nsk.hr\/senj\/sretan-uskrs-dragi-nasi\/#webpage\",\"url\":\"http:\/\/knjiznice.nsk.hr\/senj\/sretan-uskrs-dragi-nasi\/\",\"name\":\"SRETAN USKRS, DRAGI NA\\u0160I! - Gradska knji\\u017enica Senj\",\"isPartOf\":{\"@id\":\"https:\/\/knjiznice.nsk.hr\/senj\/#website\"},\"primaryImageOfPage\":{\"@id\":\"http:\/\/knjiznice.nsk.hr\/senj\/sretan-uskrs-dragi-nasi\/#primaryimage\"},\"datePublished\":\"2020-04-09T10:56:14+00:00\",\"dateModified\":\"2020-04-09T10:56:14+00:00\",\"author\":{\"@id\":\"https:\/\/knjiznice.nsk.hr\/senj\/#\/schema\/person\/c6b0893cdaca205d44fe2c322c042ac7\"},\"breadcrumb\":{\"@id\":\"http:\/\/knjiznice.nsk.hr\/senj\/sretan-uskrs-dragi-nasi\/#breadcrumb\"},\"inLanguage\":\"hr\",\"potentialAction\":[{\"@type\":\"ReadAction\",\"target\":[\"http:\/\/knjiznice.nsk.hr\/senj\/sretan-uskrs-dragi-nasi\/\"]}]},{\"@type\":\"BreadcrumbList\",\"@id\":\"http:\/\/knjiznice.nsk.hr\/senj\/sretan-uskrs-dragi-nasi\/#breadcrumb\",\"itemListElement\":[{\"@type\":\"ListItem\",\"position\":1,\"item\":{\"@type\":\"WebPage\",\"@id\":\"https:\/\/knjiznice.nsk.hr\/senj\/\",\"url\":\"https:\/\/knjiznice.nsk.hr\/senj\/\",\"name\":\"Po\\u010detna stranica\"}},{\"@type\":\"ListItem\",\"position\":2,\"item\":{\"@id\":\"http:\/\/knjiznice.nsk.hr\/senj\/sretan-uskrs-dragi-nasi\/#webpage\"}}]},{\"@type\":\"Person\",\"@id\":\"https:\/\/knjiznice.nsk.hr\/senj\/#\/schema\/person\/c6b0893cdaca205d44fe2c322c042ac7\",\"name\":\"senj\",\"image\":{\"@type\":\"ImageObject\",\"@id\":\"https:\/\/knjiznice.nsk.hr\/senj\/#personlogo\",\"inLanguage\":\"hr\",\"url\":\"http:\/\/2.gravatar.com\/avatar\/b00e8e1a99b5ba41772fe68c6bcfd17c?s=96&d=mm&r=g\",\"contentUrl\":\"http:\/\/2.gravatar.com\/avatar\/b00e8e1a99b5ba41772fe68c6bcfd17c?s=96&d=mm&r=g\",\"caption\":\"senj\"}}]}<\/script>\n<!-- \/ Yoast SEO plugin. -->","_links":{"self":[{"href":"http:\/\/knjiznice.nsk.hr\/senj\/wp-json\/wp\/v2\/posts\/2185"}],"collection":[{"href":"http:\/\/knjiznice.nsk.hr\/senj\/wp-json\/wp\/v2\/posts"}],"about":[{"href":"http:\/\/knjiznice.nsk.hr\/senj\/wp-json\/wp\/v2\/types\/post"}],"author":[{"embeddable":true,"href":"http:\/\/knjiznice.nsk.hr\/senj\/wp-json\/wp\/v2\/users\/58"}],"replies":[{"embeddable":true,"href":"http:\/\/knjiznice.nsk.hr\/senj\/wp-json\/wp\/v2\/comments?post=2185"}],"version-history":[{"count":1,"href":"http:\/\/knjiznice.nsk.hr\/senj\/wp-json\/wp\/v2\/posts\/2185\/revisions"}],"predecessor-version":[{"id":2187,"href":"http:\/\/knjiznice.nsk.hr\/senj\/wp-json\/wp\/v2\/posts\/2185\/revisions\/2187"}],"wp:featuredmedia":[{"embeddable":true,"href":"http:\/\/knjiznice.nsk.hr\/senj\/wp-json\/wp\/v2\/media\/2186"}],"wp:attachment":[{"href":"http:\/\/knjiznice.nsk.hr\/senj\/wp-json\/wp\/v2\/media?parent=2185"}],"wp:term":[{"taxonomy":"category","embeddable":true,"href":"http:\/\/knjiznice.nsk.hr\/senj\/wp-json\/wp\/v2\/categories?post=2185"},{"taxonomy":"post_tag","embeddable":true,"href":"http:\/\/knjiznice.nsk.hr\/senj\/wp-json\/wp\/v2\/tags?post=2185"}],"curies":[{"name":"wp","href":"https:\/\/api.w.org\/{rel}","templated":true}]}}